{"id":9993,"date":"2025-09-08T12:03:38","date_gmt":"2025-09-08T10:03:38","guid":{"rendered":"https:\/\/contratacion.almunecar.es\/?p=9993"},"modified":"2026-04-17T13:28:18","modified_gmt":"2026-04-17T11:28:18","slug":"expte-47b-2025-gest-5114-2025-suministro-e-instalacion-de-5-cinco-puertas-tematizadas-para-cada-una-de-las-playas-de-almunecar-y-la-herradura-asi-como-el-suministro-de-letras-corporativas-alm","status":"publish","type":"post","link":"https:\/\/contratacion.almunecar.es\/?p=9993","title":{"rendered":"EXPTE. 47B\/2025 (GEST 5114\/2025): SUMINISTRO E INSTALACI\u00d3N DE (5) CINCO PUERTAS TEMATIZADAS PARA CADA UNA DE LAS PLAYAS DE ALMU\u00d1\u00c9CAR Y LA HERRADURA, AS\u00cd COMO EL SUMINISTRO DE LETRAS CORPORATIVAS \u00abALMU\u00d1\u00c9CAR\u00bb. FINANCIACI\u00d3N UE \u2013 PSTD ASOCIADO AL \u201cPLAN DE RECUPERACI\u00d3N TRANSFORMACI\u00d3N Y RESILIENCIA\u201d."},"content":{"rendered":"<p>08\/09\/2025 <a href=\"https:\/\/contratacion.almunecar.es\/wp-content\/uploads\/2025\/09\/NECESIDAD-DEL-SERVICIO-Y-AUSENCIA-DE-MEDIOS-PROPIOS-PUERTAS-TEMATICAS.pdf\">NECESIDAD DEL SERVICIO Y AUSENCIA DE MEDIOS PROPIOS PUERTAS TEMATICAS<\/a><\/p>\n<p>08\/09\/2025 <a href=\"https:\/\/contratacion.almunecar.es\/wp-content\/uploads\/2025\/09\/MEMORIA-JUSTIFICATIVA.pdf\">MEMORIA JUSTIFICATIVA<\/a><\/p>\n<p>08\/09\/2025 <a href=\"https:\/\/contratacion.almunecar.es\/wp-content\/uploads\/2025\/09\/PPTP-PUERTAS-TEMATICAS-Y-LETRAS.pdf\">PPTP PUERTAS TEMATICAS Y LETRAS<\/a><\/p>\n<p>08\/09\/2025 <a href=\"https:\/\/contratacion.almunecar.es\/wp-content\/uploads\/2025\/09\/PCAP-SUMINISTRO-E-INSTALACION-PUERTAS-TEMATICAS.pdf\">PCAP SUMINISTRO E INSTALACION PUERTAS TEMATICAS<\/a><\/p>\n<p>08\/09\/2025 <a href=\"https:\/\/contratacion.almunecar.es\/wp-content\/uploads\/2025\/09\/RA-APROB-E-INICIO-NUEVO-EXPTE-SUM-E-INSTAL-5-PUERTAS-TEMATICAS.pdf\">RA APROB E INICIO NUEVO EXPTE SUM E INSTAL 5 PUERTAS TEMATICAS<\/a><\/p>\n<p>08\/09\/2025 <a href=\"https:\/\/contratacion.almunecar.es\/wp-content\/uploads\/2025\/09\/PLACSP-ANUNCIO-LICITACION-NUEVO-EXPTE-SUM-E-INSTAL-5-PUERTAS-TEMATICAS.pdf\">PLACSP &#8211; ANUNCIO LICITACION NUEVO EXPTE SUM E INSTAL 5 PUERTAS TEMATICAS<\/a><\/p>\n<p>08\/09\/2025 <a href=\"https:\/\/contratacion.almunecar.es\/wp-content\/uploads\/2025\/09\/PLACSP-DOCUMENTO-DE-PLIEGOS-NUEVO-EXPTE-SUM-E-INSTAL-5-PUERTAS-TEMATICAS.pdf\">PLACSP &#8211; DOCUMENTO DE PLIEGOS NUEVO EXPTE SUM E INSTAL 5 PUERTAS TEMATICAS<\/a><\/p>\n<p>Las <u>ofertas<\/u>\u00a0habr\u00e1n de presentarse a trav\u00e9s de <u>la Herramienta de Preparaci\u00f3n y Presentaci\u00f3n de Ofertas de la Plataforma de Contrataci\u00f3n del Sector P\u00fablico<\/u>, y <u>hasta el 23\/09\/2025, 11:00 horas<\/u>.<\/p>\n<p>Enlace a la licitaci\u00f3n:<\/p>\n<p><a href=\"https:\/\/contrataciondelestado.es\/wps\/poc?uri=deeplink%3Adetalle_licitacion&amp;idEvl=aWQwrwEbZdTVGIpKDxgsAQ%3D%3D\">https:\/\/contrataciondelestado.es\/wps\/poc?uri=deeplink%3Adetalle_licitacion&amp;idEvl=aWQwrwEbZdTVGIpKDxgsAQ%3D%3D<\/a><\/p>\n<p>22\/09\/2025 <a href=\"https:\/\/contratacion.almunecar.es\/wp-content\/uploads\/2025\/07\/CITACION-MESA-DE-CONTRATACION-2025-09-25.pdf\">CITACION MESA DE CONTRATACION 2025-09-25<\/a><\/p>\n<p>17\/10\/2025 <a href=\"https:\/\/contratacion.almunecar.es\/wp-content\/uploads\/2025\/07\/ACTA-MESA-DE-CONTRATACION-2025-09-25.pdf\">ACTA MESA DE CONTRATACION 2025-09-25<\/a><\/p>\n<p>24\/10\/2025 <a href=\"https:\/\/contratacion.almunecar.es\/wp-content\/uploads\/2025\/09\/RA-ADJUDICACION-SUM-E-INSTAL-5-PUERTAS-TEMATICAS-PLAYAS.pdf\">RA ADJUDICACION SUM E INSTAL 5 PUERTAS TEMATICAS PLAYAS<\/a><\/p>\n<p>24\/10\/2025 <a href=\"https:\/\/contratacion.almunecar.es\/wp-content\/uploads\/2025\/09\/PLACSP-ADJUDICACION-SUM-E-INSTAL-5-PUERTAS-TEMATICAS-PLAYAS.pdf\">PLACSP &#8211; ADJUDICACION SUM E INSTAL 5 PUERTAS TEMATICAS PLAYAS<\/a><\/p>\n<p>27\/10\/2025 <a href=\"https:\/\/contratacion.almunecar.es\/wp-content\/uploads\/2025\/09\/PLACSP-FORMALIZACION-CONTRATO-PUERTAS-TEMATICAS-PLAYAS.pdf\">PLACSP &#8211; FORMALIZACI\u00d3N CONTRATO PUERTAS TEM\u00c1TICAS PLAYAS<\/a><\/p>\n<p>&nbsp;<\/p>\n<p>&nbsp;<\/p>\n","protected":false},"excerpt":{"rendered":"<p>08\/09\/2025 NECESIDAD DEL SERVICIO Y AUSENCIA DE MEDIOS PROPIOS PUERTAS TEMATICAS 08\/09\/2025 MEMORIA JUSTIFICATIVA 08\/09\/2025 PPTP PUERTAS TEMATICAS Y LETRAS 08\/09\/2025 PCAP SUMINISTRO E INSTALACION PUERTAS TEMATICAS 08\/09\/2025 RA APROB E INICIO NUEVO EXPTE SUM E INSTAL 5 PUERTAS TEMATICAS 08\/09\/2025 PLACSP &#8211; ANUNCIO LICITACION NUEVO EXPTE SUM E INSTAL 5 PUERTAS TEMATICAS 08\/09\/2025 PLACSP&hellip; <br \/> <a class=\"button small blue\" href=\"https:\/\/contratacion.almunecar.es\/?p=9993\">Leer m\u00e1s<\/a><\/p>\n","protected":false},"author":5,"featured_media":0,"comment_status":"closed","ping_status":"closed","sticky":false,"template":"","format":"standard","meta":{"_acf_changed":false,"footnotes":""},"categories":[5,3,7,12,4],"tags":[],"class_list":["post-9993","post","type-post","status-publish","format-standard","hentry","category-adjudicacion_final","category-anuncio","category-formalizacion","category-formalizacion-de-contrato","category-licitacion"],"acf":[],"_links":{"self":[{"href":"https:\/\/contratacion.almunecar.es\/index.php?rest_route=\/wp\/v2\/posts\/9993","targetHints":{"allow":["GET"]}}],"collection":[{"href":"https:\/\/contratacion.almunecar.es\/index.php?rest_route=\/wp\/v2\/posts"}],"about":[{"href":"https:\/\/contratacion.almunecar.es\/index.php?rest_route=\/wp\/v2\/types\/post"}],"author":[{"embeddable":true,"href":"https:\/\/contratacion.almunecar.es\/index.php?rest_route=\/wp\/v2\/users\/5"}],"replies":[{"embeddable":true,"href":"https:\/\/contratacion.almunecar.es\/index.php?rest_route=%2Fwp%2Fv2%2Fcomments&post=9993"}],"version-history":[{"count":8,"href":"https:\/\/contratacion.almunecar.es\/index.php?rest_route=\/wp\/v2\/posts\/9993\/revisions"}],"predecessor-version":[{"id":11088,"href":"https:\/\/contratacion.almunecar.es\/index.php?rest_route=\/wp\/v2\/posts\/9993\/revisions\/11088"}],"wp:attachment":[{"href":"https:\/\/contratacion.almunecar.es\/index.php?rest_route=%2Fwp%2Fv2%2Fmedia&parent=9993"}],"wp:term":[{"taxonomy":"category","embeddable":true,"href":"https:\/\/contratacion.almunecar.es\/index.php?rest_route=%2Fwp%2Fv2%2Fcategories&post=9993"},{"taxonomy":"post_tag","embeddable":true,"href":"https:\/\/contratacion.almunecar.es\/index.php?rest_route=%2Fwp%2Fv2%2Ftags&post=9993"}],"curies":[{"name":"wp","href":"https:\/\/api.w.org\/{rel}","templated":true}]}}