{"id":9940,"date":"2025-08-26T11:43:45","date_gmt":"2025-08-26T09:43:45","guid":{"rendered":"https:\/\/contratacion.almunecar.es\/?p=9940"},"modified":"2025-11-17T12:35:41","modified_gmt":"2025-11-17T10:35:41","slug":"expte-55-2025-gest-5244-2025-obras-de-mejora-de-pavimento-y-drenaje-del-camino-de-cantarrijan-en-el-termino-municipal-de-almunecar","status":"publish","type":"post","link":"https:\/\/contratacion.almunecar.es\/?p=9940","title":{"rendered":"EXPTE. 55\/2025 (GEST 5244\/2025): OBRAS DE MEJORA DE PAVIMENTO Y DRENAJE DEL CAMINO DE CANTARRIJ\u00c1N, EN EL T\u00c9RMINO MUNICIPAL DE ALMU\u00d1\u00c9CAR."},"content":{"rendered":"<p>26\/08\/2025 <a href=\"https:\/\/contratacion.almunecar.es\/wp-content\/uploads\/2025\/08\/INFORME-NECESIDAD-Y-NO-LOTES-OBRAS-CAMINO-CANTARRIJAN.pdf\">INFORME NECESIDAD Y NO LOTES OBRAS CAMINO CANTARRIJAN<\/a><\/p>\n<p>26\/08\/2025 <a href=\"https:\/\/contratacion.almunecar.es\/wp-content\/uploads\/2025\/08\/MEMORIA-JUSTIFICATIVA-OBRAS-CAMINO-CANTARRIJAN.pdf\">MEMORIA JUSTIFICATIVA OBRAS CAMINO CANTARRIJAN<\/a><\/p>\n<p>26\/08\/2025 <a href=\"https:\/\/contratacion.almunecar.es\/wp-content\/uploads\/2025\/08\/PPTP-OBRAS-CAMINO-CANTARRIJAN.pdf\">PPTP OBRAS CAMINO CANTARRIJAN<\/a><\/p>\n<p>26\/08\/2025 <a href=\"https:\/\/contratacion.almunecar.es\/wp-content\/uploads\/2025\/08\/PCAP-OBRAS-CAMINO-CANTARRIJAN.pdf\">PCAP OBRAS CAMINO CANTARRIJAN<\/a><\/p>\n<p>26\/08\/2025 <a href=\"https:\/\/contratacion.almunecar.es\/wp-content\/uploads\/2025\/08\/RA-APROB-E-INICIO-EXPTE-OBRAS-CAMINO-CANTARRIJAN.pdf\">RA APROB E INICIO EXPTE OBRAS CAMINO CANTARRIJAN<\/a><\/p>\n<p>26\/08\/2025 <a href=\"https:\/\/contratacion.almunecar.es\/wp-content\/uploads\/2025\/08\/PLACSP-ANUNCIO-DE-LICITACION-EXPTE-OBRAS-CAMINO-CANTARRIJAN.pdf\">PLACSP &#8211; ANUNCIO DE LICITACION EXPTE OBRAS CAMINO CANTARRIJAN<\/a><\/p>\n<p>26\/08\/2025 <a href=\"https:\/\/contratacion.almunecar.es\/wp-content\/uploads\/2025\/08\/PLACSP-DOCUMENTO-DE-PLIEGOS-EXPTE-OBRAS-CAMINO-CANTARRIJAN.pdf\">PLACSP &#8211; DOCUMENTO DE PLIEGOS EXPTE OBRAS CAMINO CANTARRIJAN<\/a><\/p>\n<p>Las <u>ofertas<\/u>\u00a0habr\u00e1n de presentarse a trav\u00e9s de <u>la Herramienta de Preparaci\u00f3n y Presentaci\u00f3n de Ofertas de la Plataforma de Contrataci\u00f3n del Sector P\u00fablico<\/u>, y <u>hasta el 16\/09\/2025, 11:00 horas<\/u>.<\/p>\n<p>Enlace a la licitaci\u00f3n:<\/p>\n<p><a href=\"https:\/\/contrataciondelestado.es\/wps\/poc?uri=deeplink%3Adetalle_licitacion&amp;idEvl=hkQV1TaSEAdSYrkJkLlFdw%3D%3D\">https:\/\/contrataciondelestado.es\/wps\/poc?uri=deeplink%3Adetalle_licitacion&amp;idEvl=hkQV1TaSEAdSYrkJkLlFdw%3D%3D<\/a><\/p>\n<p>22\/09\/2025 <a href=\"https:\/\/contratacion.almunecar.es\/wp-content\/uploads\/2025\/07\/CITACION-MESA-DE-CONTRATACION-2025-09-25.pdf\">CITACION MESA DE CONTRATACION 2025-09-25<\/a><\/p>\n<p>17\/10\/2025 <a href=\"https:\/\/contratacion.almunecar.es\/wp-content\/uploads\/2025\/07\/ACTA-MESA-DE-CONTRATACION-2025-09-25.pdf\">ACTA MESA DE CONTRATACION 2025-09-25<\/a><\/p>\n<p>21\/10\/2025 <a href=\"https:\/\/contratacion.almunecar.es\/wp-content\/uploads\/2025\/08\/RA-REQUER-DOC-OBRAS-CAMINO-DE-CANTARRIJAN.pdf\">RA REQUER DOC OBRAS CAMINO DE CANTARRIJAN<\/a><\/p>\n<p>21\/10\/2025 <a href=\"https:\/\/contratacion.almunecar.es\/wp-content\/uploads\/2025\/08\/PLACSP-REQUER-DOC-OBRAS-CAMINO-DE-CANTARRIJAN-VIALES-PROGRESO.pdf\">PLACSP &#8211; REQUER DOC OBRAS CAMINO DE CANTARRIJAN &#8211; VIALES PROGRESO<\/a><\/p>\n<p>10\/11\/2025 <a href=\"https:\/\/contratacion.almunecar.es\/wp-content\/uploads\/2025\/08\/RA-ADJUDICACION-OBRAS-CAMINO-CANTARRIJAN.pdf\">RA ADJUDICACION OBRAS CAMINO CANTARRIJAN<\/a><\/p>\n<p>10\/11\/2025 <a href=\"https:\/\/contratacion.almunecar.es\/wp-content\/uploads\/2025\/08\/PLACSP-ADJUDICACION-OBRAS-CAMINO-CANTARRIJAN.pdf\">PLACSP &#8211; ADJUDICACION OBRAS CAMINO CANTARRIJAN<\/a><\/p>\n<p>17\/11\/2025 <a href=\"https:\/\/contratacion.almunecar.es\/wp-content\/uploads\/2025\/08\/PLACSP-FORMALIZACION-OBRAS-CAMINO-CANTARRIJAN.pdf\">PLACSP &#8211; FORMALIZACI\u00d3N OBRAS CAMINO CANTARRIJ\u00c1N<\/a><\/p>\n<p>&nbsp;<\/p>\n<p>&nbsp;<\/p>\n","protected":false},"excerpt":{"rendered":"<p>26\/08\/2025 INFORME NECESIDAD Y NO LOTES OBRAS CAMINO CANTARRIJAN 26\/08\/2025 MEMORIA JUSTIFICATIVA OBRAS CAMINO CANTARRIJAN 26\/08\/2025 PPTP OBRAS CAMINO CANTARRIJAN 26\/08\/2025 PCAP OBRAS CAMINO CANTARRIJAN 26\/08\/2025 RA APROB E INICIO EXPTE OBRAS CAMINO CANTARRIJAN 26\/08\/2025 PLACSP &#8211; ANUNCIO DE LICITACION EXPTE OBRAS CAMINO CANTARRIJAN 26\/08\/2025 PLACSP &#8211; DOCUMENTO DE PLIEGOS EXPTE OBRAS CAMINO CANTARRIJAN Las&hellip; <br \/> <a class=\"button small blue\" href=\"https:\/\/contratacion.almunecar.es\/?p=9940\">Leer m\u00e1s<\/a><\/p>\n","protected":false},"author":5,"featured_media":0,"comment_status":"closed","ping_status":"closed","sticky":false,"template":"","format":"standard","meta":{"_acf_changed":false,"footnotes":""},"categories":[5,3,7,12,4],"tags":[],"class_list":["post-9940","post","type-post","status-publish","format-standard","hentry","category-adjudicacion_final","category-anuncio","category-formalizacion","category-formalizacion-de-contrato","category-licitacion"],"acf":[],"_links":{"self":[{"href":"https:\/\/contratacion.almunecar.es\/index.php?rest_route=\/wp\/v2\/posts\/9940","targetHints":{"allow":["GET"]}}],"collection":[{"href":"https:\/\/contratacion.almunecar.es\/index.php?rest_route=\/wp\/v2\/posts"}],"about":[{"href":"https:\/\/contratacion.almunecar.es\/index.php?rest_route=\/wp\/v2\/types\/post"}],"author":[{"embeddable":true,"href":"https:\/\/contratacion.almunecar.es\/index.php?rest_route=\/wp\/v2\/users\/5"}],"replies":[{"embeddable":true,"href":"https:\/\/contratacion.almunecar.es\/index.php?rest_route=%2Fwp%2Fv2%2Fcomments&post=9940"}],"version-history":[{"count":7,"href":"https:\/\/contratacion.almunecar.es\/index.php?rest_route=\/wp\/v2\/posts\/9940\/revisions"}],"predecessor-version":[{"id":10437,"href":"https:\/\/contratacion.almunecar.es\/index.php?rest_route=\/wp\/v2\/posts\/9940\/revisions\/10437"}],"wp:attachment":[{"href":"https:\/\/contratacion.almunecar.es\/index.php?rest_route=%2Fwp%2Fv2%2Fmedia&parent=9940"}],"wp:term":[{"taxonomy":"category","embeddable":true,"href":"https:\/\/contratacion.almunecar.es\/index.php?rest_route=%2Fwp%2Fv2%2Fcategories&post=9940"},{"taxonomy":"post_tag","embeddable":true,"href":"https:\/\/contratacion.almunecar.es\/index.php?rest_route=%2Fwp%2Fv2%2Ftags&post=9940"}],"curies":[{"name":"wp","href":"https:\/\/api.w.org\/{rel}","templated":true}]}}