{"id":9900,"date":"2025-08-20T10:26:01","date_gmt":"2025-08-20T08:26:01","guid":{"rendered":"https:\/\/contratacion.almunecar.es\/?p=9900"},"modified":"2025-11-10T12:29:17","modified_gmt":"2025-11-10T10:29:17","slug":"expte-99-2025-gest-8857-2025-suministro-mediante-renting-de-cesped-artificial-para-el-estadio-de-futbol-las-tejas-en-la-herradura-almunecar","status":"publish","type":"post","link":"https:\/\/contratacion.almunecar.es\/?p=9900","title":{"rendered":"Expte. 99\/2025 (Gest 8857\/2025). Suministro mediante renting de c\u00e9sped artificial para el Estadio de f\u00fatbol \u00abLas Tejas\u00bb en La Herradura, Almu\u00f1\u00e9car."},"content":{"rendered":"<p>20\/08\/2025 <a href=\"https:\/\/contratacion.almunecar.es\/wp-content\/uploads\/2025\/08\/INFORME-DE-NECESIDAD-SUSTITUCION-CESPED-ARTIFICIAL-LAS-TEJAS.pdf\">INFORME DE NECESIDAD SUSTITUCION CESPED ARTIFICIAL LAS TEJAS<\/a><\/p>\n<p>20\/08\/2025 <a href=\"https:\/\/contratacion.almunecar.es\/wp-content\/uploads\/2025\/08\/JUSTIFICACION-NO-DIVISION-EN-LOTES.pdf\">JUSTIFICACION NO DIVISION EN LOTES<\/a><\/p>\n<p>20\/08\/2025 <a href=\"https:\/\/contratacion.almunecar.es\/wp-content\/uploads\/2025\/08\/MEMORIA-JUSTIFICATIVA-3.pdf\">MEMORIA JUSTIFICATIVA<\/a><\/p>\n<p>20\/08\/2025 <a href=\"https:\/\/contratacion.almunecar.es\/wp-content\/uploads\/2025\/08\/PLIEGO-TECNICO-SUMINISTRO-CESPED-ARTIFICIAL-LAS-TEJAS-RENTING.pdf\">PLIEGO TECNICO SUMINISTRO CESPED ARTIFICIAL LAS TEJAS &#8211; RENTING<\/a><\/p>\n<p>20\/08\/2025 <a href=\"https:\/\/contratacion.almunecar.es\/wp-content\/uploads\/2025\/08\/PLIEGO-ADMINISTRATIVO-SUMINISTRO-CESPED-ARTIFICIAL-LAS-TEJAS.pdf\">PLIEGO ADMINISTRATIVO SUMINISTRO CESPED ARTIFICIAL LAS TEJAS<\/a><\/p>\n<p>20\/08\/2025 <a href=\"https:\/\/contratacion.almunecar.es\/wp-content\/uploads\/2025\/08\/RA-APROB-E-INICIO-EXPTE-RENTING-CESPED-ESTADIO-LAS-TEJAS.pdf\">RA APROB E INICIO EXPTE RENTING CESPED ESTADIO LAS TEJAS<\/a><\/p>\n<p>20\/08\/2025 <a href=\"https:\/\/contratacion.almunecar.es\/wp-content\/uploads\/2025\/08\/DOUE-LICITACION-RENTING-CESPED-LAS-TEJAS.pdf\">DOUE &#8211; LICITACI\u00d3N RENTING C\u00c9SPED LAS TEJAS<\/a><\/p>\n<p>20\/08\/2025 <a href=\"https:\/\/contratacion.almunecar.es\/wp-content\/uploads\/2025\/08\/PLACSP-LICITACION-RENTING-CESPED-LAS-TEJAS.pdf\">PLACSP &#8211; LICITACI\u00d3N RENTING C\u00c9SPED LAS TEJAS<\/a><\/p>\n<p>20\/08\/2025 <a href=\"https:\/\/contratacion.almunecar.es\/wp-content\/uploads\/2025\/08\/PLACSP-DOCUMENTO-PLIEGOS-RENTING-CESPED-LAS-TEJAS.pdf\">PLACSP &#8211; DOCUMENTO PLIEGOS RENTING C\u00c9SPED LAS TEJAS<\/a><\/p>\n<p>Las ofertas podr\u00e1n presentarse hasta el d\u00eda 19.09.2025, a las 11:00 horas. Para m\u00e1s informaci\u00f3n y presentaci\u00f3n de ofertas: <a href=\"https:\/\/contrataciondelestado.es\/wps\/poc?uri=deeplink%3Adetalle_licitacion&amp;idEvl=YA%2BdVe4JThO8ebB%2FXTwy0A%3D%3D\">click aqu\u00ed<\/a><\/p>\n<p>04\/09\/2025 <a href=\"https:\/\/contratacion.almunecar.es\/wp-content\/uploads\/2025\/08\/RA-ERROR-PCAP-SUBCONTRATACION-EXPTE-CESPED-LAS-TEJAS.pdf\">RA ERROR PCAP SUBCONTRATACION EXPTE CESPED LAS TEJAS<\/a><\/p>\n<p>&nbsp;<\/p>\n<p><strong>En base a la Resoluci\u00f3n de Alcald\u00eda de fecha 04 de septiembre de 2025, publicada en la Plataforma de Contrataci\u00f3n del Sector P\u00fablico y en el \u00a0Perfil del Contratante del Ayuntamiento de Almu\u00f1\u00e9car, donde se Acuerda la rectificaci\u00f3n del apartado \u201cQ\u201d <\/strong>del Cuadro resumen de caracter\u00edsticas del Pliego de Cl\u00e1usulas Administrativas Particulares del <strong>contrato de suministro mediante renting de c\u00e9sped artificial para el estadio de f\u00fatbol \u00abLas Tejas\u00bb en La Herradura, Almu\u00f1\u00e9car, Expediente 99\/2025, Gestiona 8857\/2025<\/strong>, del siguiente modo:<\/p>\n<p>&nbsp;<\/p>\n<table>\n<tbody>\n<tr>\n<td width=\"446\"><strong>Donde dice: <\/strong><\/p>\n<p><strong>Q.- SUBCONTRATACI\u00d3N VER ANEXO , EN SU CASO <\/strong><\/td>\n<\/tr>\n<tr>\n<td width=\"446\">NO<\/td>\n<\/tr>\n<\/tbody>\n<\/table>\n<p>&nbsp;<\/p>\n<table style=\"height: 267px;\" width=\"492\">\n<tbody>\n<tr>\n<td width=\"552\"><strong>Debe decir: <\/strong><\/p>\n<p><strong>Q.- SUBCONTRATACI\u00d3N VER ANEXO , EN SU CASO.<\/strong><\/td>\n<\/tr>\n<tr>\n<td width=\"552\"><strong>S\u00cd. <\/strong>M\u00e1ximo 40% seg\u00fan Ley. Ver Anexo F y Cl\u00e1usulas 2.3.2., 3.2.4., y 4.8 del PCAP, para m\u00e1s informaci\u00f3n. Ser\u00e1 necesaria la presentaci\u00f3n del Anexo F contenido en el PCAP, dentro del sobre de documentaci\u00f3n administrativa, si el licitador tiene previsto subcontratar parte del contrato.<\/td>\n<\/tr>\n<\/tbody>\n<\/table>\n<p>&nbsp;<\/p>\n<p>22\/09\/2025 <a href=\"https:\/\/contratacion.almunecar.es\/wp-content\/uploads\/2025\/07\/CITACION-MESA-DE-CONTRATACION-2025-09-25.pdf\">CITACION MESA DE CONTRATACION 2025-09-25<\/a><\/p>\n<p>17\/10\/2025 <a href=\"https:\/\/contratacion.almunecar.es\/wp-content\/uploads\/2025\/07\/ACTA-MESA-DE-CONTRATACION-2025-09-25.pdf\">ACTA MESA DE CONTRATACION 2025-09-25<\/a><\/p>\n<p>21\/10\/2025 <a href=\"https:\/\/contratacion.almunecar.es\/wp-content\/uploads\/2025\/08\/RA-REQUER-DOC-RENTING-CESPED-LAS-TEJAS.pdf\">RA REQUER DOC RENTING CESPED LAS TEJAS<\/a><\/p>\n<p>21\/10\/2025 <a href=\"https:\/\/contratacion.almunecar.es\/wp-content\/uploads\/2025\/08\/PLACSP-REQUER-DOC-RENTING-CESPED-LAS-TEJAS-REALTUF-SYSTEM.pdf\">PLACSP &#8211; REQUER DOC RENTING CESPED LAS TEJAS &#8211; REALTUF SYSTEM<\/a><\/p>\n<p>10\/11\/2025 <a href=\"https:\/\/contratacion.almunecar.es\/wp-content\/uploads\/2025\/08\/RA-ADJUDICACION-RENTING-CESPED-LAS-TEJAS.pdf\">RA ADJUDICACION RENTING CESPED LAS TEJAS<\/a><\/p>\n<p>10\/11\/2025 <a href=\"https:\/\/contratacion.almunecar.es\/wp-content\/uploads\/2025\/08\/PLACSP-ADJUDICACION-RENTING-CESPED-LAS-TEJAS.pdf\">PLACSP &#8211; ADJUDICACION RENTING CESPED LAS TEJAS<\/a><\/p>\n<p>&nbsp;<\/p>\n","protected":false},"excerpt":{"rendered":"<p>20\/08\/2025 INFORME DE NECESIDAD SUSTITUCION CESPED ARTIFICIAL LAS TEJAS 20\/08\/2025 JUSTIFICACION NO DIVISION EN LOTES 20\/08\/2025 MEMORIA JUSTIFICATIVA 20\/08\/2025 PLIEGO TECNICO SUMINISTRO CESPED ARTIFICIAL LAS TEJAS &#8211; RENTING 20\/08\/2025 PLIEGO ADMINISTRATIVO SUMINISTRO CESPED ARTIFICIAL LAS TEJAS 20\/08\/2025 RA APROB E INICIO EXPTE RENTING CESPED ESTADIO LAS TEJAS 20\/08\/2025 DOUE &#8211; LICITACI\u00d3N RENTING C\u00c9SPED LAS TEJAS&hellip; <br \/> <a class=\"button small blue\" href=\"https:\/\/contratacion.almunecar.es\/?p=9900\">Leer m\u00e1s<\/a><\/p>\n","protected":false},"author":5,"featured_media":0,"comment_status":"closed","ping_status":"closed","sticky":false,"template":"","format":"standard","meta":{"_acf_changed":false,"footnotes":""},"categories":[5,3,4],"tags":[],"class_list":["post-9900","post","type-post","status-publish","format-standard","hentry","category-adjudicacion_final","category-anuncio","category-licitacion"],"acf":[],"_links":{"self":[{"href":"https:\/\/contratacion.almunecar.es\/index.php?rest_route=\/wp\/v2\/posts\/9900","targetHints":{"allow":["GET"]}}],"collection":[{"href":"https:\/\/contratacion.almunecar.es\/index.php?rest_route=\/wp\/v2\/posts"}],"about":[{"href":"https:\/\/contratacion.almunecar.es\/index.php?rest_route=\/wp\/v2\/types\/post"}],"author":[{"embeddable":true,"href":"https:\/\/contratacion.almunecar.es\/index.php?rest_route=\/wp\/v2\/users\/5"}],"replies":[{"embeddable":true,"href":"https:\/\/contratacion.almunecar.es\/index.php?rest_route=%2Fwp%2Fv2%2Fcomments&post=9900"}],"version-history":[{"count":9,"href":"https:\/\/contratacion.almunecar.es\/index.php?rest_route=\/wp\/v2\/posts\/9900\/revisions"}],"predecessor-version":[{"id":10400,"href":"https:\/\/contratacion.almunecar.es\/index.php?rest_route=\/wp\/v2\/posts\/9900\/revisions\/10400"}],"wp:attachment":[{"href":"https:\/\/contratacion.almunecar.es\/index.php?rest_route=%2Fwp%2Fv2%2Fmedia&parent=9900"}],"wp:term":[{"taxonomy":"category","embeddable":true,"href":"https:\/\/contratacion.almunecar.es\/index.php?rest_route=%2Fwp%2Fv2%2Fcategories&post=9900"},{"taxonomy":"post_tag","embeddable":true,"href":"https:\/\/contratacion.almunecar.es\/index.php?rest_route=%2Fwp%2Fv2%2Ftags&post=9900"}],"curies":[{"name":"wp","href":"https:\/\/api.w.org\/{rel}","templated":true}]}}