{"id":9832,"date":"2025-08-08T10:59:17","date_gmt":"2025-08-08T08:59:17","guid":{"rendered":"https:\/\/contratacion.almunecar.es\/?p=9832"},"modified":"2025-11-07T14:36:31","modified_gmt":"2025-11-07T12:36:31","slug":"expte-87-2025-gest-7735-2025-suministro-de-tres-vehiculos-para-el-servicio-de-policia-local-del-ayuntamiento-de-almunecar-en-modalidad-de-renting","status":"publish","type":"post","link":"https:\/\/contratacion.almunecar.es\/?p=9832","title":{"rendered":"Expte. 87\/2025 (Gest 7735\/2025). Suministro de tres veh\u00edculos para el Servicio de Polic\u00eda Local del Ayuntamiento de Almu\u00f1\u00e9car, en modalidad de Renting."},"content":{"rendered":"<p>08\/08\/2025 <a href=\"https:\/\/contratacion.almunecar.es\/wp-content\/uploads\/2025\/08\/Informe-necesidad-vehiculos-renting-Patrulla.pdf\">Informe necesidad vehiculos renting Patrulla<\/a><\/p>\n<p>08\/08\/2025 <a href=\"https:\/\/contratacion.almunecar.es\/wp-content\/uploads\/2025\/08\/informe-no-division-en-lotes.pdf\">informe no division en lotes<\/a><\/p>\n<p>08\/08\/2025 <a href=\"https:\/\/contratacion.almunecar.es\/wp-content\/uploads\/2025\/08\/MEMORIA-JUSTIFICATIVA.pdf\">MEMORIA JUSTIFICATIVA<\/a><\/p>\n<p>08\/08\/2025 <a href=\"https:\/\/contratacion.almunecar.es\/wp-content\/uploads\/2025\/08\/PLIEGO-ADMINISTRATIVO-SUMINISTRO-VEHICULOS.pdf\">PLIEGO ADMINISTRATIVO SUMINISTRO VEHICULOS<\/a><\/p>\n<p>08\/08\/2025 <a href=\"https:\/\/contratacion.almunecar.es\/wp-content\/uploads\/2025\/08\/PPTP-CONDICIONES-TECNICAS-PLIEGO.pdf\">PPTP CONDICIONES TECNICAS PLIEGO<\/a><\/p>\n<p>08\/08\/2025 <a href=\"https:\/\/contratacion.almunecar.es\/wp-content\/uploads\/2025\/08\/RA-APROB-E-INICIO-EXPTE-RENTING-VEHICULOS-POLICIA.pdf\">RA APROB E INICIO EXPTE RENTING VEHICULOS POLICIA<\/a><\/p>\n<p>08\/08\/2025 <a href=\"https:\/\/contratacion.almunecar.es\/wp-content\/uploads\/2025\/08\/PLACSP-ANUNCIO-LICITACION-RENTING-VEHICULOS-POLICIA.pdf\">PLACSP &#8211; ANUNCIO LICITACI\u00d3N RENTING VEHICULOS POLICIA<\/a><\/p>\n<p>08\/08\/2025 <a href=\"https:\/\/contratacion.almunecar.es\/wp-content\/uploads\/2025\/08\/PLACSP-DOCUMENTO-PLIEGOS-RENTING-VEHICULOS-POLICIA.pdf\">PLACSP &#8211; DOCUMENTO PLIEGOS RENTING VEHICULOS POLICIA<\/a><\/p>\n<p>Las ofertas podr\u00e1n presentarse hasta el d\u00eda 25.08.2025, a las 11:00 horas. Para m\u00e1s informaci\u00f3n y presentaci\u00f3n de ofertas: <a href=\"https:\/\/contrataciondelestado.es\/wps\/poc?uri=deeplink%3Adetalle_licitacion&amp;idEvl=v%2BmBC%2BIJB%2FDzAq95uGTrDQ%3D%3D\">click aqu\u00ed<\/a><\/p>\n<p>25\/08\/2025 <a href=\"https:\/\/contratacion.almunecar.es\/wp-content\/uploads\/2025\/07\/CITACION-MESA-DE-CONTRATACION-2025-08-28.pdf\">CITACION MESA DE CONTRATACION 2025-08-28<\/a><\/p>\n<p>03\/09\/2025 <a href=\"https:\/\/contratacion.almunecar.es\/wp-content\/uploads\/2025\/07\/ACTA-MESA-DE-CONTRATACION-2025-08-28.pdf\">ACTA MESA DE CONTRATACION 2025-08-28<\/a><\/p>\n<p>08\/09\/2025 <a href=\"https:\/\/contratacion.almunecar.es\/wp-content\/uploads\/2025\/08\/RA-REQUER-DOC-RENTING-3-VEHICULOS-POLICIA-LOCAL.pdf\">RA REQUER DOC RENTING 3 VEHICULOS POLICIA LOCAL<\/a><\/p>\n<p>08\/09\/2025 <a href=\"https:\/\/contratacion.almunecar.es\/wp-content\/uploads\/2025\/08\/PLACSP-REQUER-DOC-RENTING-3-VEHICULOS-POLICIA-LOCAL-TRANSTEL-SA.pdf\">PLACSP &#8211; REQUER DOC RENTING 3 VEHICULOS POLICIA LOCAL &#8211; TRANSTEL SA<\/a><\/p>\n<p>08\/10\/2025 <a href=\"https:\/\/contratacion.almunecar.es\/wp-content\/uploads\/2025\/08\/RA-ADJUDICACION-RENTING-3-VEHICULOS-POLICIA-LOCAL.pdf\">RA ADJUDICACION RENTING 3 VEHICULOS POLICIA LOCAL<\/a><\/p>\n<p>08\/10\/2025 <a href=\"https:\/\/contratacion.almunecar.es\/wp-content\/uploads\/2025\/08\/PLACSP-ADJUDICACION-RENTING-3-VEHICULOS-POLICIA-LOCAL.pdf\">PLACSP &#8211; ADJUDICACION RENTING 3 VEHICULOS POLICIA LOCAL<\/a><\/p>\n<p>07\/11\/2025 <a href=\"https:\/\/contratacion.almunecar.es\/wp-content\/uploads\/2025\/08\/PLACSP-FORMALIZACION-RENTING-3-VEHICULOS-POLICIA-LOCAL.pdf\">PLACSP &#8211; FORMALIZACI\u00d3N RENTING 3 VEHICULOS POLICIA LOCAL<\/a><\/p>\n<p>&nbsp;<\/p>\n<p>&nbsp;<\/p>\n<p>&nbsp;<\/p>\n<p>&nbsp;<\/p>\n","protected":false},"excerpt":{"rendered":"<p>08\/08\/2025 Informe necesidad vehiculos renting Patrulla 08\/08\/2025 informe no division en lotes 08\/08\/2025 MEMORIA JUSTIFICATIVA 08\/08\/2025 PLIEGO ADMINISTRATIVO SUMINISTRO VEHICULOS 08\/08\/2025 PPTP CONDICIONES TECNICAS PLIEGO 08\/08\/2025 RA APROB E INICIO EXPTE RENTING VEHICULOS POLICIA 08\/08\/2025 PLACSP &#8211; ANUNCIO LICITACI\u00d3N RENTING VEHICULOS POLICIA 08\/08\/2025 PLACSP &#8211; DOCUMENTO PLIEGOS RENTING VEHICULOS POLICIA Las ofertas podr\u00e1n presentarse hasta&hellip; <br \/> <a class=\"button small blue\" href=\"https:\/\/contratacion.almunecar.es\/?p=9832\">Leer m\u00e1s<\/a><\/p>\n","protected":false},"author":5,"featured_media":0,"comment_status":"closed","ping_status":"closed","sticky":false,"template":"","format":"standard","meta":{"_acf_changed":false,"footnotes":""},"categories":[5,3,7,12,4],"tags":[],"class_list":["post-9832","post","type-post","status-publish","format-standard","hentry","category-adjudicacion_final","category-anuncio","category-formalizacion","category-formalizacion-de-contrato","category-licitacion"],"acf":[],"_links":{"self":[{"href":"https:\/\/contratacion.almunecar.es\/index.php?rest_route=\/wp\/v2\/posts\/9832","targetHints":{"allow":["GET"]}}],"collection":[{"href":"https:\/\/contratacion.almunecar.es\/index.php?rest_route=\/wp\/v2\/posts"}],"about":[{"href":"https:\/\/contratacion.almunecar.es\/index.php?rest_route=\/wp\/v2\/types\/post"}],"author":[{"embeddable":true,"href":"https:\/\/contratacion.almunecar.es\/index.php?rest_route=\/wp\/v2\/users\/5"}],"replies":[{"embeddable":true,"href":"https:\/\/contratacion.almunecar.es\/index.php?rest_route=%2Fwp%2Fv2%2Fcomments&post=9832"}],"version-history":[{"count":7,"href":"https:\/\/contratacion.almunecar.es\/index.php?rest_route=\/wp\/v2\/posts\/9832\/revisions"}],"predecessor-version":[{"id":10384,"href":"https:\/\/contratacion.almunecar.es\/index.php?rest_route=\/wp\/v2\/posts\/9832\/revisions\/10384"}],"wp:attachment":[{"href":"https:\/\/contratacion.almunecar.es\/index.php?rest_route=%2Fwp%2Fv2%2Fmedia&parent=9832"}],"wp:term":[{"taxonomy":"category","embeddable":true,"href":"https:\/\/contratacion.almunecar.es\/index.php?rest_route=%2Fwp%2Fv2%2Fcategories&post=9832"},{"taxonomy":"post_tag","embeddable":true,"href":"https:\/\/contratacion.almunecar.es\/index.php?rest_route=%2Fwp%2Fv2%2Ftags&post=9832"}],"curies":[{"name":"wp","href":"https:\/\/api.w.org\/{rel}","templated":true}]}}