{"id":9799,"date":"2025-08-01T12:05:28","date_gmt":"2025-08-01T10:05:28","guid":{"rendered":"https:\/\/contratacion.almunecar.es\/?p=9799"},"modified":"2026-01-09T12:11:51","modified_gmt":"2026-01-09T10:11:51","slug":"expte-18c-2025-gest-2025-proyecto-y-obras-de-eliminacion-de-las-humedades-por-capilaridad-existentes-en-el-palacete-de-la-najarra-de-almunecar-y-de-restauracion-de-revestimientos-afectados-media","status":"publish","type":"post","link":"https:\/\/contratacion.almunecar.es\/?p=9799","title":{"rendered":"Expte. 18C\/2025 (Gest 2611\/2025). Proyecto y Obras de eliminaci\u00f3n de las humedades por capilaridad existentes en el Palacete de La Najarra de Almu\u00f1\u00e9car, y de restauraci\u00f3n de revestimientos afectados, mediante 2 lotes."},"content":{"rendered":"<p>01\/08\/2025 <a href=\"https:\/\/contratacion.almunecar.es\/wp-content\/uploads\/2025\/08\/Informe-Motivacion.pdf\">Informe Motivacion<\/a><\/p>\n<p>01\/08\/2025 <a href=\"https:\/\/contratacion.almunecar.es\/wp-content\/uploads\/2025\/08\/Informe-de-LOTIFICACION.pdf\">Informe de LOTIFICACION<\/a><\/p>\n<p>01\/08\/2025 <a href=\"https:\/\/contratacion.almunecar.es\/wp-content\/uploads\/2025\/08\/CRITERIOS-DE-VALORACION.pdf\">CRITERIOS DE VALORACION<\/a><\/p>\n<p>01\/08\/2025 <a href=\"https:\/\/contratacion.almunecar.es\/wp-content\/uploads\/2025\/08\/MEMORIA-JUSTIFICATIVA-OBRAS-IMPERMEABILIZACION.pdf\">MEMORIA JUSTIFICATIVA OBRAS IMPERMEABILIZACION<\/a><\/p>\n<p>01\/08\/2025 <a href=\"https:\/\/contratacion.almunecar.es\/wp-content\/uploads\/2025\/08\/PPTP-HUMEDADES-LA-NAJARRA.pdf\">PPTP HUMEDADES LA NAJARRA<\/a><\/p>\n<p>01\/08\/2025 <a href=\"https:\/\/contratacion.almunecar.es\/wp-content\/uploads\/2025\/08\/PLIEGO-ADMINISTRATIVO-OBRAS-PALACETE-NAJARRA.pdf\">PLIEGO ADMINISTRATIVO OBRAS PALACETE NAJARRA<\/a><\/p>\n<p>01\/08\/2025 <a href=\"https:\/\/contratacion.almunecar.es\/wp-content\/uploads\/2025\/08\/RA-DEC-DESIERTO-HUMEDADES-LA-NAJARRA-Y-NUEVA-TRAMITACION.pdf\">RA DEC DESIERTO HUMEDADES LA NAJARRA Y NUEVA TRAMITACION<\/a><\/p>\n<p>01\/08\/2025 <a href=\"https:\/\/contratacion.almunecar.es\/wp-content\/uploads\/2025\/08\/PLACSP-ANUNCIO-LICITACION-HUMEDADES-LA-NAJARRA.pdf\">PLACSP &#8211; ANUNCIO LICITACI\u00d3N HUMEDADES LA NAJARRA<\/a><\/p>\n<p>01\/08\/2025 <a href=\"https:\/\/contratacion.almunecar.es\/wp-content\/uploads\/2025\/08\/PLACSP-DOCUMENTO-PLIEGOS-HUMEDADES-LA-NAJARRA.pdf\">PLACSP &#8211; DOCUMENTO PLIEGOS HUMEDADES LA NAJARRA<\/a><\/p>\n<p>Las ofertas podr\u00e1n presentarse hasta el d\u00eda 28.08.205, a las 11:00 horas. Para m\u00e1s informaci\u00f3n y presentaci\u00f3n de ofertas: <a href=\"https:\/\/contrataciondelestado.es\/wps\/poc?uri=deeplink%3Adetalle_licitacion&amp;idEvl=dHyQfG5a7ak7%2B9FIQYNjeQ%3D%3D\">click aqu\u00ed<\/a><\/p>\n<p>02\/09\/2025 <a href=\"https:\/\/contratacion.almunecar.es\/wp-content\/uploads\/2025\/07\/CITACION-MESA-DE-CONTRATACION-2025-09-05.pdf\">CITACION MESA DE CONTRATACION 2025-09-05<\/a><\/p>\n<p>09\/09\/2025 <a href=\"https:\/\/contratacion.almunecar.es\/wp-content\/uploads\/2025\/08\/IBERDECO-SL-COMUNIC-SUBSANACION-DOC-ADMVA.pdf\">IBERDECO SL &#8211; COMUNIC SUBSANACION DOC ADMVA<\/a><\/p>\n<p>22\/09\/2025 <a href=\"https:\/\/contratacion.almunecar.es\/wp-content\/uploads\/2025\/07\/CITACION-MESA-DE-CONTRATACION-2025-09-25.pdf\">CITACION MESA DE CONTRATACION 2025-09-25<\/a><\/p>\n<p>26\/09\/2025 <a href=\"https:\/\/contratacion.almunecar.es\/wp-content\/uploads\/2025\/07\/ACTA-MESA-DE-CONTRATACION-2025-09-05.pdf\">ACTA MESA DE CONTRATACION 2025-09-05<\/a><\/p>\n<p>17\/10\/2025 <a href=\"https:\/\/contratacion.almunecar.es\/wp-content\/uploads\/2025\/07\/ACTA-MESA-DE-CONTRATACION-2025-09-25.pdf\">ACTA MESA DE CONTRATACION 2025-09-25<\/a><\/p>\n<p>22\/10\/2025 <a href=\"https:\/\/contratacion.almunecar.es\/wp-content\/uploads\/2025\/08\/CITACION-MESA-DE-CONTRATACION-2025-10-27.pdf\">CITACION MESA DE CONTRATACION 2025-10-27<\/a><\/p>\n<p>29\/10\/2025 <a href=\"https:\/\/contratacion.almunecar.es\/wp-content\/uploads\/2025\/08\/ACTA-MESA-DE-CONTRATACION-2025-10-27.pdf\">ACTA MESA DE CONTRATACION 2025-10-27<\/a><\/p>\n<p>30\/10\/2025 <a href=\"https:\/\/contratacion.almunecar.es\/wp-content\/uploads\/2025\/08\/RA-REQUER-DOC-HUMEDADES-LA-NAJARRA.pdf\">RA REQUER DOC HUMEDADES LA NAJARRA<\/a><\/p>\n<p>30\/10\/2025 <a href=\"https:\/\/contratacion.almunecar.es\/wp-content\/uploads\/2025\/08\/PLACSP-REQUER-DOC-HUMEDADES-LA-NAJARRA-LOTE-1.pdf\">PLACSP &#8211; REQUER DOC HUMEDADES LA NAJARRA LOTE 1<\/a><\/p>\n<p>30\/10\/2025 <a href=\"https:\/\/contratacion.almunecar.es\/wp-content\/uploads\/2025\/08\/PLACSP-REQUER-DOC-HUMEDADES-LA-NAJARRA-LOTE-2.pdf\">PLACSP &#8211; REQUER DOC HUMEDADES LA NAJARRA LOTE 2<\/a><\/p>\n<p>17\/12\/2025 <a href=\"https:\/\/contratacion.almunecar.es\/wp-content\/uploads\/2025\/08\/RA-ADJUDICACION-LOTE-1-HUMEDADES-LA-NAJARRA.pdf\">RA ADJUDICACION LOTE 1 HUMEDADES LA NAJARRA<\/a><\/p>\n<p>17\/12\/2025 <a href=\"https:\/\/contratacion.almunecar.es\/wp-content\/uploads\/2025\/08\/PLACSP-ADJUDICACION-LOTE-1-HUMEDADES-LA-NAJARRA-HUMIDHEI-SL.pdf\">PLACSP &#8211; ADJUDICACION LOTE 1 HUMEDADES LA NAJARRA &#8211; HUMIDHEI SL<\/a><\/p>\n<p>&nbsp;<\/p>\n<p>LOTE 2 &#8211; DESIERTO.<\/p>\n<p>07\/01\/2026 <a href=\"https:\/\/contratacion.almunecar.es\/wp-content\/uploads\/2025\/08\/PLACSP-FORMALIZACION-LOTE-1-HUMEDADES-LA-NAJARRA.pdf\">PLACSP &#8211; FORMALIZACI\u00d3N LOTE 1 HUMEDADES LA NAJARRA<\/a><\/p>\n<p>&nbsp;<\/p>\n<p>&nbsp;<\/p>\n<p>&nbsp;<\/p>\n<p>&nbsp;<\/p>\n<p>&nbsp;<\/p>\n","protected":false},"excerpt":{"rendered":"<p>01\/08\/2025 Informe Motivacion 01\/08\/2025 Informe de LOTIFICACION 01\/08\/2025 CRITERIOS DE VALORACION 01\/08\/2025 MEMORIA JUSTIFICATIVA OBRAS IMPERMEABILIZACION 01\/08\/2025 PPTP HUMEDADES LA NAJARRA 01\/08\/2025 PLIEGO ADMINISTRATIVO OBRAS PALACETE NAJARRA 01\/08\/2025 RA DEC DESIERTO HUMEDADES LA NAJARRA Y NUEVA TRAMITACION 01\/08\/2025 PLACSP &#8211; ANUNCIO LICITACI\u00d3N HUMEDADES LA NAJARRA 01\/08\/2025 PLACSP &#8211; DOCUMENTO PLIEGOS HUMEDADES LA NAJARRA Las ofertas&hellip; <br \/> <a class=\"button small blue\" href=\"https:\/\/contratacion.almunecar.es\/?p=9799\">Leer m\u00e1s<\/a><\/p>\n","protected":false},"author":5,"featured_media":0,"comment_status":"closed","ping_status":"closed","sticky":false,"template":"","format":"standard","meta":{"_acf_changed":false,"footnotes":""},"categories":[5,3,7,12,4],"tags":[],"class_list":["post-9799","post","type-post","status-publish","format-standard","hentry","category-adjudicacion_final","category-anuncio","category-formalizacion","category-formalizacion-de-contrato","category-licitacion"],"acf":[],"_links":{"self":[{"href":"https:\/\/contratacion.almunecar.es\/index.php?rest_route=\/wp\/v2\/posts\/9799","targetHints":{"allow":["GET"]}}],"collection":[{"href":"https:\/\/contratacion.almunecar.es\/index.php?rest_route=\/wp\/v2\/posts"}],"about":[{"href":"https:\/\/contratacion.almunecar.es\/index.php?rest_route=\/wp\/v2\/types\/post"}],"author":[{"embeddable":true,"href":"https:\/\/contratacion.almunecar.es\/index.php?rest_route=\/wp\/v2\/users\/5"}],"replies":[{"embeddable":true,"href":"https:\/\/contratacion.almunecar.es\/index.php?rest_route=%2Fwp%2Fv2%2Fcomments&post=9799"}],"version-history":[{"count":13,"href":"https:\/\/contratacion.almunecar.es\/index.php?rest_route=\/wp\/v2\/posts\/9799\/revisions"}],"predecessor-version":[{"id":10613,"href":"https:\/\/contratacion.almunecar.es\/index.php?rest_route=\/wp\/v2\/posts\/9799\/revisions\/10613"}],"wp:attachment":[{"href":"https:\/\/contratacion.almunecar.es\/index.php?rest_route=%2Fwp%2Fv2%2Fmedia&parent=9799"}],"wp:term":[{"taxonomy":"category","embeddable":true,"href":"https:\/\/contratacion.almunecar.es\/index.php?rest_route=%2Fwp%2Fv2%2Fcategories&post=9799"},{"taxonomy":"post_tag","embeddable":true,"href":"https:\/\/contratacion.almunecar.es\/index.php?rest_route=%2Fwp%2Fv2%2Ftags&post=9799"}],"curies":[{"name":"wp","href":"https:\/\/api.w.org\/{rel}","templated":true}]}}