{"id":9764,"date":"2025-07-25T13:47:04","date_gmt":"2025-07-25T11:47:04","guid":{"rendered":"https:\/\/contratacion.almunecar.es\/?p=9764"},"modified":"2025-08-11T10:32:09","modified_gmt":"2025-08-11T08:32:09","slug":"expte-103-2025-gest-9255-2025-espectaculos-musicales-para-las-fiestas-patronales-de-agosto-2025-en-almunecar","status":"publish","type":"post","link":"https:\/\/contratacion.almunecar.es\/?p=9764","title":{"rendered":"Expte. 103\/2025 (Gest 9255\/2025). Espect\u00e1culos musicales para las fiestas patronales de agosto 2025 en Almu\u00f1\u00e9car."},"content":{"rendered":"<p>25\/07\/2025 <a href=\"https:\/\/contratacion.almunecar.es\/wp-content\/uploads\/2025\/07\/Informe-NECESIDAD-DEL-SERVICIO-Y-AUSENCIA-DE-MEDIOS-PROPIOS.pdf\">Informe NECESIDAD DEL SERVICIO Y AUSENCIA DE MEDIOS PROPIOS<\/a><\/p>\n<p>25\/07\/2025 <a href=\"https:\/\/contratacion.almunecar.es\/wp-content\/uploads\/2025\/07\/INFORME-NO-DIVISION-LOTES-ESPECTACULO-MUSICAL-AGOSTO-2025.pdf\">INFORME NO DIVISION LOTES ESPECTACULO MUSICAL AGOSTO 2025<\/a><\/p>\n<p>25\/07\/2025 <a href=\"https:\/\/contratacion.almunecar.es\/wp-content\/uploads\/2025\/07\/PLIEGO-ADMINISTRATIVO-ESPECTACULO-MUSICAL-FIESTAS-AGOSTO.pdf\">PLIEGO ADMINISTRATIVO ESPECTACULO MUSICAL FIESTAS AGOSTO<\/a><\/p>\n<p>25\/07\/2025 <a href=\"https:\/\/contratacion.almunecar.es\/wp-content\/uploads\/2025\/07\/PPTP-ESPECTACULO-MUSICAL-FIESTAS-DE-AGOSTO-2025.pdf\">PPTP ESPECTACULO MUSICAL FIESTAS DE AGOSTO 2025<\/a><\/p>\n<p>25\/07\/2025 <a href=\"https:\/\/contratacion.almunecar.es\/wp-content\/uploads\/2025\/07\/RA-APROB-E-INICIO-EXPTE-ESPECTACULOS-MUSICALES-AGOSTO-2025.pdf\">RA APROB E INICIO EXPTE ESPECTACULOS MUSICALES AGOSTO 2025<\/a><\/p>\n<p>25\/07\/2025 <a href=\"https:\/\/contratacion.almunecar.es\/wp-content\/uploads\/2025\/07\/PLACSP-ANUNCIO-LICITACION-ESPECTACULOS-MUSICALES-AGOSTO-2025.pdf\">PLACSP &#8211; ANUNCIO LICITACI\u00d3N ESPECT\u00c1CULOS MUSICALES AGOSTO 2025<\/a><\/p>\n<p>25\/07\/2025 <a href=\"https:\/\/contratacion.almunecar.es\/wp-content\/uploads\/2025\/07\/PLACSP-DOCUMENTO-PLIEGOS-ESPECTACULOS-MUSICALES-AGOSTO-2025-1.pdf\">PLACSP &#8211; DOCUMENTO PLIEGOS ESPECT\u00c1CULOS MUSICALES AGOSTO 2025<\/a><\/p>\n<p>Las ofertas podr\u00e1n presentarse hasta el d\u00eda 05.08.2025, alas 11:00 horas. Para m\u00e1s informaci\u00f3n y presentaci\u00f3n de ofertas: <a href=\"https:\/\/contrataciondelestado.es\/wps\/poc?uri=deeplink%3Adetalle_licitacion&amp;idEvl=Tui0GKCnPu4Xhk1FZxEyvw%3D%3D\">click aqu\u00ed.<\/a><\/p>\n<p>07\/08\/2025 <a href=\"https:\/\/contratacion.almunecar.es\/wp-content\/uploads\/2025\/07\/RA-ADJUDICACION-ACTUACIONES-MUSICALES-AGOSTO-2025.pdf\">RA ADJUDICACION ACTUACIONES MUSICALES AGOSTO 2025<\/a><\/p>\n<p>07\/08\/2025 <a href=\"https:\/\/contratacion.almunecar.es\/wp-content\/uploads\/2025\/07\/PLACSP-ADJUDICACION-ACTUACIONES-MUSICALES-AGOSTO-2025.pdf\">PLACSP &#8211; ADJUDICACION ACTUACIONES MUSICALES AGOSTO 2025<\/a><\/p>\n<p>11\/08\/2025 <a href=\"https:\/\/contratacion.almunecar.es\/wp-content\/uploads\/2025\/07\/PLACSP-FORMALIZACION-ACT.-MUSICALES-AGOSTO-2025.pdf\">PLACSP &#8211; FORMALIZACI\u00d3N ACT. MUSICALES AGOSTO 2025<\/a><\/p>\n","protected":false},"excerpt":{"rendered":"<p>25\/07\/2025 Informe NECESIDAD DEL SERVICIO Y AUSENCIA DE MEDIOS PROPIOS 25\/07\/2025 INFORME NO DIVISION LOTES ESPECTACULO MUSICAL AGOSTO 2025 25\/07\/2025 PLIEGO ADMINISTRATIVO ESPECTACULO MUSICAL FIESTAS AGOSTO 25\/07\/2025 PPTP ESPECTACULO MUSICAL FIESTAS DE AGOSTO 2025 25\/07\/2025 RA APROB E INICIO EXPTE ESPECTACULOS MUSICALES AGOSTO 2025 25\/07\/2025 PLACSP &#8211; ANUNCIO LICITACI\u00d3N ESPECT\u00c1CULOS MUSICALES AGOSTO 2025 25\/07\/2025 PLACSP&hellip; <br \/> <a class=\"button small blue\" href=\"https:\/\/contratacion.almunecar.es\/?p=9764\">Leer m\u00e1s<\/a><\/p>\n","protected":false},"author":5,"featured_media":0,"comment_status":"closed","ping_status":"closed","sticky":false,"template":"","format":"standard","meta":{"_acf_changed":false,"footnotes":""},"categories":[5,3,7,12,4],"tags":[],"class_list":["post-9764","post","type-post","status-publish","format-standard","hentry","category-adjudicacion_final","category-anuncio","category-formalizacion","category-formalizacion-de-contrato","category-licitacion"],"acf":[],"_links":{"self":[{"href":"https:\/\/contratacion.almunecar.es\/index.php?rest_route=\/wp\/v2\/posts\/9764","targetHints":{"allow":["GET"]}}],"collection":[{"href":"https:\/\/contratacion.almunecar.es\/index.php?rest_route=\/wp\/v2\/posts"}],"about":[{"href":"https:\/\/contratacion.almunecar.es\/index.php?rest_route=\/wp\/v2\/types\/post"}],"author":[{"embeddable":true,"href":"https:\/\/contratacion.almunecar.es\/index.php?rest_route=\/wp\/v2\/users\/5"}],"replies":[{"embeddable":true,"href":"https:\/\/contratacion.almunecar.es\/index.php?rest_route=%2Fwp%2Fv2%2Fcomments&post=9764"}],"version-history":[{"count":4,"href":"https:\/\/contratacion.almunecar.es\/index.php?rest_route=\/wp\/v2\/posts\/9764\/revisions"}],"predecessor-version":[{"id":9868,"href":"https:\/\/contratacion.almunecar.es\/index.php?rest_route=\/wp\/v2\/posts\/9764\/revisions\/9868"}],"wp:attachment":[{"href":"https:\/\/contratacion.almunecar.es\/index.php?rest_route=%2Fwp%2Fv2%2Fmedia&parent=9764"}],"wp:term":[{"taxonomy":"category","embeddable":true,"href":"https:\/\/contratacion.almunecar.es\/index.php?rest_route=%2Fwp%2Fv2%2Fcategories&post=9764"},{"taxonomy":"post_tag","embeddable":true,"href":"https:\/\/contratacion.almunecar.es\/index.php?rest_route=%2Fwp%2Fv2%2Ftags&post=9764"}],"curies":[{"name":"wp","href":"https:\/\/api.w.org\/{rel}","templated":true}]}}