{"id":9724,"date":"2025-07-18T13:10:57","date_gmt":"2025-07-18T11:10:57","guid":{"rendered":"https:\/\/contratacion.almunecar.es\/?p=9724"},"modified":"2025-09-24T08:27:47","modified_gmt":"2025-09-24T06:27:47","slug":"expte-66-2025-gest-6281-2025-servicio-de-pintado-del-colegio-publico-la-santa-cruz-en-almunecar-granada","status":"publish","type":"post","link":"https:\/\/contratacion.almunecar.es\/?p=9724","title":{"rendered":"EXPTE. 66\/2025 (GEST 6281\/2025): SERVICIO DE PINTADO DEL COLEGIO P\u00daBLICO \u00abLA SANTA CRUZ\u00bb, EN ALMU\u00d1\u00c9CAR (GRANADA)."},"content":{"rendered":"<p>18\/07\/2025 <a href=\"https:\/\/contratacion.almunecar.es\/wp-content\/uploads\/2025\/07\/INFORME-DE-NECESIDAD-PINTADO-COLEGIO-LA-SANTA-CRUZ.pdf\">INFORME DE NECESIDAD PINTADO COLEGIO LA SANTA CRUZ<\/a><\/p>\n<p>18\/07\/2025 <a href=\"https:\/\/contratacion.almunecar.es\/wp-content\/uploads\/2025\/07\/INFORME-NO-DIV-LOTES-PINTADO-COLEGIO-LA-SANTA-CRUZ.pdf\">INFORME NO DIV LOTES PINTADO COLEGIO LA SANTA CRUZ<\/a><\/p>\n<p>18\/07\/2025 <a href=\"https:\/\/contratacion.almunecar.es\/wp-content\/uploads\/2025\/07\/MEMORIA-JUSTIFICATIVA-PINTADO-COLEGIO-LA-SANTA-CRUZ.pdf\">MEMORIA JUSTIFICATIVA PINTADO COLEGIO LA SANTA CRUZ<\/a><\/p>\n<p>18\/07\/2025 <a href=\"https:\/\/contratacion.almunecar.es\/wp-content\/uploads\/2025\/07\/PPTP-PINTADO-COLEGIO-LA-SANTA-CRUZ.pdf\">PPTP PINTADO COLEGIO LA SANTA CRUZ<\/a><\/p>\n<p>18\/07\/2025 <a href=\"https:\/\/contratacion.almunecar.es\/wp-content\/uploads\/2025\/07\/PCAP-PINTADO-COLEGIO-LA-SANTA-CRUZ.pdf\">PCAP PINTADO COLEGIO LA SANTA CRUZ<\/a><\/p>\n<p>18\/07\/2025 <a href=\"https:\/\/contratacion.almunecar.es\/wp-content\/uploads\/2025\/07\/RA-APROB-E-INICIO-EXPTE-PINTADO-COLEGIO-LA-SANTA-CRUZ.pdf\">RA APROB E INICIO EXPTE PINTADO COLEGIO LA SANTA CRUZ<\/a><\/p>\n<p>18\/07\/2025 <a href=\"https:\/\/contratacion.almunecar.es\/wp-content\/uploads\/2025\/07\/PLACSP-ANUNCIO-DE-LICITACION-EXPTE-PINTADO-COLEGIO-LA-SANTA-CRUZ.pdf\">PLACSP &#8211; ANUNCIO DE LICITACI\u00d3N EXPTE PINTADO COLEGIO LA SANTA CRUZ<\/a><\/p>\n<p>18\/07\/2025 <a href=\"https:\/\/contratacion.almunecar.es\/wp-content\/uploads\/2025\/07\/PLACSP-DOCUMENTO-DE-PLIEGOS-EXPTE-PINTADO-COLEGIO-LA-SANTA-CRUZ.pdf\">PLACSP &#8211; DOCUMENTO DE PLIEGOS EXPTE PINTADO COLEGIO LA SANTA CRUZ<\/a><\/p>\n<ul>\n<li>Las ofertas habr\u00e1n de presentarse a trav\u00e9s de la Herramienta de Preparaci\u00f3n y presentaci\u00f3n de ofertas de la Plataforma de Contrataci\u00f3n del Sector P\u00fablico, y hasta el d\u00eda 04 de agosto de 2025, 11:00 horas.Para m\u00e1s informaci\u00f3n y presentaci\u00f3n de Ofertas: <a href=\"https:\/\/contrataciondelestado.es\/wps\/poc?uri=deeplink%3Adetalle_licitacion&amp;idEvl=%2BbQw2o9uuuiOUi78BmzhOQ%3D%3D\">Cl\u00edck aqu\u00ed<\/a><\/li>\n<\/ul>\n<p>01\/08\/2025 <a href=\"https:\/\/contratacion.almunecar.es\/wp-content\/uploads\/2025\/06\/CITACION-MESA-DE-CONTRATACION-2025-08-07.pdf\">CITACION MESA DE CONTRATACION 2025-08-07<\/a><\/p>\n<p>21\/08\/2025 <a href=\"https:\/\/contratacion.almunecar.es\/wp-content\/uploads\/2025\/06\/ACTA-MESA-DE-CONTRATACION-2025-08-07.pdf\">ACTA MESA DE CONTRATACION 2025-08-07<\/a><\/p>\n<p>27\/08\/2025 <a href=\"https:\/\/contratacion.almunecar.es\/wp-content\/uploads\/2025\/07\/RA-REQUER-DOC-PINTADO-COLEGIO-PUBLICO-LA-SANTA-CRUZ.pdf\">RA REQUER DOC PINTADO COLEGIO PUBLICO LA SANTA CRUZ<\/a><\/p>\n<p>27\/08\/2025 <a href=\"https:\/\/contratacion.almunecar.es\/wp-content\/uploads\/2025\/07\/PLACSP-REQUER-DOC-PINTADO-CP-LA-SANTA-CRUZ-UTRESUR.pdf\">PLACSP &#8211; REQUER DOC PINTADO CP LA SANTA CRUZ &#8211; UTRESUR<\/a><\/p>\n<p>18\/09\/2025 <a href=\"https:\/\/contratacion.almunecar.es\/wp-content\/uploads\/2025\/07\/RA-ADJUDICACION-PINTADO-CP-LA-SANTA-CRUZ.pdf\">RA ADJUDICACION PINTADO CP LA SANTA CRUZ<\/a><\/p>\n<p>18\/09\/2025 <a href=\"https:\/\/contratacion.almunecar.es\/wp-content\/uploads\/2025\/07\/PLACSP-ADJUDICACION-PINTADO-CP-LA-SANTA-CRUZ.pdf\">PLACSP &#8211; ADJUDICACION PINTADO CP LA SANTA CRUZ<\/a><\/p>\n<p>24\/09\/2025 <a href=\"https:\/\/contratacion.almunecar.es\/wp-content\/uploads\/2025\/07\/PLACSP-FORMALIZACION-CONTRATO-PINTADO-COLEGIO-STA.-CRUZ.pdf\">PLACSP &#8211; FORMALIZACI\u00d3N CONTRATO PINTADO COLEGIO STA. CRUZ<\/a><\/p>\n<p>&nbsp;<\/p>\n<p>&nbsp;<\/p>\n<p>&nbsp;<\/p>\n<p>&nbsp;<\/p>\n","protected":false},"excerpt":{"rendered":"<p>18\/07\/2025 INFORME DE NECESIDAD PINTADO COLEGIO LA SANTA CRUZ 18\/07\/2025 INFORME NO DIV LOTES PINTADO COLEGIO LA SANTA CRUZ 18\/07\/2025 MEMORIA JUSTIFICATIVA PINTADO COLEGIO LA SANTA CRUZ 18\/07\/2025 PPTP PINTADO COLEGIO LA SANTA CRUZ 18\/07\/2025 PCAP PINTADO COLEGIO LA SANTA CRUZ 18\/07\/2025 RA APROB E INICIO EXPTE PINTADO COLEGIO LA SANTA CRUZ 18\/07\/2025 PLACSP &#8211;&hellip; <br \/> <a class=\"button small blue\" href=\"https:\/\/contratacion.almunecar.es\/?p=9724\">Leer m\u00e1s<\/a><\/p>\n","protected":false},"author":5,"featured_media":0,"comment_status":"closed","ping_status":"closed","sticky":false,"template":"","format":"standard","meta":{"_acf_changed":false,"footnotes":""},"categories":[5,3,7,4],"tags":[],"class_list":["post-9724","post","type-post","status-publish","format-standard","hentry","category-adjudicacion_final","category-anuncio","category-formalizacion","category-licitacion"],"acf":[],"_links":{"self":[{"href":"https:\/\/contratacion.almunecar.es\/index.php?rest_route=\/wp\/v2\/posts\/9724","targetHints":{"allow":["GET"]}}],"collection":[{"href":"https:\/\/contratacion.almunecar.es\/index.php?rest_route=\/wp\/v2\/posts"}],"about":[{"href":"https:\/\/contratacion.almunecar.es\/index.php?rest_route=\/wp\/v2\/types\/post"}],"author":[{"embeddable":true,"href":"https:\/\/contratacion.almunecar.es\/index.php?rest_route=\/wp\/v2\/users\/5"}],"replies":[{"embeddable":true,"href":"https:\/\/contratacion.almunecar.es\/index.php?rest_route=%2Fwp%2Fv2%2Fcomments&post=9724"}],"version-history":[{"count":8,"href":"https:\/\/contratacion.almunecar.es\/index.php?rest_route=\/wp\/v2\/posts\/9724\/revisions"}],"predecessor-version":[{"id":10071,"href":"https:\/\/contratacion.almunecar.es\/index.php?rest_route=\/wp\/v2\/posts\/9724\/revisions\/10071"}],"wp:attachment":[{"href":"https:\/\/contratacion.almunecar.es\/index.php?rest_route=%2Fwp%2Fv2%2Fmedia&parent=9724"}],"wp:term":[{"taxonomy":"category","embeddable":true,"href":"https:\/\/contratacion.almunecar.es\/index.php?rest_route=%2Fwp%2Fv2%2Fcategories&post=9724"},{"taxonomy":"post_tag","embeddable":true,"href":"https:\/\/contratacion.almunecar.es\/index.php?rest_route=%2Fwp%2Fv2%2Ftags&post=9724"}],"curies":[{"name":"wp","href":"https:\/\/api.w.org\/{rel}","templated":true}]}}