{"id":9713,"date":"2025-07-17T12:14:24","date_gmt":"2025-07-17T10:14:24","guid":{"rendered":"https:\/\/contratacion.almunecar.es\/?p=9713"},"modified":"2025-08-11T10:24:39","modified_gmt":"2025-08-11T08:24:39","slug":"expte-75-2025-gest-7080-2025-suministro-instalacion-disparo-recogida-de-actividades-y-ejecucion-del-espectaculo-piro-musical-cromatica-para-las-fiestas-patronales-de-almunecar-2025","status":"publish","type":"post","link":"https:\/\/contratacion.almunecar.es\/?p=9713","title":{"rendered":"Expte. 75\/2025 (Gest 7080\/2025). Suministro, instalaci\u00f3n, disparo, recogida de actividades y ejecuci\u00f3n del espect\u00e1culo piro-musical \u00abCROM\u00c1TICA\u00bb para las Fiestas Patronales de Almu\u00f1\u00e9car 2025."},"content":{"rendered":"<p>17\/07\/2025 <a href=\"https:\/\/contratacion.almunecar.es\/wp-content\/uploads\/2025\/07\/Declaracion-de-exclusividad.pdf\">Declaracion de exclusividad<\/a><\/p>\n<p>17\/07\/2025 <a href=\"https:\/\/contratacion.almunecar.es\/wp-content\/uploads\/2025\/07\/NECESIDAD-DEL-SERVICIO-Y-AUSENCIA-DE-MEDIOS-PROPIOS-FUEGOS-ARTIFICIALES.pdf\">NECESIDAD DEL SERVICIO Y AUSENCIA DE MEDIOS PROPIOS FUEGOS ARTIFICIALES<\/a><\/p>\n<p>17\/07\/2025 <a href=\"https:\/\/contratacion.almunecar.es\/wp-content\/uploads\/2025\/07\/MEMORIA-JUSTIFICATIVA-2.pdf\">MEMORIA JUSTIFICATIVA<\/a><\/p>\n<p>17\/07\/2025 <a href=\"https:\/\/contratacion.almunecar.es\/wp-content\/uploads\/2025\/07\/PLIEGO-ADMINISTRATIVO-ESPECTACULO-PIRO-MUSICAL-FIESTAS-AGOSTO.pdf\">PLIEGO ADMINISTRATIVO ESPECTACULO PIRO-MUSICAL FIESTAS AGOSTO<\/a><\/p>\n<p>17\/07\/2025 <a href=\"https:\/\/contratacion.almunecar.es\/wp-content\/uploads\/2025\/07\/PPTP-PIROTECNICOS-FIESTAS-AGOSTO-2025.pdf\">PPTP PIROTECNICOS FIESTAS AGOSTO 2025<\/a><\/p>\n<p>17\/07\/2025 <a href=\"https:\/\/contratacion.almunecar.es\/wp-content\/uploads\/2025\/07\/R.A.-APROB-E-INICIO-EXPTE.-ESP-PIRO-MUSICAL-AGOSTO-2025.pdf\">R.A. APROB E INICIO EXPTE. ESP PIRO-MUSICAL AGOSTO 2025<\/a><\/p>\n<p>17\/07\/2025 <a href=\"https:\/\/contratacion.almunecar.es\/wp-content\/uploads\/2025\/07\/PLACSP-ANUNCIO-LICITACION-FUEGOS-ARTIFICIALES-15-AGOSTO.pdf\">PLACSP &#8211; ANUNCIO LICITACI\u00d3N FUEGOS ARTIFICIALES 15 AGOSTO<\/a><\/p>\n<p>17\/07\/2025 <a href=\"https:\/\/contratacion.almunecar.es\/wp-content\/uploads\/2025\/07\/PLACSP-DOCUMENTO-PLIEGOS-FUEGOS-ARTIFICIALES-15-AGOSTO.pdf\">PLACSP &#8211; DOCUMENTO PLIEGOS FUEGOS ARTIFICIALES 15 AGOSTO<\/a><\/p>\n<p>Las ofertas podr\u00e1n presentarse hasta el d\u00eda 28.07.2025, a las 11:00 horas. Para m\u00e1s informaci\u00f3n y presentaci\u00f3n de ofertas: <a href=\"https:\/\/contrataciondelestado.es\/wps\/poc?uri=deeplink%3Adetalle_licitacion&amp;idEvl=5Z38E9aeBpT5Rey58Yagpg%3D%3D\">click aqu\u00ed.<\/a><\/p>\n<p>07\/08\/2025 <a href=\"https:\/\/contratacion.almunecar.es\/wp-content\/uploads\/2025\/07\/RA-ADJUDICACION-ESPECTACULO-PIRO-MUSICAL-AGOSTO-2025.pdf\">RA ADJUDICACION ESPECTACULO PIRO-MUSICAL AGOSTO 2025<\/a><\/p>\n<p>07\/08\/2025 <a href=\"https:\/\/contratacion.almunecar.es\/wp-content\/uploads\/2025\/07\/PLACSP-ADJUDICACION-ESPECTACULO-PIRO-MUSICAL-AGOSTO-2025.pdf\">PLACSP &#8211; ADJUDICACION ESPECTACULO PIRO-MUSICAL AGOSTO 2025<\/a><\/p>\n<p>11\/08\/2025 <a href=\"https:\/\/contratacion.almunecar.es\/wp-content\/uploads\/2025\/07\/PLACSP-FORMALIZACION-ESP-PIROMUSICAL-AGOSTO-2025.pdf\">PLACSP &#8211; FORMALIZACI\u00d3N ESP PIROMUSICAL AGOSTO 2025<\/a><\/p>\n","protected":false},"excerpt":{"rendered":"<p>17\/07\/2025 Declaracion de exclusividad 17\/07\/2025 NECESIDAD DEL SERVICIO Y AUSENCIA DE MEDIOS PROPIOS FUEGOS ARTIFICIALES 17\/07\/2025 MEMORIA JUSTIFICATIVA 17\/07\/2025 PLIEGO ADMINISTRATIVO ESPECTACULO PIRO-MUSICAL FIESTAS AGOSTO 17\/07\/2025 PPTP PIROTECNICOS FIESTAS AGOSTO 2025 17\/07\/2025 R.A. APROB E INICIO EXPTE. ESP PIRO-MUSICAL AGOSTO 2025 17\/07\/2025 PLACSP &#8211; ANUNCIO LICITACI\u00d3N FUEGOS ARTIFICIALES 15 AGOSTO 17\/07\/2025 PLACSP &#8211; DOCUMENTO PLIEGOS&hellip; <br \/> <a class=\"button small blue\" href=\"https:\/\/contratacion.almunecar.es\/?p=9713\">Leer m\u00e1s<\/a><\/p>\n","protected":false},"author":5,"featured_media":0,"comment_status":"closed","ping_status":"closed","sticky":false,"template":"","format":"standard","meta":{"_acf_changed":false,"footnotes":""},"categories":[5,3,7,12,4],"tags":[],"class_list":["post-9713","post","type-post","status-publish","format-standard","hentry","category-adjudicacion_final","category-anuncio","category-formalizacion","category-formalizacion-de-contrato","category-licitacion"],"acf":[],"_links":{"self":[{"href":"https:\/\/contratacion.almunecar.es\/index.php?rest_route=\/wp\/v2\/posts\/9713","targetHints":{"allow":["GET"]}}],"collection":[{"href":"https:\/\/contratacion.almunecar.es\/index.php?rest_route=\/wp\/v2\/posts"}],"about":[{"href":"https:\/\/contratacion.almunecar.es\/index.php?rest_route=\/wp\/v2\/types\/post"}],"author":[{"embeddable":true,"href":"https:\/\/contratacion.almunecar.es\/index.php?rest_route=\/wp\/v2\/users\/5"}],"replies":[{"embeddable":true,"href":"https:\/\/contratacion.almunecar.es\/index.php?rest_route=%2Fwp%2Fv2%2Fcomments&post=9713"}],"version-history":[{"count":6,"href":"https:\/\/contratacion.almunecar.es\/index.php?rest_route=\/wp\/v2\/posts\/9713\/revisions"}],"predecessor-version":[{"id":9866,"href":"https:\/\/contratacion.almunecar.es\/index.php?rest_route=\/wp\/v2\/posts\/9713\/revisions\/9866"}],"wp:attachment":[{"href":"https:\/\/contratacion.almunecar.es\/index.php?rest_route=%2Fwp%2Fv2%2Fmedia&parent=9713"}],"wp:term":[{"taxonomy":"category","embeddable":true,"href":"https:\/\/contratacion.almunecar.es\/index.php?rest_route=%2Fwp%2Fv2%2Fcategories&post=9713"},{"taxonomy":"post_tag","embeddable":true,"href":"https:\/\/contratacion.almunecar.es\/index.php?rest_route=%2Fwp%2Fv2%2Ftags&post=9713"}],"curies":[{"name":"wp","href":"https:\/\/api.w.org\/{rel}","templated":true}]}}