{"id":9697,"date":"2025-07-16T10:42:51","date_gmt":"2025-07-16T08:42:51","guid":{"rendered":"https:\/\/contratacion.almunecar.es\/?p=9697"},"modified":"2025-11-07T14:28:30","modified_gmt":"2025-11-07T12:28:30","slug":"expte-131-2024-gest-10627-2024-suministro-e-instalacion-de-la-senalizacion-vial-horizontal-vertical-y-balizamiento-y-placas-de-vados-de-entrada-a-vehiculos-particulares-desde-la-via-publica-en-e","status":"publish","type":"post","link":"https:\/\/contratacion.almunecar.es\/?p=9697","title":{"rendered":"EXPTE. 131\/2024 (GEST 10627\/2024): SUMINISTRO E INSTALACI\u00d3N DE LA SE\u00d1ALIZACI\u00d3N VIAL HORIZONTAL, VERTICAL Y BALIZAMIENTO, Y PLACAS DE VADOS DE ENTRADA A VEH\u00cdCULOS PARTICULARES DESDE LA V\u00cdA P\u00daBLICA EN EL MUNICIPIO DE ALMU\u00d1\u00c9CAR, MEDIANTE LOTES."},"content":{"rendered":"<p>16\/07\/2025 <a href=\"https:\/\/contratacion.almunecar.es\/wp-content\/uploads\/2025\/07\/INFORME-NECESIDAD-Y-AUSENCIA-MEDIOS-SENALIZACION-VIAL-Y-VADOS.pdf\">INFORME NECESIDAD Y AUSENCIA MEDIOS SENALIZACION VIAL Y VADOS<\/a><\/p>\n<p>16\/07\/2025 <a href=\"https:\/\/contratacion.almunecar.es\/wp-content\/uploads\/2025\/07\/MEMORIA-JUSTIFICATIVA-SENALIZACION-Y-VADOS.pdf\">MEMORIA JUSTIFICATIVA SENALIZACION Y VADOS<\/a><\/p>\n<p>16\/07\/2025 <a href=\"https:\/\/contratacion.almunecar.es\/wp-content\/uploads\/2025\/07\/PPTP-INSTAL-SENALIZACION-VADOS-Y-OTROS.pdf\">PPTP INSTAL SENALIZACION VADOS Y OTROS<\/a><\/p>\n<p>16\/07\/2025 <a href=\"https:\/\/contratacion.almunecar.es\/wp-content\/uploads\/2025\/07\/PCAP-INSTAL-SENALIZACION-VADOS-Y-OTROS.pdf\">PCAP INSTAL SENALIZACION VADOS Y OTROS<\/a><\/p>\n<p>16\/07\/2025 <a href=\"https:\/\/contratacion.almunecar.es\/wp-content\/uploads\/2025\/07\/RA-APROB-E-INICIO-EXPTE-MIXTO-SENALIZACION-Y-VADOS.pdf\">RA APROB E INICIO EXPTE MIXTO SENALIZACION Y VADOS<\/a><\/p>\n<p>16\/07\/2025 <a href=\"https:\/\/contratacion.almunecar.es\/wp-content\/uploads\/2025\/07\/PLACSP-ANUNCIO-LICITACION-EXPTE-MIXTO-SENALIZACION-Y-VADOS.pdf\">PLACSP &#8211; ANUNCIO LICITACION EXPTE MIXTO SE\u00d1ALIZACION Y VADOS<\/a><\/p>\n<p>16\/07\/2025 <a href=\"https:\/\/contratacion.almunecar.es\/wp-content\/uploads\/2025\/07\/PLACSP-DOCUMENTO-DE-PLIEGOS-EXPTE-MIXTO-SENALIZACION-Y-VADOS.pdf\">PLACSP &#8211; DOCUMENTO DE PLIEGOS EXPTE MIXTO SE\u00d1ALIZACION Y VADOS<\/a><\/p>\n<p>&nbsp;<\/p>\n<p>* Las ofertas habr\u00e1n de presentarse a trav\u00e9s de la Herramienta de preparaci\u00f3n y presentaci\u00f3n de ofertas de la Plataforma de Contrataci\u00f3n del Sector P\u00fablico, y hasta el 01\/08\/2025, 11:00 horas.<\/p>\n<p>Para m\u00e1s informaci\u00f3n y presentaci\u00f3n de ofertas: <a href=\"https:\/\/contrataciondelestado.es\/wps\/poc?uri=deeplink%3Adetalle_licitacion&amp;idEvl=LdmFknreTNOLAncw3qdZkA%3D%3D\">Cl\u00edck aqu\u00ed<\/a><\/p>\n<p>01\/08\/2025 <a href=\"https:\/\/contratacion.almunecar.es\/wp-content\/uploads\/2025\/06\/CITACION-MESA-DE-CONTRATACION-2025-08-07.pdf\">CITACION MESA DE CONTRATACION 2025-08-07<\/a><\/p>\n<p>21\/08\/2025 <a href=\"https:\/\/contratacion.almunecar.es\/wp-content\/uploads\/2025\/06\/ACTA-MESA-DE-CONTRATACION-2025-08-07.pdf\">ACTA MESA DE CONTRATACION 2025-08-07<\/a><\/p>\n<p>27\/08\/2025 <a href=\"https:\/\/contratacion.almunecar.es\/wp-content\/uploads\/2025\/07\/RA-REQUER-DOC-LOTE-1-SUM-SENALIZACION.pdf\">RA REQUER DOC LOTE 1 SUM SENALIZACION<\/a><\/p>\n<p>27\/08\/2025 <a href=\"https:\/\/contratacion.almunecar.es\/wp-content\/uploads\/2025\/07\/PLACSP-REQUER-DOC-LOTE-1-SUM-SENALIZACION.pdf\">PLACSP &#8211; REQUER DOC LOTE 1 SUM SENALIZACION<\/a><\/p>\n<p>27\/08\/2025 <a href=\"https:\/\/contratacion.almunecar.es\/wp-content\/uploads\/2025\/07\/RA-REQUER-DOC-LOTE-2-INSTALACION-SENALIZACION.pdf\">RA REQUER DOC LOTE 2 INSTALACION SENALIZACION<\/a><\/p>\n<p>27\/08\/2025 <a href=\"https:\/\/contratacion.almunecar.es\/wp-content\/uploads\/2025\/07\/PLACSP-REQUER-DOC-LOTE-2-INSTALACION-SENALIZACION.pdf\">PLACSP &#8211; REQUER DOC LOTE 2 INSTALACION SENALIZACION<\/a><\/p>\n<p>17\/10\/2025 <a href=\"https:\/\/contratacion.almunecar.es\/wp-content\/uploads\/2025\/07\/RA-ADJUDICACION-LOTES-1-Y-2-SENALIZACION.pdf\">RA ADJUDICACION LOTES 1 Y 2 SENALIZACION<\/a><\/p>\n<p>17\/10\/2025 <a href=\"https:\/\/contratacion.almunecar.es\/wp-content\/uploads\/2025\/07\/PLACSP-ADJUDICACION-LOTE-1-Y-2-SENALIZACION.pdf\">PLACSP &#8211; ADJUDICACION LOTE 1 Y 2 SENALIZACION<\/a><\/p>\n<p>23\/10\/2025 <a href=\"https:\/\/contratacion.almunecar.es\/wp-content\/uploads\/2025\/07\/PLACSP-FORMALIZACION-LOTE-1-SUM-SENALIZACION.pdf\">PLACSP &#8211; FORMALIZACI\u00d3N LOTE 1 SUM SE\u00d1ALIZACI\u00d3N<\/a><\/p>\n<p>07\/11\/2025 <a href=\"https:\/\/contratacion.almunecar.es\/wp-content\/uploads\/2025\/07\/PLACSP-FORMALIZACION-LOTE-2-INSTALACION-SENALIZACION.pdf\">PLACSP &#8211; FORMALIZACI\u00d3N LOTE 2 INSTALACI\u00d3N SE\u00d1ALIZACI\u00d3N<\/a><\/p>\n<p>&nbsp;<\/p>\n<p>&nbsp;<\/p>\n<p>&nbsp;<\/p>\n","protected":false},"excerpt":{"rendered":"<p>16\/07\/2025 INFORME NECESIDAD Y AUSENCIA MEDIOS SENALIZACION VIAL Y VADOS 16\/07\/2025 MEMORIA JUSTIFICATIVA SENALIZACION Y VADOS 16\/07\/2025 PPTP INSTAL SENALIZACION VADOS Y OTROS 16\/07\/2025 PCAP INSTAL SENALIZACION VADOS Y OTROS 16\/07\/2025 RA APROB E INICIO EXPTE MIXTO SENALIZACION Y VADOS 16\/07\/2025 PLACSP &#8211; ANUNCIO LICITACION EXPTE MIXTO SE\u00d1ALIZACION Y VADOS 16\/07\/2025 PLACSP &#8211; DOCUMENTO DE&hellip; <br \/> <a class=\"button small blue\" href=\"https:\/\/contratacion.almunecar.es\/?p=9697\">Leer m\u00e1s<\/a><\/p>\n","protected":false},"author":5,"featured_media":0,"comment_status":"closed","ping_status":"closed","sticky":false,"template":"","format":"standard","meta":{"_acf_changed":false,"footnotes":""},"categories":[5,3,7,12,4],"tags":[],"class_list":["post-9697","post","type-post","status-publish","format-standard","hentry","category-adjudicacion_final","category-anuncio","category-formalizacion","category-formalizacion-de-contrato","category-licitacion"],"acf":[],"_links":{"self":[{"href":"https:\/\/contratacion.almunecar.es\/index.php?rest_route=\/wp\/v2\/posts\/9697","targetHints":{"allow":["GET"]}}],"collection":[{"href":"https:\/\/contratacion.almunecar.es\/index.php?rest_route=\/wp\/v2\/posts"}],"about":[{"href":"https:\/\/contratacion.almunecar.es\/index.php?rest_route=\/wp\/v2\/types\/post"}],"author":[{"embeddable":true,"href":"https:\/\/contratacion.almunecar.es\/index.php?rest_route=\/wp\/v2\/users\/5"}],"replies":[{"embeddable":true,"href":"https:\/\/contratacion.almunecar.es\/index.php?rest_route=%2Fwp%2Fv2%2Fcomments&post=9697"}],"version-history":[{"count":9,"href":"https:\/\/contratacion.almunecar.es\/index.php?rest_route=\/wp\/v2\/posts\/9697\/revisions"}],"predecessor-version":[{"id":10382,"href":"https:\/\/contratacion.almunecar.es\/index.php?rest_route=\/wp\/v2\/posts\/9697\/revisions\/10382"}],"wp:attachment":[{"href":"https:\/\/contratacion.almunecar.es\/index.php?rest_route=%2Fwp%2Fv2%2Fmedia&parent=9697"}],"wp:term":[{"taxonomy":"category","embeddable":true,"href":"https:\/\/contratacion.almunecar.es\/index.php?rest_route=%2Fwp%2Fv2%2Fcategories&post=9697"},{"taxonomy":"post_tag","embeddable":true,"href":"https:\/\/contratacion.almunecar.es\/index.php?rest_route=%2Fwp%2Fv2%2Ftags&post=9697"}],"curies":[{"name":"wp","href":"https:\/\/api.w.org\/{rel}","templated":true}]}}