{"id":9638,"date":"2025-07-10T09:23:15","date_gmt":"2025-07-10T07:23:15","guid":{"rendered":"https:\/\/contratacion.almunecar.es\/?p=9638"},"modified":"2025-09-15T12:01:12","modified_gmt":"2025-09-15T10:01:12","slug":"expte-45-2025-gest-4813-2025-ejecucion-transporte-e-instalacion-de-dos-esculturas-denominadas-escudos-de-almunecar-a-cargo-del-taller-espacio-de-arte-moreno","status":"publish","type":"post","link":"https:\/\/contratacion.almunecar.es\/?p=9638","title":{"rendered":"Expte. 45\/2025 (GEST 4813\/2025). Ejecuci\u00f3n, transporte e instalaci\u00f3n de dos esculturas denominadas \u00abEscudos de Almu\u00f1\u00e9car\u00bb, a cargo del Taller Espacio de Arte Moreno."},"content":{"rendered":"<p>10\/07\/2025\u00a0<a href=\"https:\/\/contratacion.almunecar.es\/wp-content\/uploads\/2025\/07\/Informe-impulso-esculturas-escudos.pdf\">Informe impulso esculturas escudos<\/a><\/p>\n<p>10\/07\/2025 <a href=\"https:\/\/contratacion.almunecar.es\/wp-content\/uploads\/2025\/07\/Informe-No-division-por-Lotes-Esculturas-Miguel-Moreno.pdf\">Informe No division por Lotes Esculturas Miguel Moreno<\/a><\/p>\n<p>10\/07\/2025 <a href=\"https:\/\/contratacion.almunecar.es\/wp-content\/uploads\/2025\/07\/MEMORIA-JUSTIFICATIVA.pdf\">MEMORIA JUSTIFICATIVA<\/a><\/p>\n<p>10\/07\/2025 <a href=\"https:\/\/contratacion.almunecar.es\/wp-content\/uploads\/2025\/07\/Memoria-Tecnica-Escudos-Miguel-Moreno.pdf\">Memoria Tecnica Escudos Miguel Moreno<\/a><\/p>\n<p>10\/07\/2025 <a href=\"https:\/\/contratacion.almunecar.es\/wp-content\/uploads\/2025\/07\/PLIEGO-ADMINISTRATIVO-OBRAS-ESCULTORICAS-TALLER-MIGUEL-MORENO.pdf\">PLIEGO ADMINISTRATIVO OBRAS ESCULTORICAS TALLER MIGUEL MORENO<\/a><\/p>\n<p>10\/07\/2025 <a href=\"https:\/\/contratacion.almunecar.es\/wp-content\/uploads\/2025\/07\/RA-APROB-E-INICIO-EXPTE-ESCULTURAS-MIGUEL-MORENO.pdf\">RA APROB E INICIO EXPTE ESCULTURAS MIGUEL MORENO<\/a><\/p>\n<p>10\/07\/2025 <a href=\"https:\/\/contratacion.almunecar.es\/wp-content\/uploads\/2025\/07\/PLACSP-ANUNCIO-LICITACION-2-ESCUDOS-ALMUNECAR.pdf\">PLACSP &#8211; ANUNCIO LICITACI\u00d3N 2 ESCUDOS ALMU\u00d1\u00c9CAR<\/a><\/p>\n<p>10\/07\/2025 <a href=\"https:\/\/contratacion.almunecar.es\/wp-content\/uploads\/2025\/07\/PLACSP-DOCUMENTO-PLIEGOS-2-ESCUDOS-ALMUNECAR.pdf\">PLACSP &#8211; DOCUMENTO PLIEGOS 2 ESCUDOS ALMU\u00d1\u00c9CAR<\/a><\/p>\n<p>Las ofertas podr\u00e1n presentarse hasta el d\u00eda 28 de julio de 2025, a las 11:00 horas. Para m\u00e1s informaci\u00f3n y presentaci\u00f3n de ofertas: <a href=\"https:\/\/contrataciondelestado.es\/wps\/poc?uri=deeplink%3Adetalle_licitacion&amp;idEvl=zpRTO9MpYYuP%2Bo96UAV7cQ%3D%3D\">click aqu\u00ed<\/a>.<\/p>\n<p>11\/09\/2025 <a href=\"https:\/\/contratacion.almunecar.es\/wp-content\/uploads\/2025\/07\/RA-ADJUDICACION-ESCULTURAS-2-ESCUDOS-ALMUNECAR.pdf\">RA ADJUDICACION ESCULTURAS 2 ESCUDOS ALMUNECAR<\/a><\/p>\n<p>11\/09\/2025 <a href=\"https:\/\/contratacion.almunecar.es\/wp-content\/uploads\/2025\/07\/PLACSP-ADJUDICACION-ESCULTURAS-2-ESCUDOS-ALMUNECAR.pdf\">PLACSP &#8211; ADJUDICACION ESCULTURAS 2 ESCUDOS ALMUNECAR<\/a><\/p>\n<p>15\/09\/2025 <a href=\"https:\/\/contratacion.almunecar.es\/wp-content\/uploads\/2025\/07\/PLACSP-FORMALIZACION-CONTRATO-2-ECUDOS-ALMUNECAR.pdf\">PLACSP &#8211; FORMALIZACI\u00d3N CONTRATO 2 ECUDOS ALMU\u00d1\u00c9CAR<\/a><\/p>\n<p>&nbsp;<\/p>\n","protected":false},"excerpt":{"rendered":"<p>10\/07\/2025\u00a0Informe impulso esculturas escudos 10\/07\/2025 Informe No division por Lotes Esculturas Miguel Moreno 10\/07\/2025 MEMORIA JUSTIFICATIVA 10\/07\/2025 Memoria Tecnica Escudos Miguel Moreno 10\/07\/2025 PLIEGO ADMINISTRATIVO OBRAS ESCULTORICAS TALLER MIGUEL MORENO 10\/07\/2025 RA APROB E INICIO EXPTE ESCULTURAS MIGUEL MORENO 10\/07\/2025 PLACSP &#8211; ANUNCIO LICITACI\u00d3N 2 ESCUDOS ALMU\u00d1\u00c9CAR 10\/07\/2025 PLACSP &#8211; DOCUMENTO PLIEGOS 2 ESCUDOS ALMU\u00d1\u00c9CAR&hellip; <br \/> <a class=\"button small blue\" href=\"https:\/\/contratacion.almunecar.es\/?p=9638\">Leer m\u00e1s<\/a><\/p>\n","protected":false},"author":5,"featured_media":0,"comment_status":"closed","ping_status":"closed","sticky":false,"template":"","format":"standard","meta":{"_acf_changed":false,"footnotes":""},"categories":[5,3,7,12,4],"tags":[],"class_list":["post-9638","post","type-post","status-publish","format-standard","hentry","category-adjudicacion_final","category-anuncio","category-formalizacion","category-formalizacion-de-contrato","category-licitacion"],"acf":[],"_links":{"self":[{"href":"https:\/\/contratacion.almunecar.es\/index.php?rest_route=\/wp\/v2\/posts\/9638","targetHints":{"allow":["GET"]}}],"collection":[{"href":"https:\/\/contratacion.almunecar.es\/index.php?rest_route=\/wp\/v2\/posts"}],"about":[{"href":"https:\/\/contratacion.almunecar.es\/index.php?rest_route=\/wp\/v2\/types\/post"}],"author":[{"embeddable":true,"href":"https:\/\/contratacion.almunecar.es\/index.php?rest_route=\/wp\/v2\/users\/5"}],"replies":[{"embeddable":true,"href":"https:\/\/contratacion.almunecar.es\/index.php?rest_route=%2Fwp%2Fv2%2Fcomments&post=9638"}],"version-history":[{"count":4,"href":"https:\/\/contratacion.almunecar.es\/index.php?rest_route=\/wp\/v2\/posts\/9638\/revisions"}],"predecessor-version":[{"id":10021,"href":"https:\/\/contratacion.almunecar.es\/index.php?rest_route=\/wp\/v2\/posts\/9638\/revisions\/10021"}],"wp:attachment":[{"href":"https:\/\/contratacion.almunecar.es\/index.php?rest_route=%2Fwp%2Fv2%2Fmedia&parent=9638"}],"wp:term":[{"taxonomy":"category","embeddable":true,"href":"https:\/\/contratacion.almunecar.es\/index.php?rest_route=%2Fwp%2Fv2%2Fcategories&post=9638"},{"taxonomy":"post_tag","embeddable":true,"href":"https:\/\/contratacion.almunecar.es\/index.php?rest_route=%2Fwp%2Fv2%2Ftags&post=9638"}],"curies":[{"name":"wp","href":"https:\/\/api.w.org\/{rel}","templated":true}]}}