{"id":9618,"date":"2025-07-08T15:43:41","date_gmt":"2025-07-08T13:43:41","guid":{"rendered":"https:\/\/contratacion.almunecar.es\/?p=9618"},"modified":"2025-07-09T13:10:38","modified_gmt":"2025-07-09T11:10:38","slug":"expediente-94-2025-gestiona-no-7991-2025-contrato-menor-de-obra-para-ejecucion-de-2-estaciones-de-recarga-de-vehiculos-electricos-en-c-khan-jounes","status":"publish","type":"post","link":"https:\/\/contratacion.almunecar.es\/?p=9618","title":{"rendered":"EXPEDIENTE 94\/2025. GESTIONA N\u00ba 7991\/2025. CONTRATO MENOR DE OBRA PARA EJECUCI\u00d3N DE 2 ESTACIONES DE RECARGA DE VEH\u00cdCULOS EL\u00c9CTRICOS EN C\/. KHAN JOUNES."},"content":{"rendered":"<p>08\/07\/2025. Informe de necesidad Moves III.<a href=\"https:\/\/contratacion.almunecar.es\/wp-content\/uploads\/2025\/07\/Informe-necesidad-MOVES-III.pdf\">Informe necesidad MOVES III<\/a><\/p>\n<p>08\/07\/2025. Informe de necesidad.<a href=\"https:\/\/contratacion.almunecar.es\/wp-content\/uploads\/2025\/07\/Informe-de-necesidad.pdf\">Informe de necesidad<\/a>.<\/p>\n<p>08\/07\/2025. Proyecto de estaciones Recargo de veh\u00edculos.<a href=\"https:\/\/contratacion.almunecar.es\/wp-content\/uploads\/2025\/07\/PROYECTO-ESTACIONES-RECARGA-VEHICULOS-ALMUNECAR.pdf\">PROYECTO ESTACIONES RECARGA VEHICULOS ALMU\u00d1ECAR<\/a><\/p>\n<p>08\/07\/2025. PROPUESTA DE GASTO.<a href=\"https:\/\/contratacion.almunecar.es\/wp-content\/uploads\/2025\/07\/PROPUESTA-DE-GASTO-1.pdf\">PROPUESTA DE GASTO.<\/a><\/p>\n<p>09\/07\/2025 <a href=\"https:\/\/contratacion.almunecar.es\/wp-content\/uploads\/2025\/07\/DACI-2-ESTACIONES-RECARGA-VEHICULOS-ELECTRICOS.docx\">DACI &#8211; 2 ESTACIONES RECARGA VEH\u00cdCULOS EL\u00c9CTRICOS<\/a><\/p>\n<p>Las ofertas se presentar\u00e1n a trav\u00e9s de la sede electr\u00f3nica del Ayuntamiento de Almu\u00f1\u00e9car &#8211; Tr\u00e1mites &#8211; Presentaci\u00f3n de Ofertas de Contratos Menores. Se deber\u00e1 adjuntar el presupuesto, as\u00ed como la Declaraci\u00f3n de ausencia de conflictos de intereses (DACI).<\/p>\n","protected":false},"excerpt":{"rendered":"<p>08\/07\/2025. Informe de necesidad Moves III.Informe necesidad MOVES III 08\/07\/2025. Informe de necesidad.Informe de necesidad. 08\/07\/2025. Proyecto de estaciones Recargo de veh\u00edculos.PROYECTO ESTACIONES RECARGA VEHICULOS ALMU\u00d1ECAR 08\/07\/2025. PROPUESTA DE GASTO.PROPUESTA DE GASTO. 09\/07\/2025 DACI &#8211; 2 ESTACIONES RECARGA VEH\u00cdCULOS EL\u00c9CTRICOS Las ofertas se presentar\u00e1n a trav\u00e9s de la sede electr\u00f3nica del Ayuntamiento de Almu\u00f1\u00e9car &#8211;&hellip; <br \/> <a class=\"button small blue\" href=\"https:\/\/contratacion.almunecar.es\/?p=9618\">Leer m\u00e1s<\/a><\/p>\n","protected":false},"author":5,"featured_media":0,"comment_status":"closed","ping_status":"closed","sticky":false,"template":"","format":"standard","meta":{"_acf_changed":false,"footnotes":""},"categories":[3,10],"tags":[],"class_list":["post-9618","post","type-post","status-publish","format-standard","hentry","category-anuncio","category-menores"],"acf":[],"_links":{"self":[{"href":"https:\/\/contratacion.almunecar.es\/index.php?rest_route=\/wp\/v2\/posts\/9618","targetHints":{"allow":["GET"]}}],"collection":[{"href":"https:\/\/contratacion.almunecar.es\/index.php?rest_route=\/wp\/v2\/posts"}],"about":[{"href":"https:\/\/contratacion.almunecar.es\/index.php?rest_route=\/wp\/v2\/types\/post"}],"author":[{"embeddable":true,"href":"https:\/\/contratacion.almunecar.es\/index.php?rest_route=\/wp\/v2\/users\/5"}],"replies":[{"embeddable":true,"href":"https:\/\/contratacion.almunecar.es\/index.php?rest_route=%2Fwp%2Fv2%2Fcomments&post=9618"}],"version-history":[{"count":4,"href":"https:\/\/contratacion.almunecar.es\/index.php?rest_route=\/wp\/v2\/posts\/9618\/revisions"}],"predecessor-version":[{"id":9630,"href":"https:\/\/contratacion.almunecar.es\/index.php?rest_route=\/wp\/v2\/posts\/9618\/revisions\/9630"}],"wp:attachment":[{"href":"https:\/\/contratacion.almunecar.es\/index.php?rest_route=%2Fwp%2Fv2%2Fmedia&parent=9618"}],"wp:term":[{"taxonomy":"category","embeddable":true,"href":"https:\/\/contratacion.almunecar.es\/index.php?rest_route=%2Fwp%2Fv2%2Fcategories&post=9618"},{"taxonomy":"post_tag","embeddable":true,"href":"https:\/\/contratacion.almunecar.es\/index.php?rest_route=%2Fwp%2Fv2%2Ftags&post=9618"}],"curies":[{"name":"wp","href":"https:\/\/api.w.org\/{rel}","templated":true}]}}