{"id":9582,"date":"2025-07-02T10:25:57","date_gmt":"2025-07-02T08:25:57","guid":{"rendered":"https:\/\/contratacion.almunecar.es\/?p=9582"},"modified":"2025-07-24T08:11:08","modified_gmt":"2025-07-24T06:11:08","slug":"expte-28-2025-gest-3578-2025-actuacion-de-avishai-cohen-quintet-en-el-festival-de-jazz-en-la-costa-de-almunecar-el-dia-26-de-julio-de-2025","status":"publish","type":"post","link":"https:\/\/contratacion.almunecar.es\/?p=9582","title":{"rendered":"Expte. 28\/2025 (GEST 3578\/2025). Actuaci\u00f3n de Avishai Cohen Quintet, en el Festival de Jazz en la Costa de Almu\u00f1\u00e9car, el d\u00eda 26 de julio de 2025."},"content":{"rendered":"<p>02\/07\/2025 <a href=\"https:\/\/contratacion.almunecar.es\/wp-content\/uploads\/2025\/07\/INFORME-NECESIDAD-Y-NO-LOTES-26-de-julio-2025-jazz-en-la-costa.pdf\">INFORME NECESIDAD Y NO LOTES 26 de julio 2025 jazz en la costa<\/a><\/p>\n<p>02\/07\/2025 <a href=\"https:\/\/contratacion.almunecar.es\/wp-content\/uploads\/2025\/07\/PPTP-actuacion-AVISHAI-COHEN-QUINTET.pdf\">PPTP actuacion AVISHAI COHEN QUINTET<\/a><\/p>\n<p>02\/07\/2025 <a href=\"https:\/\/contratacion.almunecar.es\/wp-content\/uploads\/2025\/07\/PLIEGO-AD-ESPECTACULO-MUSICAL-AVISHAI-COHEN-QUINTET.pdf\">PLIEGO AD ESPECTACULO MUSICAL AVISHAI COHEN QUINTET<\/a><\/p>\n<p>02\/07\/2025 <a href=\"https:\/\/contratacion.almunecar.es\/wp-content\/uploads\/2025\/07\/RA-APROB-E-INICIO-EXPTE-ESP-AVISHAI-COHEN-JAZZ.pdf\">RA APROB E INICIO EXPTE ESP AVISHAI COHEN JAZZ<\/a><\/p>\n<p>02\/07\/2025 <a href=\"https:\/\/contratacion.almunecar.es\/wp-content\/uploads\/2025\/07\/PLACSP-ANUNCIO-LICITACION-ESP-AVISHAI-COHEN-JAZZ.pdf\">PLACSP &#8211; ANUNCIO LICITACI\u00d3N ESP AVISHAI COHEN JAZZ<\/a><\/p>\n<p>02\/07\/2025 <a href=\"https:\/\/contratacion.almunecar.es\/wp-content\/uploads\/2025\/07\/PLACSP-DOCUMENTO-PLIEGOS-ESP-AVISHAI-COHEN-JAZZ.pdf\">PLACSP &#8211; DOCUMENTO PLIEGOS ESP AVISHAI COHEN JAZZ<\/a><\/p>\n<p>Las ofertas podr\u00e1n presentarse hasta el d\u00eda 14 de julio de 2025, a las 11:00 horas. Para m\u00e1s informaci\u00f3n y presentaci\u00f3n e ofertas: <a href=\"https:\/\/contrataciondelestado.es\/wps\/poc?uri=deeplink%3Adetalle_licitacion&amp;idEvl=u0KUs3D32lg%2B1TMyIiZmzw%3D%3D\">click aqu\u00ed<\/a><\/p>\n<p>22\/07\/2025 <a href=\"https:\/\/contratacion.almunecar.es\/wp-content\/uploads\/2025\/07\/RA-ADJUDICACION-ESPECTACULO-JAZZ-AVISHAI-COHEN.pdf\">RA ADJUDICACION ESPECTACULO JAZZ AVISHAI COHEN<\/a><\/p>\n<p>22\/07\/2025 <a href=\"https:\/\/contratacion.almunecar.es\/wp-content\/uploads\/2025\/07\/PLACSP-ADJUDICACION-ESPECTACULO-JAZZ-AVISHAI-COHEN.pdf\">PLACSP &#8211; ADJUDICACION ESPECTACULO JAZZ AVISHAI COHEN<\/a><\/p>\n<p>24\/07\/2025 <a href=\"https:\/\/contratacion.almunecar.es\/wp-content\/uploads\/2025\/07\/PLACSP-FORMALIZACION-CONTRATO-ESP-JAZZ-AVISHAI-COHEN.pdf\">PLACSP &#8211; FORMALIZACI\u00d3N CONTRATO ESP JAZZ AVISHAI COHEN<\/a><\/p>\n","protected":false},"excerpt":{"rendered":"<p>02\/07\/2025 INFORME NECESIDAD Y NO LOTES 26 de julio 2025 jazz en la costa 02\/07\/2025 PPTP actuacion AVISHAI COHEN QUINTET 02\/07\/2025 PLIEGO AD ESPECTACULO MUSICAL AVISHAI COHEN QUINTET 02\/07\/2025 RA APROB E INICIO EXPTE ESP AVISHAI COHEN JAZZ 02\/07\/2025 PLACSP &#8211; ANUNCIO LICITACI\u00d3N ESP AVISHAI COHEN JAZZ 02\/07\/2025 PLACSP &#8211; DOCUMENTO PLIEGOS ESP AVISHAI COHEN&hellip; <br \/> <a class=\"button small blue\" href=\"https:\/\/contratacion.almunecar.es\/?p=9582\">Leer m\u00e1s<\/a><\/p>\n","protected":false},"author":5,"featured_media":0,"comment_status":"closed","ping_status":"closed","sticky":false,"template":"","format":"standard","meta":{"_acf_changed":false,"footnotes":""},"categories":[5,3,7,12,4],"tags":[],"class_list":["post-9582","post","type-post","status-publish","format-standard","hentry","category-adjudicacion_final","category-anuncio","category-formalizacion","category-formalizacion-de-contrato","category-licitacion"],"acf":[],"_links":{"self":[{"href":"https:\/\/contratacion.almunecar.es\/index.php?rest_route=\/wp\/v2\/posts\/9582","targetHints":{"allow":["GET"]}}],"collection":[{"href":"https:\/\/contratacion.almunecar.es\/index.php?rest_route=\/wp\/v2\/posts"}],"about":[{"href":"https:\/\/contratacion.almunecar.es\/index.php?rest_route=\/wp\/v2\/types\/post"}],"author":[{"embeddable":true,"href":"https:\/\/contratacion.almunecar.es\/index.php?rest_route=\/wp\/v2\/users\/5"}],"replies":[{"embeddable":true,"href":"https:\/\/contratacion.almunecar.es\/index.php?rest_route=%2Fwp%2Fv2%2Fcomments&post=9582"}],"version-history":[{"count":3,"href":"https:\/\/contratacion.almunecar.es\/index.php?rest_route=\/wp\/v2\/posts\/9582\/revisions"}],"predecessor-version":[{"id":9763,"href":"https:\/\/contratacion.almunecar.es\/index.php?rest_route=\/wp\/v2\/posts\/9582\/revisions\/9763"}],"wp:attachment":[{"href":"https:\/\/contratacion.almunecar.es\/index.php?rest_route=%2Fwp%2Fv2%2Fmedia&parent=9582"}],"wp:term":[{"taxonomy":"category","embeddable":true,"href":"https:\/\/contratacion.almunecar.es\/index.php?rest_route=%2Fwp%2Fv2%2Fcategories&post=9582"},{"taxonomy":"post_tag","embeddable":true,"href":"https:\/\/contratacion.almunecar.es\/index.php?rest_route=%2Fwp%2Fv2%2Ftags&post=9582"}],"curies":[{"name":"wp","href":"https:\/\/api.w.org\/{rel}","templated":true}]}}