{"id":9543,"date":"2025-06-23T12:15:58","date_gmt":"2025-06-23T10:15:58","guid":{"rendered":"https:\/\/contratacion.almunecar.es\/?p=9543"},"modified":"2025-08-07T08:46:26","modified_gmt":"2025-08-07T06:46:26","slug":"expediente-90-2025-gest-7720-2025-concesion-administrativa-demanial-uso-privativo-para-la-explotacion-en-periodo-estival-del-espacio-conocido-como-plaza-del-acueducto-de-la-santa-cruz-de-almuneca","status":"publish","type":"post","link":"https:\/\/contratacion.almunecar.es\/?p=9543","title":{"rendered":"Expediente 90\/2025 (GEST 7720\/2025). Concesi\u00f3n Administrativa Demanial (uso privativo) para la explotaci\u00f3n en periodo estival del espacio conocido como Plaza del Acueducto de la Santa Cruz de Almu\u00f1\u00e9car."},"content":{"rendered":"<p>20\/06\/2025 <a href=\"https:\/\/contratacion.almunecar.es\/wp-content\/uploads\/2025\/06\/INFORME-NECESIDAD-E-IDONEIDAD-CONCESION-PLAZA-ACUEDUCTO-SANTA-CRUZ.pdf\">INFORME NECESIDAD E IDONEIDAD CONCESION PLAZA ACUEDUCTO SANTA CRUZ<\/a><\/p>\n<p>20\/06\/2025 <a href=\"https:\/\/contratacion.almunecar.es\/wp-content\/uploads\/2025\/06\/MEMORIA-ASEOS-ACUEDUCTO-LA-SANTA-CRUZ.pdf\">MEMORIA ASEOS ACUEDUCTO LA SANTA CRUZ<\/a><\/p>\n<p>20\/06\/2025 <a href=\"https:\/\/contratacion.almunecar.es\/wp-content\/uploads\/2025\/06\/PLIEGO-DE-CONDICIONES-JURIDICO-ECONOMICO-ADMINISTRATIVAS-Y-TECNICAS-PLAZA-DEL-ACUEDUCTO.pdf\">PLIEGO DE CONDICIONES JURIDICO ECONOMICO ADMINISTRATIVAS Y TECNICAS PLAZA DEL ACUEDUCTO<\/a><\/p>\n<p>20\/06\/2025 <a href=\"https:\/\/contratacion.almunecar.es\/wp-content\/uploads\/2025\/06\/RA-APROB-E-INICIO-EXPTE-CONCESION-PLAZA-ACUEDUCTO-STA-CRUZ.pdf\">RA APROB E INICIO EXPTE CONCESION PLAZA ACUEDUCTO STA CRUZ<\/a><\/p>\n<p>20\/06\/2025 <a href=\"https:\/\/contratacion.almunecar.es\/wp-content\/uploads\/2025\/06\/PLACSP-ANUNCIO-LICITACION-CONCESION-PL-ACUEDUCTO-STA-CRUZ.pdf\">PLACSP &#8211; ANUNCIO LICITACI\u00d3N CONCESI\u00d3N PL ACUEDUCTO STA CRUZ<\/a><\/p>\n<p>20\/06\/2025 <a href=\"https:\/\/contratacion.almunecar.es\/wp-content\/uploads\/2025\/06\/PLACSP-DOCUMENTO-PLIEGOS-CONCESION-PL-ACUEDUCTO-STA-CRUZ.pdf\">PLACSP &#8211; DOCUMENTO PLIEGOS CONCESI\u00d3N PL ACUEDUCTO STA CRUZ<\/a><\/p>\n<p>Las ofertas podr\u00e1n presentarse hasta el d\u00eda 09.07.2025, a las 11:00 horas. Para m\u00e1s informaci\u00f3n y presentaci\u00f3n de ofertas: <a href=\"https:\/\/contrataciondelestado.es\/wps\/poc?uri=deeplink%3Adetalle_licitacion&amp;idEvl=K8hZfRro2vw36J9Lctlsuw%3D%3D\">click aqu\u00ed<\/a>.<\/p>\n<p>08\/07\/2025 <a href=\"https:\/\/contratacion.almunecar.es\/wp-content\/uploads\/2025\/06\/CITACION-MESA-DE-CONTRATACION-2025-07-11.pdf\">CITACION MESA DE CONTRATACION 2025-07-11<\/a><\/p>\n<p>11\/07\/2025 <a href=\"https:\/\/contratacion.almunecar.es\/wp-content\/uploads\/2025\/04\/ACTA-MESA-DE-CONTRATACION-2025-07-11.pdf\">ACTA MESA DE CONTRATACION 2025-07-11<\/a><\/p>\n<p>15\/07\/2025 <a href=\"https:\/\/contratacion.almunecar.es\/wp-content\/uploads\/2025\/06\/RA-REQUER-DOC-CONCESION-PLAZA-ACUEDUCTO-STA-CRUZ.pdf\">RA REQUER DOC CONCESION PLAZA ACUEDUCTO STA CRUZ<\/a><\/p>\n<p>15\/07\/2025 <a href=\"https:\/\/contratacion.almunecar.es\/wp-content\/uploads\/2025\/06\/PLACSP-REQUER-DOC-CONCESION-PLAZA-ACUEDUCTO-STA-CRUZ.pdf\">PLACSP &#8211; REQUER DOC CONCESION PLAZA ACUEDUCTO STA CRUZ<\/a><\/p>\n<p>31\/07\/2025 <a href=\"https:\/\/contratacion.almunecar.es\/wp-content\/uploads\/2025\/06\/RA-ADJUDICACION-CONCESION-PL-ACUEDUCTO-STA-CRUZ.pdf\">RA ADJUDICACION CONCESION PL ACUEDUCTO STA CRUZ<\/a><\/p>\n<p>31\/07\/2025 <a href=\"https:\/\/contratacion.almunecar.es\/wp-content\/uploads\/2025\/06\/PLACSP-ADJUDICACION-CONCESION-PL-ACUEDUCTO-STA-CRUZ.pdf\">PLACSP &#8211; ADJUDICACION CONCESION PL ACUEDUCTO STA CRUZ<\/a><\/p>\n<p>07\/08\/2025 <a href=\"https:\/\/contratacion.almunecar.es\/wp-content\/uploads\/2025\/06\/PLACSP-FORMALIZACION-CONCESION-PLAZA-ACUEDUCTO-STA-CRUZ.pdf\">PLACSP &#8211; FORMALIZACI\u00d3N CONCESI\u00d3N PLAZA ACUEDUCTO STA CRUZ<\/a><\/p>\n","protected":false},"excerpt":{"rendered":"<p>20\/06\/2025 INFORME NECESIDAD E IDONEIDAD CONCESION PLAZA ACUEDUCTO SANTA CRUZ 20\/06\/2025 MEMORIA ASEOS ACUEDUCTO LA SANTA CRUZ 20\/06\/2025 PLIEGO DE CONDICIONES JURIDICO ECONOMICO ADMINISTRATIVAS Y TECNICAS PLAZA DEL ACUEDUCTO 20\/06\/2025 RA APROB E INICIO EXPTE CONCESION PLAZA ACUEDUCTO STA CRUZ 20\/06\/2025 PLACSP &#8211; ANUNCIO LICITACI\u00d3N CONCESI\u00d3N PL ACUEDUCTO STA CRUZ 20\/06\/2025 PLACSP &#8211; DOCUMENTO PLIEGOS&hellip; <br \/> <a class=\"button small blue\" href=\"https:\/\/contratacion.almunecar.es\/?p=9543\">Leer m\u00e1s<\/a><\/p>\n","protected":false},"author":5,"featured_media":0,"comment_status":"closed","ping_status":"closed","sticky":false,"template":"","format":"standard","meta":{"_acf_changed":false,"footnotes":""},"categories":[5,3,7,12,4],"tags":[],"class_list":["post-9543","post","type-post","status-publish","format-standard","hentry","category-adjudicacion_final","category-anuncio","category-formalizacion","category-formalizacion-de-contrato","category-licitacion"],"acf":[],"_links":{"self":[{"href":"https:\/\/contratacion.almunecar.es\/index.php?rest_route=\/wp\/v2\/posts\/9543","targetHints":{"allow":["GET"]}}],"collection":[{"href":"https:\/\/contratacion.almunecar.es\/index.php?rest_route=\/wp\/v2\/posts"}],"about":[{"href":"https:\/\/contratacion.almunecar.es\/index.php?rest_route=\/wp\/v2\/types\/post"}],"author":[{"embeddable":true,"href":"https:\/\/contratacion.almunecar.es\/index.php?rest_route=\/wp\/v2\/users\/5"}],"replies":[{"embeddable":true,"href":"https:\/\/contratacion.almunecar.es\/index.php?rest_route=%2Fwp%2Fv2%2Fcomments&post=9543"}],"version-history":[{"count":7,"href":"https:\/\/contratacion.almunecar.es\/index.php?rest_route=\/wp\/v2\/posts\/9543\/revisions"}],"predecessor-version":[{"id":9824,"href":"https:\/\/contratacion.almunecar.es\/index.php?rest_route=\/wp\/v2\/posts\/9543\/revisions\/9824"}],"wp:attachment":[{"href":"https:\/\/contratacion.almunecar.es\/index.php?rest_route=%2Fwp%2Fv2%2Fmedia&parent=9543"}],"wp:term":[{"taxonomy":"category","embeddable":true,"href":"https:\/\/contratacion.almunecar.es\/index.php?rest_route=%2Fwp%2Fv2%2Fcategories&post=9543"},{"taxonomy":"post_tag","embeddable":true,"href":"https:\/\/contratacion.almunecar.es\/index.php?rest_route=%2Fwp%2Fv2%2Ftags&post=9543"}],"curies":[{"name":"wp","href":"https:\/\/api.w.org\/{rel}","templated":true}]}}