{"id":9480,"date":"2025-06-05T09:17:56","date_gmt":"2025-06-05T07:17:56","guid":{"rendered":"https:\/\/contratacion.almunecar.es\/?p=9480"},"modified":"2025-10-24T10:22:00","modified_gmt":"2025-10-24T08:22:00","slug":"expte-26-2025-gest-3517-2025-concesion-del-servicio-de-gestion-del-centro-de-dia-para-mayores-de-almunecar","status":"publish","type":"post","link":"https:\/\/contratacion.almunecar.es\/?p=9480","title":{"rendered":"EXPTE. 26\/2025 (GEST 3517\/2025): CONCESI\u00d3N DEL SERVICIO DE GESTI\u00d3N DEL CENTRO DE D\u00cdA PARA MAYORES DE ALMU\u00d1\u00c9CAR."},"content":{"rendered":"<p>05\/06\/2025 <a href=\"https:\/\/contratacion.almunecar.es\/wp-content\/uploads\/2025\/06\/INFORME-NECESIDAD-E-INSUF-MEDIOS-CENTRO-DE-DIA.pdf\">INFORME NECESIDAD E INSUF MEDIOS CENTRO DE DIA<\/a><\/p>\n<p>05\/06\/2025 <a href=\"https:\/\/contratacion.almunecar.es\/wp-content\/uploads\/2025\/06\/MEMORIA-JUSTIFICATIVA-CENTRO-DIA.pdf\">MEMORIA JUSTIFICATIVA CENTRO DIA<\/a><\/p>\n<p>05\/06\/2025 <a href=\"https:\/\/contratacion.almunecar.es\/wp-content\/uploads\/2025\/06\/PPT-CONCESION-SERVICIOS-CENTRO-DE-DIA.pdf\">PPT CONCESION SERVICIOS CENTRO DE DIA<\/a><\/p>\n<p>05\/06\/2025 <a href=\"https:\/\/contratacion.almunecar.es\/wp-content\/uploads\/2025\/06\/PCAP-CONCESION-SERVICIOS-CENTRO-DE-DIA.pdf\">PCAP CONCESION SERVICIOS CENTRO DE DIA<\/a><\/p>\n<p>05\/06\/2025 <a href=\"https:\/\/contratacion.almunecar.es\/wp-content\/uploads\/2025\/06\/ESTUDIO-VIABILIDAD-ECONOMICO-FINANCIERO-2.pdf\">ESTUDIO VIABILIDAD ECONOMICO FINANCIERO<\/a><\/p>\n<p>05\/06\/2025 <a href=\"https:\/\/contratacion.almunecar.es\/wp-content\/uploads\/2025\/06\/ANEXO-VALOR-ESTIMADO-DEL-CONTRATO.pdf\">ANEXO VALOR ESTIMADO DEL CONTRATO<\/a><\/p>\n<p>05\/06\/2025 <a href=\"https:\/\/contratacion.almunecar.es\/wp-content\/uploads\/2025\/06\/CERTIFICADO-PLENO-APROB-ESTUDIO-VIABILIDAD.pdf\">CERTIFICADO PLENO APROB ESTUDIO VIABILIDAD<\/a><\/p>\n<p>05\/06\/2025 <a href=\"https:\/\/contratacion.almunecar.es\/wp-content\/uploads\/2025\/06\/CERTIFICADO-PLENO-APROB-E-INICIO-EXPTE-CENTRO-DIA.pdf\">CERTIFICADO PLENO APROB E INICIO EXPTE CENTRO DIA<\/a><\/p>\n<p>05\/06\/2025 <a href=\"https:\/\/contratacion.almunecar.es\/wp-content\/uploads\/2025\/06\/PLACSP-ANUNCIO-PREVIO-CONCESION-SERVICIOS-CENTRO-DE-DIA.pdf\">PLACSP &#8211; ANUNCIO PREVIO CONCESI\u00d3N SERVICIOS CENTRO DE D\u00cdA<\/a><\/p>\n<p>&nbsp;<\/p>\n<p>El plazo de presentaci\u00f3n de solicitudes de participaci\u00f3n ser\u00e1 hasta el 30\/06\/2025 a las 11:00 horas, y se habr\u00e1n de presentar a trav\u00e9s de la Herramienta de Preparaci\u00f3n y presentaci\u00f3n de Ofertas de la Plataforma de Contrataci\u00f3n del Sector P\u00fablico. Ver PCAP.<\/p>\n<p>Para m\u00e1s informaci\u00f3n y presentaci\u00f3n de solicitudes de participaci\u00f3n: <a href=\"https:\/\/contrataciondelestado.es\/wps\/poc?uri=deeplink%3Adetalle_licitacion&amp;idEvl=z0vsHkRPffq7JOCXkOhcDg%3D%3D\">Cl\u00edck aqu\u00ed<\/a><\/p>\n<p>12\/06\/2025 <a href=\"https:\/\/contratacion.almunecar.es\/wp-content\/uploads\/2025\/06\/PLACSP-ANUNCIO-LICITACION-SOLICITUDES-PARTICIPAC.-CONCESION-SERVICIOS-CENTRO-DE-DIA.pdf\">PLACSP &#8211; ANUNCIO LICITACI\u00d3N SOLICITUDES PARTICIPAC. CONCESI\u00d3N SERVICIOS CENTRO DE D\u00cdA<\/a><\/p>\n<p>12\/06\/2025 <a href=\"https:\/\/contratacion.almunecar.es\/wp-content\/uploads\/2025\/06\/PLACSP-DOCUMENTO-PLIEGOS-SOLICITUDES-PARTICIPAC.-CONCESION-SERVICIOS-CENTRO-DE-DIA.pdf\">PLACSP &#8211; DOCUMENTO PLIEGOS SOLICITUDES PARTICIPAC. CONCESI\u00d3N SERVICIOS CENTRO DE D\u00cdA<\/a><\/p>\n<p>01\/07\/2025 <a href=\"https:\/\/contratacion.almunecar.es\/wp-content\/uploads\/2025\/06\/CITACION-MESA-DE-CONTRATACION-2025-07-04.pdf\">CITACI\u00d3N MESA DE CONTRATACI\u00d3N 2025-07-04<\/a><\/p>\n<p>08\/07\/2025 <a href=\"https:\/\/contratacion.almunecar.es\/wp-content\/uploads\/2025\/06\/ACTA-MESA-DE-CONTRATACION-2025-07-04.pdf\">ACTA MESA DE CONTRATACION 2025-07-04<\/a><\/p>\n<p>&nbsp;<\/p>\n<p>09\/07\/2025 <a href=\"https:\/\/contratacion.almunecar.es\/wp-content\/uploads\/2025\/06\/PLACSP-INVITACION-A-OFERTA-FINAL-AL-ALBA-SL.pdf\">PLACSP &#8211; INVITACION A OFERTA FINAL &#8211; AL ALBA SL<\/a><\/p>\n<p>09\/07\/2025 <a href=\"https:\/\/contratacion.almunecar.es\/wp-content\/uploads\/2025\/06\/PLACSP-INVITACION-A-OFERTA-FINAL-EDIA-SLU.pdf\">PLACSP &#8211; INVITACION A OFERTA FINAL &#8211; EDIA SLU<\/a><\/p>\n<p>09\/07\/2025 <a href=\"https:\/\/contratacion.almunecar.es\/wp-content\/uploads\/2025\/06\/PLACSP-INVITACION-A-OFERTA-FINAL-RES-MAYORES-COSTA-TROPICAL-SL.pdf\">PLACSP &#8211; INVITACION A OFERTA FINAL &#8211; RES MAYORES COSTA TROPICAL SL<\/a><\/p>\n<p>09\/07\/2025 <a href=\"https:\/\/contratacion.almunecar.es\/wp-content\/uploads\/2025\/06\/INVITACION-CONCESION-SERVICIOS-CENTRO-DE-DIA-AL-ALBA-S.L.pdf\">INVITACI\u00d3N CONCESI\u00d3N SERVICIOS CENTRO DE D\u00cdA &#8211; AL ALBA S.L<\/a><\/p>\n<p>09\/07\/2025 <a href=\"https:\/\/contratacion.almunecar.es\/wp-content\/uploads\/2025\/06\/INVITACION-CONCESION-SERVICIOS-CENTRO-DE-DIA-EDIA-S.L.U.pdf\">INVITACI\u00d3N CONCESI\u00d3N SERVICIOS CENTRO DE D\u00cdA &#8211; EDIA S.L.U<\/a><\/p>\n<p>09\/07\/2025 <a href=\"https:\/\/contratacion.almunecar.es\/wp-content\/uploads\/2025\/06\/INVITACION-CONCESION-SERVICIOS-CENTRO-DE-DIA-RES.-MAYORES-COSTA-TROPICAL-S.L.pdf\">INVITACI\u00d3N CONCESI\u00d3N SERVICIOS CENTRO DE D\u00cdA &#8211; RES. MAYORES COSTA TROPICAL S.L<\/a><\/p>\n<ul>\n<li>El \u00d3rgano de Contrataci\u00f3n admite a las empresas <em style=\"font-size: 18px; font-family: inherit; font-variant-ligatures: inherit; font-variant-caps: inherit; font-weight: inherit;\">AL ALBA EMPRESA DE SERVICIOS EDUCATIVOS, S.L.<\/em><span style=\"font-size: 18px; font-style: inherit; font-variant-ligatures: inherit; font-variant-caps: inherit; font-weight: inherit;\">, con CIF: <\/span><em style=\"font-size: 18px; font-family: inherit; font-variant-ligatures: inherit; font-variant-caps: inherit; font-weight: inherit;\">B04426003<\/em><span style=\"font-size: 18px; font-style: inherit; font-variant-ligatures: inherit; font-variant-caps: inherit; font-weight: inherit;\">, <\/span><em style=\"font-size: 18px; font-family: inherit; font-variant-ligatures: inherit; font-variant-caps: inherit; font-weight: inherit;\">EMP. DIVERSIFICACION INTEGRAL DEL AND\u00c9VALO, S.L.U.,<\/em><span style=\"font-size: 18px; font-style: inherit; font-variant-ligatures: inherit; font-variant-caps: inherit; font-weight: inherit;\"> con CIF: <\/span><em style=\"font-size: 18px; font-family: inherit; font-variant-ligatures: inherit; font-variant-caps: inherit; font-weight: inherit;\">B21368246<\/em><span style=\"font-size: 18px; font-style: inherit; font-variant-ligatures: inherit; font-variant-caps: inherit; font-weight: inherit;\">, y <\/span><em style=\"font-size: 18px; font-family: inherit; font-variant-ligatures: inherit; font-variant-caps: inherit; font-weight: inherit;\">RESIDENCIA MAYORES COSTA TROPICAL, S.L.<\/em><span style=\"font-size: 18px; font-style: inherit; font-variant-ligatures: inherit; font-variant-caps: inherit; font-weight: inherit;\">, con CIF: <\/span><em style=\"font-size: 18px; font-family: inherit; font-variant-ligatures: inherit; font-variant-caps: inherit; font-weight: inherit;\">B18613059, <\/em>para continuar con la siguiente fase del procedimiento restringido, e invita a las tres empresas para que presenten las Memorias t\u00e9cnicas, con los Proyectos t\u00e9cnicos de desarrollo y gesti\u00f3n del servicio, as\u00ed como las proposiciones econ\u00f3micas. Se otorga un plazo de presentaci\u00f3n de ofertas que finaliza el 05 de agosto de 2025, 11:00 horas (en esta fase s\u00f3lo podr\u00e1n presentar ofertas las tres empresas invitadas).<\/li>\n<li>El enlace a la licitaci\u00f3n a trav\u00e9s de la PLACSP es el siguiente:https:\/\/contrataciondelestado.es\/wps\/poc?uri=deeplink%3Adetalle_licitacion&amp;idEvl=z0vsHkRPffq7JOCXkOhcDg%3D%3D<\/li>\n<\/ul>\n<p>01\/08\/2025 <a href=\"https:\/\/contratacion.almunecar.es\/wp-content\/uploads\/2025\/06\/CITACION-MESA-DE-CONTRATACION-2025-08-07.pdf\">CITACION MESA DE CONTRATACION 2025-08-07<\/a><\/p>\n<p>21\/08\/2025 <a href=\"https:\/\/contratacion.almunecar.es\/wp-content\/uploads\/2025\/06\/ACTA-MESA-DE-CONTRATACION-2025-08-07.pdf\">ACTA MESA DE CONTRATACION 2025-08-07<\/a><\/p>\n<p>25\/08\/2025 <a href=\"https:\/\/contratacion.almunecar.es\/wp-content\/uploads\/2025\/07\/CITACION-MESA-DE-CONTRATACION-2025-08-28.pdf\">CITACION MESA DE CONTRATACION 2025-08-28<\/a><\/p>\n<p>03\/09\/2025 <a href=\"https:\/\/contratacion.almunecar.es\/wp-content\/uploads\/2025\/07\/ACTA-MESA-DE-CONTRATACION-2025-08-28.pdf\">ACTA MESA DE CONTRATACION 2025-08-28<\/a><\/p>\n<p>11\/09\/2025 <a href=\"https:\/\/contratacion.almunecar.es\/wp-content\/uploads\/2025\/06\/RA-REQUER-DOC-CONCESION-SERVICIOS-CENTRO-DE-DIA.pdf\">RA REQUER DOC CONCESION SERVICIOS CENTRO DE DIA<\/a><\/p>\n<p>11\/09\/2025 <a href=\"https:\/\/contratacion.almunecar.es\/wp-content\/uploads\/2025\/06\/PLACSP-REQUER-DOC-CONCESION-SERVICIOS-CENTRO-DE-DIA.pdf\">PLACSP &#8211; REQUER DOC CONCESION SERVICIOS CENTRO DE DIA<\/a><\/p>\n<p>20\/10\/2025 <a href=\"https:\/\/contratacion.almunecar.es\/wp-content\/uploads\/2025\/06\/RA-ADJUDICACION-CONCESION-SERVICIOS-CENTRO-DE-DIA.pdf\">RA ADJUDICACION CONCESION SERVICIOS CENTRO DE DIA<\/a><\/p>\n<p>20\/10\/2025 <a href=\"https:\/\/contratacion.almunecar.es\/wp-content\/uploads\/2025\/06\/PLACSP-ADJUDICACION-CONCESION-SERVICIOS-CENTRO-DE-DIA.pdf\">PLACSP &#8211; ADJUDICACION CONCESION SERVICIOS CENTRO DE DIA<\/a><\/p>\n<p>24\/10\/2025 <a href=\"https:\/\/contratacion.almunecar.es\/wp-content\/uploads\/2025\/06\/PLACSP-FORMALIZACION-CONTRATO-SERVICIO-CENTRO-DE-DIA-1.pdf\">PLACSP &#8211; FORMALIZACI\u00d3N CONTRATO SERVICIO CENTRO DE D\u00cdA<\/a><\/p>\n<p>&nbsp;<\/p>\n<p>&nbsp;<\/p>\n<p>&nbsp;<\/p>\n<p>&nbsp;<\/p>\n<p>&nbsp;<\/p>\n<p>&nbsp;<\/p>\n<p>&nbsp;<\/p>\n<p>&nbsp;<\/p>\n","protected":false},"excerpt":{"rendered":"<p>05\/06\/2025 INFORME NECESIDAD E INSUF MEDIOS CENTRO DE DIA 05\/06\/2025 MEMORIA JUSTIFICATIVA CENTRO DIA 05\/06\/2025 PPT CONCESION SERVICIOS CENTRO DE DIA 05\/06\/2025 PCAP CONCESION SERVICIOS CENTRO DE DIA 05\/06\/2025 ESTUDIO VIABILIDAD ECONOMICO FINANCIERO 05\/06\/2025 ANEXO VALOR ESTIMADO DEL CONTRATO 05\/06\/2025 CERTIFICADO PLENO APROB ESTUDIO VIABILIDAD 05\/06\/2025 CERTIFICADO PLENO APROB E INICIO EXPTE CENTRO DIA 05\/06\/2025&hellip; <br \/> <a class=\"button small blue\" href=\"https:\/\/contratacion.almunecar.es\/?p=9480\">Leer m\u00e1s<\/a><\/p>\n","protected":false},"author":5,"featured_media":0,"comment_status":"closed","ping_status":"closed","sticky":false,"template":"","format":"standard","meta":{"_acf_changed":false,"footnotes":""},"categories":[5,3,7,12],"tags":[],"class_list":["post-9480","post","type-post","status-publish","format-standard","hentry","category-adjudicacion_final","category-anuncio","category-formalizacion","category-formalizacion-de-contrato"],"acf":[],"_links":{"self":[{"href":"https:\/\/contratacion.almunecar.es\/index.php?rest_route=\/wp\/v2\/posts\/9480","targetHints":{"allow":["GET"]}}],"collection":[{"href":"https:\/\/contratacion.almunecar.es\/index.php?rest_route=\/wp\/v2\/posts"}],"about":[{"href":"https:\/\/contratacion.almunecar.es\/index.php?rest_route=\/wp\/v2\/types\/post"}],"author":[{"embeddable":true,"href":"https:\/\/contratacion.almunecar.es\/index.php?rest_route=\/wp\/v2\/users\/5"}],"replies":[{"embeddable":true,"href":"https:\/\/contratacion.almunecar.es\/index.php?rest_route=%2Fwp%2Fv2%2Fcomments&post=9480"}],"version-history":[{"count":13,"href":"https:\/\/contratacion.almunecar.es\/index.php?rest_route=\/wp\/v2\/posts\/9480\/revisions"}],"predecessor-version":[{"id":10256,"href":"https:\/\/contratacion.almunecar.es\/index.php?rest_route=\/wp\/v2\/posts\/9480\/revisions\/10256"}],"wp:attachment":[{"href":"https:\/\/contratacion.almunecar.es\/index.php?rest_route=%2Fwp%2Fv2%2Fmedia&parent=9480"}],"wp:term":[{"taxonomy":"category","embeddable":true,"href":"https:\/\/contratacion.almunecar.es\/index.php?rest_route=%2Fwp%2Fv2%2Fcategories&post=9480"},{"taxonomy":"post_tag","embeddable":true,"href":"https:\/\/contratacion.almunecar.es\/index.php?rest_route=%2Fwp%2Fv2%2Ftags&post=9480"}],"curies":[{"name":"wp","href":"https:\/\/api.w.org\/{rel}","templated":true}]}}