{"id":947,"date":"2018-07-20T13:05:31","date_gmt":"2018-07-20T11:05:31","guid":{"rendered":"http:\/\/contratacion.almunecar.es\/?p=947"},"modified":"2018-09-28T11:23:10","modified_gmt":"2018-09-28T09:23:10","slug":"expte-109-2018-gestiona-5852-2018-espectaculos-musicales","status":"publish","type":"post","link":"https:\/\/contratacion.almunecar.es\/?p=947","title":{"rendered":"EXPTE. 109\/2018 (GESTIONA 5852\/2018) FORMALIZACION DE CONTRATO ESPECTACULOS MUSICALES."},"content":{"rendered":"<p><a href=\"http:\/\/contratacion.almunecar.es\/wp-content\/uploads\/2018\/07\/CITACION-MESA-CONTRATACION-1-8-2018-1.pdf\">CITACION MESA CONTRATACION 1-8-2018<\/a><\/p>\n<p><a href=\"http:\/\/contratacion.almunecar.es\/wp-content\/uploads\/2018\/07\/20180720_DECRETO-2018-2571-Resoluci\u00f3n-Alcald\u00eda-Expte.-109-2018-5852.pdf\">20180720_DECRETO 2018-2571 [Resoluci\u00f3n Alcald\u00eda Expte. 109-2018 5852]<\/a><\/p>\n<p><a href=\"http:\/\/contratacion.almunecar.es\/wp-content\/uploads\/2018\/07\/PLIEGO-ADMINISTRATIVO-ESPECT\u00c1CULO-MUSICAL-2.pdf\">PLIEGO ADMINISTRATIVO ESPECT\u00c1CULO MUSICAL-2<\/a><\/p>\n<p><a href=\"http:\/\/contratacion.almunecar.es\/wp-content\/uploads\/2018\/07\/P.P.T.P.-ESPECT\u00c1CULO-MUSICAL-FIESTAS-DE-AGOSTO-2018-1.pdf\">P.P.T.P. ESPECT\u00c1CULO MUSICAL FIESTAS DE AGOSTO 2018-1<\/a><\/p>\n","protected":false},"excerpt":{"rendered":"<p>CITACION MESA CONTRATACION 1-8-2018 20180720_DECRETO 2018-2571 [Resoluci\u00f3n Alcald\u00eda Expte. 109-2018 5852] PLIEGO ADMINISTRATIVO ESPECT\u00c1CULO MUSICAL-2 P.P.T.P. ESPECT\u00c1CULO MUSICAL FIESTAS DE AGOSTO 2018-1<\/p>\n","protected":false},"author":2,"featured_media":0,"comment_status":"closed","ping_status":"closed","sticky":false,"template":"","format":"standard","meta":{"_acf_changed":false,"footnotes":""},"categories":[3,4],"tags":[],"class_list":["post-947","post","type-post","status-publish","format-standard","hentry","category-anuncio","category-licitacion"],"acf":[],"_links":{"self":[{"href":"https:\/\/contratacion.almunecar.es\/index.php?rest_route=\/wp\/v2\/posts\/947","targetHints":{"allow":["GET"]}}],"collection":[{"href":"https:\/\/contratacion.almunecar.es\/index.php?rest_route=\/wp\/v2\/posts"}],"about":[{"href":"https:\/\/contratacion.almunecar.es\/index.php?rest_route=\/wp\/v2\/types\/post"}],"author":[{"embeddable":true,"href":"https:\/\/contratacion.almunecar.es\/index.php?rest_route=\/wp\/v2\/users\/2"}],"replies":[{"embeddable":true,"href":"https:\/\/contratacion.almunecar.es\/index.php?rest_route=%2Fwp%2Fv2%2Fcomments&post=947"}],"version-history":[{"count":6,"href":"https:\/\/contratacion.almunecar.es\/index.php?rest_route=\/wp\/v2\/posts\/947\/revisions"}],"predecessor-version":[{"id":1234,"href":"https:\/\/contratacion.almunecar.es\/index.php?rest_route=\/wp\/v2\/posts\/947\/revisions\/1234"}],"wp:attachment":[{"href":"https:\/\/contratacion.almunecar.es\/index.php?rest_route=%2Fwp%2Fv2%2Fmedia&parent=947"}],"wp:term":[{"taxonomy":"category","embeddable":true,"href":"https:\/\/contratacion.almunecar.es\/index.php?rest_route=%2Fwp%2Fv2%2Fcategories&post=947"},{"taxonomy":"post_tag","embeddable":true,"href":"https:\/\/contratacion.almunecar.es\/index.php?rest_route=%2Fwp%2Fv2%2Ftags&post=947"}],"curies":[{"name":"wp","href":"https:\/\/api.w.org\/{rel}","templated":true}]}}