{"id":9465,"date":"2025-06-04T11:46:39","date_gmt":"2025-06-04T09:46:39","guid":{"rendered":"https:\/\/contratacion.almunecar.es\/?p=9465"},"modified":"2025-09-30T13:00:09","modified_gmt":"2025-09-30T11:00:09","slug":"expte-87-2024-gest-7154-2024-concesion-de-servicio-de-gestion-de-la-escuela-de-musica-y-danza-de-almunecar","status":"publish","type":"post","link":"https:\/\/contratacion.almunecar.es\/?p=9465","title":{"rendered":"Expte. 87B\/2024 (GEST 7154\/2024). Concesi\u00f3n de Servicio de Gesti\u00f3n de la Escuela de M\u00fasica y Danza de Almu\u00f1\u00e9car."},"content":{"rendered":"<p>04\/06\/2025 <a href=\"https:\/\/contratacion.almunecar.es\/wp-content\/uploads\/2025\/06\/INFORME-NECESIDAD-AUSENCIA-MEDIOS-Y-NO-LOTES.pdf\">INFORME NECESIDAD AUSENCIA MEDIOS Y NO LOTES<\/a><\/p>\n<p>04\/06\/2025 <a href=\"https:\/\/contratacion.almunecar.es\/wp-content\/uploads\/2025\/06\/MEMORIA-JUSTIFICATIVA.pdf\">MEMORIA JUSTIFICATIVA<\/a><\/p>\n<p>04\/06\/2025 <a href=\"https:\/\/contratacion.almunecar.es\/wp-content\/uploads\/2025\/06\/Valoracion-estimada-de-las-obras-de-mejora-de-la-escuela-de-musica.pdf\">Valoracion estimada de las obras de mejora de la escuela de musica<\/a><\/p>\n<p>04\/06\/2025 <a href=\"https:\/\/contratacion.almunecar.es\/wp-content\/uploads\/2025\/06\/Inventario-instrumentos-Septiembre-2024.pdf\">Inventario instrumentos Septiembre 2024<\/a><\/p>\n<p>04\/06\/2025 <a href=\"https:\/\/contratacion.almunecar.es\/wp-content\/uploads\/2025\/06\/APROB-ESTUDIO-VIABILIDAD-CONCESION-ESCUELA-DE-MUSICA.pdf\">APROB ESTUDIO VIABILIDAD CONCESION ESCUELA DE MUSICA<\/a><\/p>\n<p>04\/06\/2025 <a href=\"https:\/\/contratacion.almunecar.es\/wp-content\/uploads\/2025\/06\/PCAP_CONCESION-SERVICIOS-ESCUELA-DE-MUSICA.pdf\">PCAP_CONCESION SERVICIOS ESCUELA DE MUSICA<\/a><\/p>\n<p>04\/06\/2025 <a href=\"https:\/\/contratacion.almunecar.es\/wp-content\/uploads\/2025\/06\/PPT-Pliego-Condiciones-Tecnicas-Escuela-Musica-y-Danza.pdf\">PPT Pliego Condiciones Tecnicas Escuela Musica y Danza<\/a><\/p>\n<p>04\/06\/2025 <a href=\"https:\/\/contratacion.almunecar.es\/wp-content\/uploads\/2025\/06\/APROB-E-INICIO-EXPTE-CONCESION-ESCUELA-DE-MUSICA.pdf\">APROB E INICIO EXPTE CONCESION ESCUELA DE MUSICA<\/a><\/p>\n<p>04\/06\/2025 <a href=\"https:\/\/contratacion.almunecar.es\/wp-content\/uploads\/2025\/06\/PLACSP-LICITACION-CONCESION-ESCUELA-MUSICA.pdf\">PLACSP &#8211; LICITACI\u00d3N CONCESI\u00d3N ESCUELA M\u00daSICA<\/a><\/p>\n<p>04\/06\/2025 <a href=\"https:\/\/contratacion.almunecar.es\/wp-content\/uploads\/2025\/06\/PLACSP-DOCUMENTO-PLIEGOS-CONCESION-ESCUELA-MUSICA.pdf\">PLACSP &#8211; DOCUMENTO PLIEGOS CONCESI\u00d3N ESCUELA M\u00daSICA<\/a><\/p>\n<p>Las ofertas podr\u00e1n presentarse hasta el d\u00eda 01\/07\/2025, a las 11:00 horas. Para m\u00e1s informaci\u00f3n y presentaci\u00f3n de ofertas: <a href=\"https:\/\/contrataciondelestado.es\/wps\/poc?uri=deeplink%3Adetalle_licitacion&amp;idEvl=IWpMKv1dPAE%2FbjW6njtWLw%3D%3D\">click aqu\u00ed.<\/a><\/p>\n<p>01\/07\/2025 <a href=\"https:\/\/contratacion.almunecar.es\/wp-content\/uploads\/2025\/06\/CITACION-MESA-DE-CONTRATACION-2025-07-04.pdf\">CITACI\u00d3N MESA DE CONTRATACI\u00d3N 2025-07-04<\/a><\/p>\n<p>08\/07\/2025 <a href=\"https:\/\/contratacion.almunecar.es\/wp-content\/uploads\/2025\/06\/ACTA-MESA-DE-CONTRATACION-2025-07-04.pdf\">ACTA MESA DE CONTRATACION 2025-07-04<\/a><\/p>\n<p>01\/08\/2025 <a href=\"https:\/\/contratacion.almunecar.es\/wp-content\/uploads\/2025\/06\/CITACION-MESA-DE-CONTRATACION-2025-08-07.pdf\">CITACION MESA DE CONTRATACION 2025-08-07<\/a><\/p>\n<p>21\/08\/2025 <a href=\"https:\/\/contratacion.almunecar.es\/wp-content\/uploads\/2025\/06\/ACTA-MESA-DE-CONTRATACION-2025-08-07-1.pdf\">ACTA MESA DE CONTRATACION 2025-08-07<\/a><\/p>\n<p>02\/09\/2025 <a href=\"https:\/\/contratacion.almunecar.es\/wp-content\/uploads\/2025\/07\/CITACION-MESA-DE-CONTRATACION-2025-09-05.pdf\">CITACION MESA DE CONTRATACION 2025-09-05<\/a><\/p>\n<p>08\/09\/2025 <a href=\"https:\/\/contratacion.almunecar.es\/wp-content\/uploads\/2025\/06\/PLACSP-COMUNICACION-SUBSANAC-DOC-ADMVA-ASOC-LIVE-MUSIC-G19700509.pdf\">PLACSP &#8211; COMUNICACION SUBSANAC DOC ADMVA ASOC LIVE MUSIC G19700509<\/a><\/p>\n<p>09\/09\/2025 <a href=\"https:\/\/contratacion.almunecar.es\/wp-content\/uploads\/2025\/06\/CITACION-MESA-DE-CONTRATACION-2025-09-12.pdf\">CITACION MESA DE CONTRATACION 2025-09-12<\/a><\/p>\n<p>26\/09\/2025 <a href=\"https:\/\/contratacion.almunecar.es\/wp-content\/uploads\/2025\/07\/ACTA-MESA-DE-CONTRATACION-2025-09-05.pdf\">ACTA MESA DE CONTRATACION 2025-09-05<\/a><\/p>\n<p>30\/09\/2025 <a href=\"https:\/\/contratacion.almunecar.es\/wp-content\/uploads\/2025\/06\/ACTA-MESA-DE-CONTRATACION-2025-09-12.pdf\">ACTA MESA DE CONTRATACION 2025-09-12<\/a><\/p>\n<p>&nbsp;<\/p>\n<p>&nbsp;<\/p>\n<p>&nbsp;<\/p>\n<p>&nbsp;<\/p>\n<p>&nbsp;<\/p>\n<p>&nbsp;<\/p>\n<p>&nbsp;<\/p>\n<p>&nbsp;<\/p>\n","protected":false},"excerpt":{"rendered":"<p>04\/06\/2025 INFORME NECESIDAD AUSENCIA MEDIOS Y NO LOTES 04\/06\/2025 MEMORIA JUSTIFICATIVA 04\/06\/2025 Valoracion estimada de las obras de mejora de la escuela de musica 04\/06\/2025 Inventario instrumentos Septiembre 2024 04\/06\/2025 APROB ESTUDIO VIABILIDAD CONCESION ESCUELA DE MUSICA 04\/06\/2025 PCAP_CONCESION SERVICIOS ESCUELA DE MUSICA 04\/06\/2025 PPT Pliego Condiciones Tecnicas Escuela Musica y Danza 04\/06\/2025 APROB E&hellip; <br \/> <a class=\"button small blue\" href=\"https:\/\/contratacion.almunecar.es\/?p=9465\">Leer m\u00e1s<\/a><\/p>\n","protected":false},"author":5,"featured_media":0,"comment_status":"closed","ping_status":"closed","sticky":false,"template":"","format":"standard","meta":{"_acf_changed":false,"footnotes":""},"categories":[3,4],"tags":[],"class_list":["post-9465","post","type-post","status-publish","format-standard","hentry","category-anuncio","category-licitacion"],"acf":[],"_links":{"self":[{"href":"https:\/\/contratacion.almunecar.es\/index.php?rest_route=\/wp\/v2\/posts\/9465","targetHints":{"allow":["GET"]}}],"collection":[{"href":"https:\/\/contratacion.almunecar.es\/index.php?rest_route=\/wp\/v2\/posts"}],"about":[{"href":"https:\/\/contratacion.almunecar.es\/index.php?rest_route=\/wp\/v2\/types\/post"}],"author":[{"embeddable":true,"href":"https:\/\/contratacion.almunecar.es\/index.php?rest_route=\/wp\/v2\/users\/5"}],"replies":[{"embeddable":true,"href":"https:\/\/contratacion.almunecar.es\/index.php?rest_route=%2Fwp%2Fv2%2Fcomments&post=9465"}],"version-history":[{"count":12,"href":"https:\/\/contratacion.almunecar.es\/index.php?rest_route=\/wp\/v2\/posts\/9465\/revisions"}],"predecessor-version":[{"id":10095,"href":"https:\/\/contratacion.almunecar.es\/index.php?rest_route=\/wp\/v2\/posts\/9465\/revisions\/10095"}],"wp:attachment":[{"href":"https:\/\/contratacion.almunecar.es\/index.php?rest_route=%2Fwp%2Fv2%2Fmedia&parent=9465"}],"wp:term":[{"taxonomy":"category","embeddable":true,"href":"https:\/\/contratacion.almunecar.es\/index.php?rest_route=%2Fwp%2Fv2%2Fcategories&post=9465"},{"taxonomy":"post_tag","embeddable":true,"href":"https:\/\/contratacion.almunecar.es\/index.php?rest_route=%2Fwp%2Fv2%2Ftags&post=9465"}],"curies":[{"name":"wp","href":"https:\/\/api.w.org\/{rel}","templated":true}]}}