{"id":9441,"date":"2025-06-02T11:08:26","date_gmt":"2025-06-02T09:08:26","guid":{"rendered":"https:\/\/contratacion.almunecar.es\/?p=9441"},"modified":"2025-06-02T11:09:56","modified_gmt":"2025-06-02T09:09:56","slug":"9441","status":"publish","type":"post","link":"https:\/\/contratacion.almunecar.es\/?p=9441","title":{"rendered":"Expte. 67\/2025. GEST. N\u00ba 6296\/2025. CONTRATO DE SUMINISTRO PARA SUSTITUCI\u00d3N DE 10 CONSOLAS PARA CLIMATIZACI\u00d3N ACUARIO."},"content":{"rendered":"<p>02\/06\/2025. Informe de necesidad.<a href=\"https:\/\/contratacion.almunecar.es\/wp-content\/uploads\/2025\/06\/Informe-de-necesidad.pdf\">Informe de necesidad<\/a>.<\/p>\n<p>02\/06\/2025. Propuesta de Gasto.<a href=\"https:\/\/contratacion.almunecar.es\/wp-content\/uploads\/2025\/06\/Propuesta-de-Gasto-para-contrato-menor.pdf\">Propuesta de Gasto para contrato menor<\/a>.<\/p>\n<p>02\/06\/2025. Declaraci\u00f3n responsable persona f\u00edsica.<a href=\"https:\/\/contratacion.almunecar.es\/wp-content\/uploads\/2025\/06\/DECLARACION-RESPONSABLE-DE-PERSONAS-FISICAS.pdf\">DECLARACI\u00d3N RESPONSABLE DE PERSONAS F\u00cdSICAS<\/a>.<\/p>\n<p>02\/06\/2025. Declaraci\u00f3n responsable de personas jur\u00eddicas.<a href=\"https:\/\/contratacion.almunecar.es\/wp-content\/uploads\/2025\/06\/DECLARACION-RESPONSABLE-DE-PERSONAS-JURIDICAS.pdf\">DECLARACI\u00d3N RESPONSABLE DE PERSONAS JUR\u00cdDICAS<\/a>.<\/p>\n<p>Para la presentaci\u00f3n de ofertas es necesario presentar presupuestos y la declaraci\u00f3n responsable (persona f\u00edsica o jur\u00eddica), a trav\u00e9s de la sede electr\u00f3nica del Ayuntamiento de Almu\u00f1ecar.<\/p>\n<p>&nbsp;<\/p>\n","protected":false},"excerpt":{"rendered":"<p>02\/06\/2025. Informe de necesidad.Informe de necesidad. 02\/06\/2025. Propuesta de Gasto.Propuesta de Gasto para contrato menor. 02\/06\/2025. Declaraci\u00f3n responsable persona f\u00edsica.DECLARACI\u00d3N RESPONSABLE DE PERSONAS F\u00cdSICAS. 02\/06\/2025. Declaraci\u00f3n responsable de personas jur\u00eddicas.DECLARACI\u00d3N RESPONSABLE DE PERSONAS JUR\u00cdDICAS. Para la presentaci\u00f3n de ofertas es necesario presentar presupuestos y la declaraci\u00f3n responsable (persona f\u00edsica o jur\u00eddica), a trav\u00e9s de la&hellip; <br \/> <a class=\"button small blue\" href=\"https:\/\/contratacion.almunecar.es\/?p=9441\">Leer m\u00e1s<\/a><\/p>\n","protected":false},"author":5,"featured_media":0,"comment_status":"closed","ping_status":"closed","sticky":false,"template":"","format":"standard","meta":{"_acf_changed":false,"footnotes":""},"categories":[3,10],"tags":[],"class_list":["post-9441","post","type-post","status-publish","format-standard","hentry","category-anuncio","category-menores"],"acf":[],"_links":{"self":[{"href":"https:\/\/contratacion.almunecar.es\/index.php?rest_route=\/wp\/v2\/posts\/9441","targetHints":{"allow":["GET"]}}],"collection":[{"href":"https:\/\/contratacion.almunecar.es\/index.php?rest_route=\/wp\/v2\/posts"}],"about":[{"href":"https:\/\/contratacion.almunecar.es\/index.php?rest_route=\/wp\/v2\/types\/post"}],"author":[{"embeddable":true,"href":"https:\/\/contratacion.almunecar.es\/index.php?rest_route=\/wp\/v2\/users\/5"}],"replies":[{"embeddable":true,"href":"https:\/\/contratacion.almunecar.es\/index.php?rest_route=%2Fwp%2Fv2%2Fcomments&post=9441"}],"version-history":[{"count":3,"href":"https:\/\/contratacion.almunecar.es\/index.php?rest_route=\/wp\/v2\/posts\/9441\/revisions"}],"predecessor-version":[{"id":9448,"href":"https:\/\/contratacion.almunecar.es\/index.php?rest_route=\/wp\/v2\/posts\/9441\/revisions\/9448"}],"wp:attachment":[{"href":"https:\/\/contratacion.almunecar.es\/index.php?rest_route=%2Fwp%2Fv2%2Fmedia&parent=9441"}],"wp:term":[{"taxonomy":"category","embeddable":true,"href":"https:\/\/contratacion.almunecar.es\/index.php?rest_route=%2Fwp%2Fv2%2Fcategories&post=9441"},{"taxonomy":"post_tag","embeddable":true,"href":"https:\/\/contratacion.almunecar.es\/index.php?rest_route=%2Fwp%2Fv2%2Ftags&post=9441"}],"curies":[{"name":"wp","href":"https:\/\/api.w.org\/{rel}","templated":true}]}}