{"id":9301,"date":"2025-05-07T09:08:23","date_gmt":"2025-05-07T07:08:23","guid":{"rendered":"https:\/\/contratacion.almunecar.es\/?p=9301"},"modified":"2025-07-14T08:29:25","modified_gmt":"2025-07-14T06:29:25","slug":"expte-38-2025-gest-4459-2025-concesion-del-servicio-de-gestion-y-explotacion-del-aparcamiento-sito-en-el-mercado-municipal-de-abastos-de-almunecar-en-placsp","status":"publish","type":"post","link":"https:\/\/contratacion.almunecar.es\/?p=9301","title":{"rendered":"EXPTE. 38\/2025 (GEST 4459\/2025): CONCESI\u00d3N DEL SERVICIO DE GESTI\u00d3N Y EXPLOTACI\u00d3N DEL APARCAMIENTO SITO EN EL MERCADO MUNICIPAL DE ABASTOS DE ALMU\u00d1\u00c9CAR, EN PLACSP."},"content":{"rendered":"<p>06\/05\/2025 <a href=\"https:\/\/contratacion.almunecar.es\/wp-content\/uploads\/2025\/05\/INFORME-NECESIDAD-CONCESION-SERVICIOS-PARKING-MERCADO.pdf\">INFORME NECESIDAD CONCESION SERVICIOS PARKING MERCADO<\/a><\/p>\n<p>06\/05\/2025 <a href=\"https:\/\/contratacion.almunecar.es\/wp-content\/uploads\/2025\/05\/ESTUDIO-VIABILIDAD-ECONOMICO-FINANCIERO.pdf\">ESTUDIO VIABILIDAD ECONOMICO FINANCIERO<\/a><\/p>\n<p>06\/05\/2025 <a href=\"https:\/\/contratacion.almunecar.es\/wp-content\/uploads\/2025\/05\/PCAP-CONCESION-SERVICIOS-PARKING-MERCADO.pdf\">PCAP CONCESION SERVICIOS PARKING MERCADO<\/a><\/p>\n<p>06\/05\/2025 <a href=\"https:\/\/contratacion.almunecar.es\/wp-content\/uploads\/2025\/05\/PPTP-CONCESION-SERVICIOS-PARKING-MERCADO.pdf\">PPTP CONCESION SERVICIOS PARKING MERCADO<\/a><\/p>\n<p>06\/05\/2025 <a href=\"https:\/\/contratacion.almunecar.es\/wp-content\/uploads\/2025\/05\/ANEXO-III-PCAP-MODELO-VALIDO-PROPOSICION-ECONOMICA.pdf\">ANEXO III PCAP MODELO VALIDO PROPOSICION ECONOMICA<\/a><\/p>\n<p>06\/05\/2025 <a href=\"https:\/\/contratacion.almunecar.es\/wp-content\/uploads\/2025\/05\/ANEXO-I-MEMORIA-PROYECTO.pdf\">ANEXO I MEMORIA PROYECTO<\/a><\/p>\n<p>06\/05\/2025 <a href=\"https:\/\/contratacion.almunecar.es\/wp-content\/uploads\/2025\/05\/ANEXO-II-PLANIMETRIA.pdf\">ANEXO II PLANIMETRIA<\/a><\/p>\n<p>06\/05\/2025 <a href=\"https:\/\/contratacion.almunecar.es\/wp-content\/uploads\/2025\/05\/ANEXO-III-PROTECCION-CONTRA-INCENDIOS.pdf\">ANEXO III PROTECCION CONTRA INCENDIOS<\/a><\/p>\n<p>06\/05\/2025 <a href=\"https:\/\/contratacion.almunecar.es\/wp-content\/uploads\/2025\/05\/ANEXO-IV-INSTALACIONES-DE-VENTILACION.pdf\">ANEXO IV INSTALACIONES DE VENTILACION<\/a><\/p>\n<p>06\/05\/2025 <a href=\"https:\/\/contratacion.almunecar.es\/wp-content\/uploads\/2025\/05\/ANEXO-V-INSTALACIONES-DE-FONTANERIA-Y-SANEAMIENTO.pdf\">ANEXO V INSTALACIONES DE FONTANERIA Y SANEAMIENTO<\/a><\/p>\n<p>06\/05\/2025 <a href=\"https:\/\/contratacion.almunecar.es\/wp-content\/uploads\/2025\/05\/ANEXO-VI-INSTALACION-DE-ELECTRICIDAD-Y-OTRAS-INSTALACIONES.pdf\">ANEXO VI INSTALACION DE ELECTRICIDAD Y OTRAS INSTALACIONES<\/a><\/p>\n<p>06\/05\/2025 <a href=\"https:\/\/contratacion.almunecar.es\/wp-content\/uploads\/2025\/05\/ANEXO-VII-PLIEGO-DE-CONDICIONES.pdf\">ANEXO VII PLIEGO DE CONDICIONES<\/a><\/p>\n<p>06\/05\/2025 <a href=\"https:\/\/contratacion.almunecar.es\/wp-content\/uploads\/2025\/05\/ANEXO-VIII-MEDICIONES-Y-PRESUPUESTOS.pdf\">ANEXO VIII MEDICIONES Y PRESUPUESTOS<\/a><\/p>\n<p>06\/05\/2025 <a href=\"https:\/\/contratacion.almunecar.es\/wp-content\/uploads\/2025\/05\/ANEXO-IX-RESUMEN-DE-PRESUPUESTO.pdf\">ANEXO IX RESUMEN DE PRESUPUESTO<\/a><\/p>\n<p>06\/05\/2025 <a href=\"https:\/\/contratacion.almunecar.es\/wp-content\/uploads\/2025\/05\/PLANTAS-GENERALES-APARCAMIENTO.pdf\">PLANTAS GENERALES APARCAMIENTO<\/a><\/p>\n<p>06\/05\/2025 <a href=\"https:\/\/contratacion.almunecar.es\/wp-content\/uploads\/2025\/05\/RA-ERROR-TRANSCRIPCION-CRITERIOS-VALORAC-OBJETIVOS.pdf\">RA ERROR TRANSCRIPCION CRITERIOS VALORAC OBJETIVOS<\/a><\/p>\n<p>06\/05\/2025 <a href=\"https:\/\/contratacion.almunecar.es\/wp-content\/uploads\/2025\/05\/APROB-ESTUDIO-DE-VIABILIDAD.pdf\">APROB ESTUDIO DE VIABILIDAD<\/a><\/p>\n<p>06\/05\/2025 <a href=\"https:\/\/contratacion.almunecar.es\/wp-content\/uploads\/2025\/05\/APROB-E-INCIO-EXPTE-CONCESION-SERVICIOS-PARKING-MERCADO.pdf\">APROB E INCIO EXPTE CONCESION SERVICIOS PARKING MERCADO<\/a><\/p>\n<p>06\/05\/2025 <a href=\"https:\/\/contratacion.almunecar.es\/wp-content\/uploads\/2025\/05\/PLACSP-ANUNCIO-LICITACION-EXPTE-CONCESION-SERVICIOS-PARKING-MERCADO.pdf\">PLACSP &#8211; ANUNCIO LICITACION EXPTE CONCESION SERVICIOS PARKING MERCADO<\/a><\/p>\n<p>06\/05\/2025 <a href=\"https:\/\/contratacion.almunecar.es\/wp-content\/uploads\/2025\/05\/PLACSP-DOCUMENTO-DE-PLIEGOS-EXPTE-CONCESION-SERVICIOS-PARKING-MERCADO.pdf\">PLACSP &#8211; DOCUMENTO DE PLIEGOS EXPTE CONCESION SERVICIOS PARKING MERCADO<\/a><\/p>\n<p>Las ofertas habr\u00e1n de presentarse a trav\u00e9s de la Herramienta de preparaci\u00f3n y presentaci\u00f3n de Ofertas de la Plataforma de Contrataci\u00f3n del Sector P\u00fablico, y hasta el 02\/06\/2025, 11:00 horas.<\/p>\n<p>Para m\u00e1s informaci\u00f3n y presentaci\u00f3n de Ofertas: <a href=\"https:\/\/contrataciondelestado.es\/wps\/poc?uri=deeplink%3Adetalle_licitacion&amp;idEvl=7mJ%2F8mYtd%2BaLAncw3qdZkA%3D%3D\">Cl\u00edck aqu\u00ed<\/a><\/p>\n<p>03\/06\/2025 <a href=\"https:\/\/contratacion.almunecar.es\/wp-content\/uploads\/2025\/04\/CITACION-MESA-DE-CONTRATACION-2025-06-06.pdf\">CITACION MESA DE CONTRATACION 2025-06-06<\/a><\/p>\n<p>06\/06\/2025 <a href=\"https:\/\/contratacion.almunecar.es\/wp-content\/uploads\/2025\/05\/ACTA-MESA-DE-CONTRATACION-2025-06-06-1.pdf\">ACTA MESA DE CONTRATACION 2025-06-06<\/a><\/p>\n<p>10\/06\/2025 <a href=\"https:\/\/contratacion.almunecar.es\/wp-content\/uploads\/2025\/05\/CITACION-MESA-DE-CONTRATACION-2025-06-12.pdf\">CITACION MESA DE CONTRATACION 2025-06-12<\/a><\/p>\n<p>16\/06\/2025 <a href=\"https:\/\/contratacion.almunecar.es\/wp-content\/uploads\/2025\/05\/ACTA-MESA-DE-CONTRATACION-2025-06-12.pdf\">ACTA MESA DE CONTRATACION 2025-06-12<\/a><\/p>\n<p>16\/06\/2025 <a href=\"https:\/\/contratacion.almunecar.es\/wp-content\/uploads\/2025\/05\/RA-REQUER-DOC-CONCESION-SERV-PARKING-MERCADO.pdf\">RA REQUER DOC CONCESION SERV PARKING MERCADO<\/a><\/p>\n<p>16\/06\/2025 <a href=\"https:\/\/contratacion.almunecar.es\/wp-content\/uploads\/2025\/05\/PLACSP-REQUER-DOC-CONCESION-SERV-PARKING-MERCADO.pdf\">PLACSP &#8211; REQUER DOC CONCESION SERV PARKING MERCADO<\/a><\/p>\n<p>07\/07\/2025 <a href=\"https:\/\/contratacion.almunecar.es\/wp-content\/uploads\/2025\/05\/RA-ADJUDICACION-CONCESION-SERV-PARKING-MERCADO.pdf\">RA ADJUDICACION CONCESION SERV PARKING MERCADO<\/a><\/p>\n<p>07\/07\/2025 <a href=\"https:\/\/contratacion.almunecar.es\/wp-content\/uploads\/2025\/05\/PLACSP-ADJUDICACION-CONCESION-SERV-PARKING-MERCADO.pdf\">PLACSP &#8211; ADJUDICACION CONCESION SERV PARKING MERCADO<\/a><\/p>\n<p>14\/07\/2025 <a href=\"https:\/\/contratacion.almunecar.es\/wp-content\/uploads\/2025\/05\/PLACSP-FORMALIZACION-CONTRATO-CONCESION-SERVICIO-PARKING-MERCADO.pdf\">PLACSP &#8211; FORMALIZACI\u00d3N CONTRATO CONCESI\u00d3N SERVICIO PARKING MERCADO<\/a><\/p>\n<p>&nbsp;<\/p>\n<p>&nbsp;<\/p>\n<p>&nbsp;<\/p>\n<p>&nbsp;<\/p>\n<p>&nbsp;<\/p>\n","protected":false},"excerpt":{"rendered":"<p>06\/05\/2025 INFORME NECESIDAD CONCESION SERVICIOS PARKING MERCADO 06\/05\/2025 ESTUDIO VIABILIDAD ECONOMICO FINANCIERO 06\/05\/2025 PCAP CONCESION SERVICIOS PARKING MERCADO 06\/05\/2025 PPTP CONCESION SERVICIOS PARKING MERCADO 06\/05\/2025 ANEXO III PCAP MODELO VALIDO PROPOSICION ECONOMICA 06\/05\/2025 ANEXO I MEMORIA PROYECTO 06\/05\/2025 ANEXO II PLANIMETRIA 06\/05\/2025 ANEXO III PROTECCION CONTRA INCENDIOS 06\/05\/2025 ANEXO IV INSTALACIONES DE VENTILACION 06\/05\/2025 ANEXO&hellip; <br \/> <a class=\"button small blue\" href=\"https:\/\/contratacion.almunecar.es\/?p=9301\">Leer m\u00e1s<\/a><\/p>\n","protected":false},"author":5,"featured_media":0,"comment_status":"closed","ping_status":"closed","sticky":false,"template":"","format":"standard","meta":{"_acf_changed":false,"footnotes":""},"categories":[5,3,7,12,4],"tags":[],"class_list":["post-9301","post","type-post","status-publish","format-standard","hentry","category-adjudicacion_final","category-anuncio","category-formalizacion","category-formalizacion-de-contrato","category-licitacion"],"acf":[],"_links":{"self":[{"href":"https:\/\/contratacion.almunecar.es\/index.php?rest_route=\/wp\/v2\/posts\/9301","targetHints":{"allow":["GET"]}}],"collection":[{"href":"https:\/\/contratacion.almunecar.es\/index.php?rest_route=\/wp\/v2\/posts"}],"about":[{"href":"https:\/\/contratacion.almunecar.es\/index.php?rest_route=\/wp\/v2\/types\/post"}],"author":[{"embeddable":true,"href":"https:\/\/contratacion.almunecar.es\/index.php?rest_route=\/wp\/v2\/users\/5"}],"replies":[{"embeddable":true,"href":"https:\/\/contratacion.almunecar.es\/index.php?rest_route=%2Fwp%2Fv2%2Fcomments&post=9301"}],"version-history":[{"count":11,"href":"https:\/\/contratacion.almunecar.es\/index.php?rest_route=\/wp\/v2\/posts\/9301\/revisions"}],"predecessor-version":[{"id":9666,"href":"https:\/\/contratacion.almunecar.es\/index.php?rest_route=\/wp\/v2\/posts\/9301\/revisions\/9666"}],"wp:attachment":[{"href":"https:\/\/contratacion.almunecar.es\/index.php?rest_route=%2Fwp%2Fv2%2Fmedia&parent=9301"}],"wp:term":[{"taxonomy":"category","embeddable":true,"href":"https:\/\/contratacion.almunecar.es\/index.php?rest_route=%2Fwp%2Fv2%2Fcategories&post=9301"},{"taxonomy":"post_tag","embeddable":true,"href":"https:\/\/contratacion.almunecar.es\/index.php?rest_route=%2Fwp%2Fv2%2Ftags&post=9301"}],"curies":[{"name":"wp","href":"https:\/\/api.w.org\/{rel}","templated":true}]}}