{"id":9262,"date":"2025-04-29T14:23:58","date_gmt":"2025-04-29T12:23:58","guid":{"rendered":"https:\/\/contratacion.almunecar.es\/?p=9262"},"modified":"2025-07-22T08:21:15","modified_gmt":"2025-07-22T06:21:15","slug":"expte-41-2025-gest-4666-2025-servicio-de-redaccion-del-proyecto-basico-y-de-ejecucion-direccion-de-obra-y-coordinacion-en-materia-de-seguridad-y-salud-durante-la-ejecucion-de-las-obras-del-proyec","status":"publish","type":"post","link":"https:\/\/contratacion.almunecar.es\/?p=9262","title":{"rendered":"EXPTE. 41\/2025 (GEST 4666\/2025): SERVICIO DE REDACCI\u00d3N DEL PROYECTO B\u00c1SICO Y DE EJECUCI\u00d3N, DIRECCI\u00d3N DE OBRA Y COORDINACI\u00d3N EN MATERIA DE SEGURIDAD Y SALUD DURANTE LA EJECUCI\u00d3N DE LAS OBRAS DEL PROYECTO DE REMODELACI\u00d3N DE LA AVENIDA COSTA DEL SOL, EN ALMU\u00d1\u00c9CAR."},"content":{"rendered":"<p>29\/04\/2025 <a href=\"https:\/\/contratacion.almunecar.es\/wp-content\/uploads\/2025\/04\/NECESIDAD-Y-NO-LOTES-PROYECTO-Y-DIREC-OBRA-AVDA-COSTA-DEL-SOL.pdf\">NECESIDAD Y NO LOTES PROYECTO Y DIREC OBRA AVDA COSTA DEL SOL<\/a><\/p>\n<p>29\/04\/2025 <a href=\"https:\/\/contratacion.almunecar.es\/wp-content\/uploads\/2025\/04\/MEMORIA-JUSTIFICATIVA-AVDA-COSTA-DEL-SOL.pdf\">MEMORIA JUSTIFICATIVA AVDA COSTA DEL SOL<\/a><\/p>\n<p>29\/04\/2025 <a href=\"https:\/\/contratacion.almunecar.es\/wp-content\/uploads\/2025\/04\/PPTP-PROYECTO-Y-DIRECCION-OBRAS-AVDA-COSTA-DEL-SOL.pdf\">PPTP PROYECTO Y DIRECCION OBRAS AVDA COSTA DEL SOL<\/a><\/p>\n<p>29\/04\/2025 <a href=\"https:\/\/contratacion.almunecar.es\/wp-content\/uploads\/2025\/04\/PCAP-PROYECTO-Y-DIRECCION-OBRAS-AVDA-COSTA-DEL-SOL.pdf\">PCAP PROYECTO Y DIRECCION OBRAS AVDA COSTA DEL SOL<\/a><\/p>\n<p>29\/04\/2025 <a href=\"https:\/\/contratacion.almunecar.es\/wp-content\/uploads\/2025\/04\/RA-APROB-E-INICIO-EXPTE-PROYECTO-Y-DIREC-OBRAS-AV-COSTA-DEL-SOL.pdf\">RA APROB E INICIO EXPTE PROYECTO Y DIREC OBRAS AV COSTA DEL SOL<\/a><\/p>\n<p>29\/04\/2025 <a href=\"https:\/\/contratacion.almunecar.es\/wp-content\/uploads\/2025\/04\/PLACSP-ANUNCIO-LICITACION-EXPTE-PROYECTO-Y-DIREC-OBRAS-AV-COSTA-DEL-SOL.pdf\">PLACSP &#8211; ANUNCIO LICITACION EXPTE PROYECTO Y DIREC OBRAS AV COSTA DEL SOL<\/a><\/p>\n<p>29\/04\/2025 <a href=\"https:\/\/contratacion.almunecar.es\/wp-content\/uploads\/2025\/04\/PLACSP-DOC-PLIEGOS-EXPTE-PROYECTO-Y-DIREC-OBRAS-AV-COSTA-DEL-SOL.pdf\">PLACSP &#8211; DOC PLIEGOS EXPTE PROYECTO Y DIREC OBRAS AV COSTA DEL SOL<\/a><\/p>\n<p>&nbsp;<\/p>\n<p>30\/04\/2025 <a href=\"https:\/\/contratacion.almunecar.es\/wp-content\/uploads\/2025\/04\/RA-RECTIFICACION-CRITERIOS-VALORACION-AVDA-COSTA-DEL-SOL.pdf\">RA RECTIFICACION CRITERIOS VALORACION AVDA COSTA DEL SOL<\/a><\/p>\n<p>Las ofertas habr\u00e1n de presentarse a trav\u00e9s de la Herramienta de preparaci\u00f3n y presentaci\u00f3n de Ofertas de la Plataforma de Contrataci\u00f3n del Sector P\u00fablico, y hasta el d\u00eda 16\/05\/2025, 11:00 horas. Para m\u00e1s informaci\u00f3n y presentaci\u00f3n de Ofertas: <a href=\"https:\/\/contrataciondelestado.es\/wps\/poc?uri=deeplink%3Adetalle_licitacion&amp;idEvl=hXLleG%2FZJFm7JOCXkOhcDg%3D%3D\">Cl\u00edck aqu\u00ed<\/a><\/p>\n<p>&nbsp;<\/p>\n<p>14\/05\/2025 <a href=\"https:\/\/contratacion.almunecar.es\/wp-content\/uploads\/2025\/04\/INFORME-PRESENT-DOC-TECNICA-AVDA-COSTA-DEL-SOL.pdf\">INFORME PRESENT DOC TECNICA AVDA COSTA DEL SOL<\/a><\/p>\n<p>27\/05\/2025 <a href=\"https:\/\/contratacion.almunecar.es\/wp-content\/uploads\/2025\/04\/CITACION-MESA-DE-CONTRATACION-2025-05-30.pdf\">CITACION MESA DE CONTRATACION 2025-05-30<\/a><\/p>\n<p>03\/06\/2025 <a href=\"https:\/\/contratacion.almunecar.es\/wp-content\/uploads\/2025\/04\/ACTA-MESA-DE-CONTRATACION-2025-05-30.pdf\">ACTA MESA DE CONTRATACI\u00d3N 2025-05-30<\/a><\/p>\n<p>13\/06\/2025 <a href=\"https:\/\/contratacion.almunecar.es\/wp-content\/uploads\/2025\/04\/CITACION-MESA-DE-CONTRATACION-2025-06-17.pdf\">CITACION MESA DE CONTRATACION 2025-06-17<\/a><\/p>\n<p>19\/06\/2025 <a href=\"https:\/\/contratacion.almunecar.es\/wp-content\/uploads\/2025\/04\/ACTA-MESA-DE-CONTRATACION-2025-06-17.pdf\">ACTA MESA DE CONTRATACION 2025-06-17<\/a><\/p>\n<p>20\/06\/2025 <a href=\"https:\/\/contratacion.almunecar.es\/wp-content\/uploads\/2025\/04\/RA-REQUER-DOC-PROYECTO-Y-OBRAS-AV-COSTA-DEL-SOL.pdf\">RA REQUER DOC PROYECTO Y OBRAS AV COSTA DEL SOL<\/a><\/p>\n<p>20\/06\/2025 <a href=\"https:\/\/contratacion.almunecar.es\/wp-content\/uploads\/2025\/04\/PLACSP-REQUER-DOC-PROYECTO-Y-OBRAS-AV-COSTA-DEL-SOL.pdf\">PLACSP &#8211; REQUER DOC PROYECTO Y OBRAS AV COSTA DEL SOL<\/a><\/p>\n<p>11\/07\/2025 <a href=\"https:\/\/contratacion.almunecar.es\/wp-content\/uploads\/2025\/04\/RA-ADJUDICACION-PROYECTO-Y-DIR-OBRA-AV-COSTA-DEL-SOL.pdf\">RA ADJUDICACION PROYECTO Y DIR OBRA AV COSTA DEL SOL<\/a><\/p>\n<p>11\/07\/2025 <a href=\"https:\/\/contratacion.almunecar.es\/wp-content\/uploads\/2025\/04\/PLACSP-ADJUDICACION-PROYECTO-Y-DIR-OBRA-AVD-COSTA-DEL-SOL.pdf\">PLACSP &#8211; ADJUDICACION PROYECTO Y DIR OBRA AVD COSTA DEL SOL<\/a><\/p>\n<p>11\/07\/2025 <a href=\"https:\/\/contratacion.almunecar.es\/wp-content\/uploads\/2025\/04\/PLACSP-NOTIFIC-ADJUDICACION-PROYECTO-Y-DIR-OBRA-AVD-COSTA-DEL-SOL.pdf\">PLACSP &#8211; NOTIFIC ADJUDICACION PROYECTO Y DIR OBRA AVD COSTA DEL SOL<\/a><\/p>\n<p>22\/07\/2025 <a href=\"https:\/\/contratacion.almunecar.es\/wp-content\/uploads\/2025\/04\/PLACSP-FORMALIZACION-PROYECTO-OBRA-AV-COSTA-DEL-SOL.pdf\">PLACSP &#8211; FORMALIZACI\u00d3N PROYECTO OBRA AV COSTA DEL SOL<\/a><\/p>\n<p>&nbsp;<\/p>\n<p>&nbsp;<\/p>\n<p>&nbsp;<\/p>\n","protected":false},"excerpt":{"rendered":"<p>29\/04\/2025 NECESIDAD Y NO LOTES PROYECTO Y DIREC OBRA AVDA COSTA DEL SOL 29\/04\/2025 MEMORIA JUSTIFICATIVA AVDA COSTA DEL SOL 29\/04\/2025 PPTP PROYECTO Y DIRECCION OBRAS AVDA COSTA DEL SOL 29\/04\/2025 PCAP PROYECTO Y DIRECCION OBRAS AVDA COSTA DEL SOL 29\/04\/2025 RA APROB E INICIO EXPTE PROYECTO Y DIREC OBRAS AV COSTA DEL SOL 29\/04\/2025&hellip; <br \/> <a class=\"button small blue\" href=\"https:\/\/contratacion.almunecar.es\/?p=9262\">Leer m\u00e1s<\/a><\/p>\n","protected":false},"author":5,"featured_media":0,"comment_status":"closed","ping_status":"closed","sticky":false,"template":"","format":"standard","meta":{"_acf_changed":false,"footnotes":""},"categories":[5,3,7,12,4],"tags":[],"class_list":["post-9262","post","type-post","status-publish","format-standard","hentry","category-adjudicacion_final","category-anuncio","category-formalizacion","category-formalizacion-de-contrato","category-licitacion"],"acf":[],"_links":{"self":[{"href":"https:\/\/contratacion.almunecar.es\/index.php?rest_route=\/wp\/v2\/posts\/9262","targetHints":{"allow":["GET"]}}],"collection":[{"href":"https:\/\/contratacion.almunecar.es\/index.php?rest_route=\/wp\/v2\/posts"}],"about":[{"href":"https:\/\/contratacion.almunecar.es\/index.php?rest_route=\/wp\/v2\/types\/post"}],"author":[{"embeddable":true,"href":"https:\/\/contratacion.almunecar.es\/index.php?rest_route=\/wp\/v2\/users\/5"}],"replies":[{"embeddable":true,"href":"https:\/\/contratacion.almunecar.es\/index.php?rest_route=%2Fwp%2Fv2%2Fcomments&post=9262"}],"version-history":[{"count":15,"href":"https:\/\/contratacion.almunecar.es\/index.php?rest_route=\/wp\/v2\/posts\/9262\/revisions"}],"predecessor-version":[{"id":9740,"href":"https:\/\/contratacion.almunecar.es\/index.php?rest_route=\/wp\/v2\/posts\/9262\/revisions\/9740"}],"wp:attachment":[{"href":"https:\/\/contratacion.almunecar.es\/index.php?rest_route=%2Fwp%2Fv2%2Fmedia&parent=9262"}],"wp:term":[{"taxonomy":"category","embeddable":true,"href":"https:\/\/contratacion.almunecar.es\/index.php?rest_route=%2Fwp%2Fv2%2Fcategories&post=9262"},{"taxonomy":"post_tag","embeddable":true,"href":"https:\/\/contratacion.almunecar.es\/index.php?rest_route=%2Fwp%2Fv2%2Ftags&post=9262"}],"curies":[{"name":"wp","href":"https:\/\/api.w.org\/{rel}","templated":true}]}}