{"id":9239,"date":"2025-04-25T10:30:01","date_gmt":"2025-04-25T08:30:01","guid":{"rendered":"https:\/\/contratacion.almunecar.es\/?p=9239"},"modified":"2025-07-22T08:17:57","modified_gmt":"2025-07-22T06:17:57","slug":"expte-31-2025-gest-4114-2025-servicio-de-redaccion-de-proyecto-basico-y-de-ejecucion-direccion-de-obra-y-coordinacion-en-materia-de-seguridad-y-salud-durante-la-ejecucion-de-las-obras-del-proyect","status":"publish","type":"post","link":"https:\/\/contratacion.almunecar.es\/?p=9239","title":{"rendered":"EXPTE. 31\/2025 (GEST 4114\/2025): SERVICIO DE REDACCI\u00d3N DE PROYECTO B\u00c1SICO Y DE EJECUCI\u00d3N, DIRECCI\u00d3N DE OBRA Y COORDINACI\u00d3N EN MATERIA DE SEGURIDAD Y SALUD DURANTE LA EJECUCI\u00d3N DE LAS OBRAS DEL PROYECTO DE REMODELACI\u00d3N DEL PASEO DE LA CALETILLA, EN ALMU\u00d1\u00c9CAR."},"content":{"rendered":"<p>25\/04\/2025 <a href=\"https:\/\/contratacion.almunecar.es\/wp-content\/uploads\/2025\/04\/INFORME-DE-NECESIDAD-Y-NO-LOTES-PROYECTO-PASEO-LA-CALETILLA.pdf\">INFORME DE NECESIDAD Y NO LOTES PROYECTO PASEO LA CALETILLA<\/a><\/p>\n<p>25\/04\/2025 <a href=\"https:\/\/contratacion.almunecar.es\/wp-content\/uploads\/2025\/04\/MEMORIA-JUSTIFICATIVA-OBRAS-PASEO-DE-LA-CALETILLA.pdf\">MEMORIA JUSTIFICATIVA OBRAS PASEO DE LA CALETILLA<\/a><\/p>\n<p>25\/04\/2025 <a href=\"https:\/\/contratacion.almunecar.es\/wp-content\/uploads\/2025\/04\/PPTP-PROYECTO-PARA-OBRAS-PASEO-DE-LA-CALETILLA.pdf\">PPTP PROYECTO PARA OBRAS PASEO DE LA CALETILLA<\/a><\/p>\n<p>25\/04\/2025 <a href=\"https:\/\/contratacion.almunecar.es\/wp-content\/uploads\/2025\/04\/PCAP-PROYECTO-PARA-OBRAS-PASEO-DE-LA-CALETILLA.pdf\">PCAP PROYECTO PARA OBRAS PASEO DE LA CALETILLA<\/a><\/p>\n<p>25\/04\/2025 <a href=\"https:\/\/contratacion.almunecar.es\/wp-content\/uploads\/2025\/04\/RA-APROB-E-INICIO-EXPTE-PROYECTO-Y-DIRECCION-OBRAS-LA-CALETILLA.pdf\">RA APROB E INICIO EXPTE PROYECTO Y DIRECCION OBRAS LA CALETILLA<\/a><\/p>\n<p>25\/04\/2025 <a href=\"https:\/\/contratacion.almunecar.es\/wp-content\/uploads\/2025\/04\/PLACSP-ANUNCIO-DE-LICITACION-EXPTE-PROYECTO-Y-DIRECCION-OBRAS-LA-CALETILLA.pdf\">PLACSP &#8211; ANUNCIO DE LICITACI\u00d3N EXPTE PROYECTO Y DIRECCION OBRAS LA CALETILLA<\/a><\/p>\n<p>25\/04\/2025 <a href=\"https:\/\/contratacion.almunecar.es\/wp-content\/uploads\/2025\/04\/PLACSP-DOCUMENTO-DE-PLIEGOS-EXPTE-PROYECTO-Y-DIRECCION-OBRAS-LA-CALETILLA.pdf\">PLACSP &#8211; DOCUMENTO DE PLIEGOS EXPTE PROYECTO Y DIRECCION OBRAS LA CALETILLA<\/a><\/p>\n<p>30\/04\/2025 <a href=\"https:\/\/contratacion.almunecar.es\/wp-content\/uploads\/2025\/04\/RA-RECTIFICACION-CRITERIOS-VALORACION-PASEO-DE-LA-CALETILLA.pdf\">RA RECTIFICACION CRITERIOS VALORACION PASEO DE LA CALETILLA<\/a><\/p>\n<p>Las Ofertas a la licitaci\u00f3n habr\u00e1n de presentarse a trav\u00e9s de la Herramienta de preparaci\u00f3n y presentaci\u00f3n de Ofertas de la Plataforma de Contrataci\u00f3n del Sector P\u00fablico, y podr\u00e1n presentarse hasta el d\u00eda 16\/05\/2025, 11:00 horas. Para m\u00e1s informaci\u00f3n y presentaci\u00f3n de Ofertas: <a href=\"https:\/\/contrataciondelestado.es\/wps\/poc?uri=deeplink%3Adetalle_licitacion&amp;idEvl=WYqyYezC2E7ECtSnloz%2BZQ%3D%3D\">cl\u00edck aqu\u00ed<\/a><\/p>\n<p>&nbsp;<\/p>\n<p>14\/05\/2025 <a href=\"https:\/\/contratacion.almunecar.es\/wp-content\/uploads\/2025\/04\/INFORME-PRESENT-DOC-TECNICA-LA-CALETILLA.pdf\">INFORME PRESENT DOC TECNICA LA CALETILLA<\/a><\/p>\n<p>27\/05\/2025 <a href=\"https:\/\/contratacion.almunecar.es\/wp-content\/uploads\/2025\/04\/CITACION-MESA-DE-CONTRATACION-2025-05-30.pdf\">CITACION MESA DE CONTRATACION 2025-05-30<\/a><\/p>\n<p>03\/06\/2025 <a href=\"https:\/\/contratacion.almunecar.es\/wp-content\/uploads\/2025\/04\/ACTA-MESA-DE-CONTRATACION-2025-05-30.pdf\">ACTA MESA DE CONTRATACI\u00d3N 2025-05-30<\/a><\/p>\n<p>13\/06\/2025 <a href=\"https:\/\/contratacion.almunecar.es\/wp-content\/uploads\/2025\/04\/CITACION-MESA-DE-CONTRATACION-2025-06-17.pdf\">CITACION MESA DE CONTRATACION 2025-06-17<\/a><\/p>\n<p>19\/06\/2025 <a href=\"https:\/\/contratacion.almunecar.es\/wp-content\/uploads\/2025\/04\/ACTA-MESA-DE-CONTRATACION-2025-06-17.pdf\">ACTA MESA DE CONTRATACION 2025-06-17<\/a><\/p>\n<p>20\/06\/2025 <a href=\"https:\/\/contratacion.almunecar.es\/wp-content\/uploads\/2025\/04\/RA-REQUER-DOC-PROYECTO-Y-OBRA-PASEO-LA-CALETILLA.pdf\">RA REQUER DOC PROYECTO Y OBRA PASEO LA CALETILLA<\/a><\/p>\n<p>20\/06\/2025 <a href=\"https:\/\/contratacion.almunecar.es\/wp-content\/uploads\/2025\/04\/PLACSP-REQUER-DOC-PROYECTO-Y-OBRA-PASEO-LA-CALETILLA.pdf\">PLACSP &#8211; REQUER DOC PROYECTO Y OBRA PASEO LA CALETILLA<\/a><\/p>\n<p>11\/07\/2025 <a href=\"https:\/\/contratacion.almunecar.es\/wp-content\/uploads\/2025\/04\/RA-ADJUDICACION-PROYECTO-Y-DIR-OBRA-PASEO-LA-CALETILLA.pdf\">RA ADJUDICACION PROYECTO Y DIR OBRA PASEO LA CALETILLA<\/a><\/p>\n<p>11\/07\/2025 <a href=\"https:\/\/contratacion.almunecar.es\/wp-content\/uploads\/2025\/04\/PLACSP-ADJUDICACION-PROYECTO-Y-DIR-OBRA-PASEO-LA-CALETILLA.pdf\">PLACSP &#8211; ADJUDICACION PROYECTO Y DIR OBRA PASEO LA CALETILLA<\/a><\/p>\n<p>11\/07\/2025 <a href=\"https:\/\/contratacion.almunecar.es\/wp-content\/uploads\/2025\/04\/PLACSP-NOTIFIC-ADJUDICACION-PROYECTO-Y-DIR-OBRA-PASEO-LA-CALETILLA.pdf\">PLACSP &#8211; NOTIFIC ADJUDICACION PROYECTO Y DIR OBRA PASEO LA CALETILLA<\/a><\/p>\n<p>22\/07\/2025 <a href=\"https:\/\/contratacion.almunecar.es\/wp-content\/uploads\/2025\/04\/PLACSP-FORMALIZACION-PROYECTO-OBRA-PASEO-LA-CALETILLA.pdf\">PLACSP &#8211; FORMALIZACI\u00d3N PROYECTO OBRA PASEO LA CALETILLA<\/a><\/p>\n<p>&nbsp;<\/p>\n<p>&nbsp;<\/p>\n<p>&nbsp;<\/p>\n","protected":false},"excerpt":{"rendered":"<p>25\/04\/2025 INFORME DE NECESIDAD Y NO LOTES PROYECTO PASEO LA CALETILLA 25\/04\/2025 MEMORIA JUSTIFICATIVA OBRAS PASEO DE LA CALETILLA 25\/04\/2025 PPTP PROYECTO PARA OBRAS PASEO DE LA CALETILLA 25\/04\/2025 PCAP PROYECTO PARA OBRAS PASEO DE LA CALETILLA 25\/04\/2025 RA APROB E INICIO EXPTE PROYECTO Y DIRECCION OBRAS LA CALETILLA 25\/04\/2025 PLACSP &#8211; ANUNCIO DE LICITACI\u00d3N&hellip; <br \/> <a class=\"button small blue\" href=\"https:\/\/contratacion.almunecar.es\/?p=9239\">Leer m\u00e1s<\/a><\/p>\n","protected":false},"author":5,"featured_media":0,"comment_status":"closed","ping_status":"closed","sticky":false,"template":"","format":"standard","meta":{"_acf_changed":false,"footnotes":""},"categories":[5,3,7,12,4],"tags":[],"class_list":["post-9239","post","type-post","status-publish","format-standard","hentry","category-adjudicacion_final","category-anuncio","category-formalizacion","category-formalizacion-de-contrato","category-licitacion"],"acf":[],"_links":{"self":[{"href":"https:\/\/contratacion.almunecar.es\/index.php?rest_route=\/wp\/v2\/posts\/9239","targetHints":{"allow":["GET"]}}],"collection":[{"href":"https:\/\/contratacion.almunecar.es\/index.php?rest_route=\/wp\/v2\/posts"}],"about":[{"href":"https:\/\/contratacion.almunecar.es\/index.php?rest_route=\/wp\/v2\/types\/post"}],"author":[{"embeddable":true,"href":"https:\/\/contratacion.almunecar.es\/index.php?rest_route=\/wp\/v2\/users\/5"}],"replies":[{"embeddable":true,"href":"https:\/\/contratacion.almunecar.es\/index.php?rest_route=%2Fwp%2Fv2%2Fcomments&post=9239"}],"version-history":[{"count":13,"href":"https:\/\/contratacion.almunecar.es\/index.php?rest_route=\/wp\/v2\/posts\/9239\/revisions"}],"predecessor-version":[{"id":9738,"href":"https:\/\/contratacion.almunecar.es\/index.php?rest_route=\/wp\/v2\/posts\/9239\/revisions\/9738"}],"wp:attachment":[{"href":"https:\/\/contratacion.almunecar.es\/index.php?rest_route=%2Fwp%2Fv2%2Fmedia&parent=9239"}],"wp:term":[{"taxonomy":"category","embeddable":true,"href":"https:\/\/contratacion.almunecar.es\/index.php?rest_route=%2Fwp%2Fv2%2Fcategories&post=9239"},{"taxonomy":"post_tag","embeddable":true,"href":"https:\/\/contratacion.almunecar.es\/index.php?rest_route=%2Fwp%2Fv2%2Ftags&post=9239"}],"curies":[{"name":"wp","href":"https:\/\/api.w.org\/{rel}","templated":true}]}}