{"id":9222,"date":"2025-04-22T13:28:28","date_gmt":"2025-04-22T11:28:28","guid":{"rendered":"https:\/\/contratacion.almunecar.es\/?p=9222"},"modified":"2025-06-19T11:46:09","modified_gmt":"2025-06-19T09:46:09","slug":"expte-18b-2025-gest-2611-2025-proyecto-y-obras-de-eliminacion-de-las-humedades-por-capilaridad-existentes-en-el-palacete-de-la-najarra-de-almunecar-y-de-restauracion-de-revestimientos-afectados","status":"publish","type":"post","link":"https:\/\/contratacion.almunecar.es\/?p=9222","title":{"rendered":"EXPTE. 18B\/2025 (GEST 2611\/2025): PROYECTO Y OBRAS DE ELIMINACI\u00d3N DE LAS HUMEDADES POR CAPILARIDAD EXISTENTES EN EL PALACETE DE LA NAJARRA DE ALMU\u00d1\u00c9CAR, Y DE RESTAURACI\u00d3N DE REVESTIMIENTOS AFECTADOS, MEDIANTE 2 LOTES. PROYECTO 100% SUBVENCIONADO POR LA JUNTA DE ANDALUC\u00cdA."},"content":{"rendered":"<p>22\/04\/2025 <a href=\"https:\/\/contratacion.almunecar.es\/wp-content\/uploads\/2025\/04\/INFORME-DE-NECESIDAD-OBRAS-PALACETE-LA-NAJARRA.pdf\">INFORME DE NECESIDAD OBRAS PALACETE LA NAJARRA<\/a><\/p>\n<p>22\/04\/2025 <a href=\"https:\/\/contratacion.almunecar.es\/wp-content\/uploads\/2025\/04\/INFORME-DIVISION-EN-LOTES-OBRAS-PALACETE-LA-NAJARRA.pdf\">INFORME DIVISION EN LOTES OBRAS PALACETE LA NAJARRA<\/a><\/p>\n<p>22\/04\/2025 <a href=\"https:\/\/contratacion.almunecar.es\/wp-content\/uploads\/2025\/04\/CRITERIOS-DE-VALORACION-OBRAS-PALACETE-LA-NAJARRA.pdf\">CRITERIOS DE VALORACION OBRAS PALACETE LA NAJARRA<\/a><\/p>\n<p>22\/04\/2025 <a href=\"https:\/\/contratacion.almunecar.es\/wp-content\/uploads\/2025\/04\/MEMORIA-JUSTIFICATIVA-OBRAS-PALACETE-LA-NAJARRA.pdf\">MEMORIA JUSTIFICATIVA OBRAS PALACETE LA NAJARRA<\/a><\/p>\n<p>22\/04\/2025 <a href=\"https:\/\/contratacion.almunecar.es\/wp-content\/uploads\/2025\/04\/PCAP-OBRAS-PALACETE-LA-NAJARRA.pdf\">PCAP OBRAS PALACETE LA NAJARRA<\/a><\/p>\n<p>22\/04\/2025 <a href=\"https:\/\/contratacion.almunecar.es\/wp-content\/uploads\/2025\/04\/PPTP-OBRAS-PALACETE-LA-NAJARRA.pdf\">PPTP OBRAS PALACETE LA NAJARRA<\/a><\/p>\n<p>22\/04\/2025 <a href=\"https:\/\/contratacion.almunecar.es\/wp-content\/uploads\/2025\/04\/RA-DECLAR-DESIERTO-Y-NUEVO-EXPTE-HUMEDADES-LA-NAJARRA.pdf\">RA DECLAR DESIERTO Y NUEVO EXPTE HUMEDADES LA NAJARRA<\/a><\/p>\n<p>22\/04\/2025 <a href=\"https:\/\/contratacion.almunecar.es\/wp-content\/uploads\/2025\/04\/PLACSP-ANUNCIO-DE-LICITACION-PROYECTO-Y-OBRAS-PALACETE-LA-NAJARRA.pdf\">PLACSP &#8211; ANUNCIO DE LICITACION PROYECTO Y OBRAS PALACETE LA NAJARRA<\/a><\/p>\n<p>22\/04\/2025 <a href=\"https:\/\/contratacion.almunecar.es\/wp-content\/uploads\/2025\/04\/PLACSP-DOCUMENTO-DE-PLIEGOS-PROYECTO-Y-OBRAS-PALACETE-LA-NAJARRA.pdf\">PLACSP &#8211; DOCUMENTO DE PLIEGOS PROYECTO Y OBRAS PALACETE LA NAJARRA<\/a><\/p>\n<p>*Las ofertas habr\u00e1n de presentarse a trav\u00e9s de la Herramienta de preparaci\u00f3n y presentaci\u00f3n de Ofertas de la Plataforma de Contrataci\u00f3n del Sector P\u00fablico, y hasta el 19\/05\/2025, 11:00. Para m\u00e1s informaci\u00f3n y presentaci\u00f3n de ofertas: <a href=\"https:\/\/contrataciondelestado.es\/wps\/poc?uri=deeplink%3Adetalle_licitacion&amp;idEvl=BlcsKw2dsX%2B7JOCXkOhcDg%3D%3D\">Cl\u00edck aqu\u00ed<\/a><\/p>\n<p>27\/05\/2025 <a href=\"https:\/\/contratacion.almunecar.es\/wp-content\/uploads\/2025\/04\/CITACION-MESA-DE-CONTRATACION-2025-05-30.pdf\">CITACION MESA DE CONTRATACION 2025-05-30<\/a><\/p>\n<p>03\/06\/2025 <a href=\"https:\/\/contratacion.almunecar.es\/wp-content\/uploads\/2025\/04\/ACTA-MESA-DE-CONTRATACION-2025-05-30.pdf\">ACTA MESA DE CONTRATACI\u00d3N 2025-05-30<\/a><\/p>\n<p>19\/06\/2025 <a href=\"https:\/\/contratacion.almunecar.es\/wp-content\/uploads\/2025\/04\/RA-REQUER-DOC-PROYECTO-Y-OBRAS-HUMEDADES-LA-NAJARRA.pdf\">RA REQUER DOC PROYECTO Y OBRAS HUMEDADES LA NAJARRA<\/a><\/p>\n<p>19\/06\/2025 <a href=\"https:\/\/contratacion.almunecar.es\/wp-content\/uploads\/2025\/04\/PLACSP-REQUER-DOC-PROYECTO-Y-OBRAS-HUMEDADES-LA-NAJARRA.pdf\">PLACSP &#8211; REQUER DOC PROYECTO Y OBRAS HUMEDADES LA NAJARRA<\/a><\/p>\n<p>&nbsp;<\/p>\n","protected":false},"excerpt":{"rendered":"<p>22\/04\/2025 INFORME DE NECESIDAD OBRAS PALACETE LA NAJARRA 22\/04\/2025 INFORME DIVISION EN LOTES OBRAS PALACETE LA NAJARRA 22\/04\/2025 CRITERIOS DE VALORACION OBRAS PALACETE LA NAJARRA 22\/04\/2025 MEMORIA JUSTIFICATIVA OBRAS PALACETE LA NAJARRA 22\/04\/2025 PCAP OBRAS PALACETE LA NAJARRA 22\/04\/2025 PPTP OBRAS PALACETE LA NAJARRA 22\/04\/2025 RA DECLAR DESIERTO Y NUEVO EXPTE HUMEDADES LA NAJARRA 22\/04\/2025&hellip; <br \/> <a class=\"button small blue\" href=\"https:\/\/contratacion.almunecar.es\/?p=9222\">Leer m\u00e1s<\/a><\/p>\n","protected":false},"author":5,"featured_media":0,"comment_status":"closed","ping_status":"closed","sticky":false,"template":"","format":"standard","meta":{"_acf_changed":false,"footnotes":""},"categories":[3,4],"tags":[],"class_list":["post-9222","post","type-post","status-publish","format-standard","hentry","category-anuncio","category-licitacion"],"acf":[],"_links":{"self":[{"href":"https:\/\/contratacion.almunecar.es\/index.php?rest_route=\/wp\/v2\/posts\/9222","targetHints":{"allow":["GET"]}}],"collection":[{"href":"https:\/\/contratacion.almunecar.es\/index.php?rest_route=\/wp\/v2\/posts"}],"about":[{"href":"https:\/\/contratacion.almunecar.es\/index.php?rest_route=\/wp\/v2\/types\/post"}],"author":[{"embeddable":true,"href":"https:\/\/contratacion.almunecar.es\/index.php?rest_route=\/wp\/v2\/users\/5"}],"replies":[{"embeddable":true,"href":"https:\/\/contratacion.almunecar.es\/index.php?rest_route=%2Fwp%2Fv2%2Fcomments&post=9222"}],"version-history":[{"count":6,"href":"https:\/\/contratacion.almunecar.es\/index.php?rest_route=\/wp\/v2\/posts\/9222\/revisions"}],"predecessor-version":[{"id":9542,"href":"https:\/\/contratacion.almunecar.es\/index.php?rest_route=\/wp\/v2\/posts\/9222\/revisions\/9542"}],"wp:attachment":[{"href":"https:\/\/contratacion.almunecar.es\/index.php?rest_route=%2Fwp%2Fv2%2Fmedia&parent=9222"}],"wp:term":[{"taxonomy":"category","embeddable":true,"href":"https:\/\/contratacion.almunecar.es\/index.php?rest_route=%2Fwp%2Fv2%2Fcategories&post=9222"},{"taxonomy":"post_tag","embeddable":true,"href":"https:\/\/contratacion.almunecar.es\/index.php?rest_route=%2Fwp%2Fv2%2Ftags&post=9222"}],"curies":[{"name":"wp","href":"https:\/\/api.w.org\/{rel}","templated":true}]}}