{"id":9195,"date":"2025-04-16T13:04:09","date_gmt":"2025-04-16T11:04:09","guid":{"rendered":"https:\/\/contratacion.almunecar.es\/?p=9195"},"modified":"2025-05-08T11:39:10","modified_gmt":"2025-05-08T09:39:10","slug":"expte-37-2025-gest-4444-2025-concesion-administrativa-demanial-para-la-explotacion-del-hotel-municipal-denominado-palacete-del-corregidor-sito-en-en-c-escamado-almunecar","status":"publish","type":"post","link":"https:\/\/contratacion.almunecar.es\/?p=9195","title":{"rendered":"Expte. 37\/2025 (GEST 4444\/2025). Concesi\u00f3n administrativa demanial para la explotaci\u00f3n del Hotel Municipal denominado \u00abPalacete del Corregidor\u00bb, sito en en C\/ Escamado, Almu\u00f1\u00e9car."},"content":{"rendered":"<p>16\/04\/2025 <a href=\"https:\/\/contratacion.almunecar.es\/wp-content\/uploads\/2025\/04\/INFORME-NECESIDAD-HOTEL-CORREGIDOR.pdf\">INFORME NECESIDAD HOTEL CORREGIDOR<\/a><\/p>\n<p>16\/04\/2025 <a href=\"https:\/\/contratacion.almunecar.es\/wp-content\/uploads\/2025\/04\/ESTUDIO-DE-VALORACION-CONCESION-HOTEL-DEL-CORREGIDOR.pdf\">ESTUDIO DE VALORACION CONCESION HOTEL DEL CORREGIDOR<\/a><\/p>\n<p>16\/04\/2025 <a href=\"https:\/\/contratacion.almunecar.es\/wp-content\/uploads\/2025\/04\/PLIEGO-ADMINISTRATIVO-Y-TECNICO-HOTEL-PALACETE-CORREGIDOR.pdf\">PLIEGO ADMINISTRATIVO Y TECNICO HOTEL PALACETE CORREGIDOR<\/a><\/p>\n<p>16\/04\/2025 <a href=\"https:\/\/contratacion.almunecar.es\/wp-content\/uploads\/2025\/04\/RA-APROB-E-INICIO-EXPTE-CONCESION-PALACETE-CORREGIDOR.pdf\">RA APROB E INICIO EXPTE CONCESION PALACETE CORREGIDOR<\/a><\/p>\n<p>16\/04\/2025 <a href=\"https:\/\/contratacion.almunecar.es\/wp-content\/uploads\/2025\/04\/PLACSP-ANUNCIO-LICITACION-CONCESION-PALACETE-CORREGIDOR.pdf\">PLACSP &#8211; ANUNCIO LICITACI\u00d3N CONCESI\u00d3N PALACETE CORREGIDOR<\/a><\/p>\n<p>16\/04\/2025 <a href=\"https:\/\/contratacion.almunecar.es\/wp-content\/uploads\/2025\/04\/PLACSP-DOCUMENTO-PLIEGOS-CONCESION-PALACETE-CORREGIDOR.pdf\">PLACSP &#8211; DOCUMENTO PLIEGOS CONCESI\u00d3N PALACETE CORREGIDOR<\/a><\/p>\n<p>Las ofertas podr\u00e1n presentarse hasta el d\u00eda 2 de mayo de 2025, a las 11:00 horas. Para m\u00e1s informaci\u00f3n y presentaci\u00f3n de ofertas: <a href=\"https:\/\/contrataciondelestado.es\/wps\/poc?uri=deeplink%3Adetalle_licitacion&amp;idEvl=EsX7j6kDvNfkY6rls5tG9A%3D%3D\">click aqu\u00ed.<\/a><\/p>\n<p>30\/04\/2025 <a href=\"https:\/\/contratacion.almunecar.es\/wp-content\/uploads\/2025\/04\/CITACION-MESA-DE-CONTRATACION-2025-05-06.pdf\">CITACION MESA DE CONTRATACION 2025-05-06<\/a><\/p>\n<p>08\/05\/2025 <a href=\"https:\/\/contratacion.almunecar.es\/wp-content\/uploads\/2025\/04\/ACTA-MESA-DE-CONTRATACION-2025-05-06.pdf\">ACTA MESA DE CONTRATACION 2025-05-06<\/a><\/p>\n","protected":false},"excerpt":{"rendered":"<p>16\/04\/2025 INFORME NECESIDAD HOTEL CORREGIDOR 16\/04\/2025 ESTUDIO DE VALORACION CONCESION HOTEL DEL CORREGIDOR 16\/04\/2025 PLIEGO ADMINISTRATIVO Y TECNICO HOTEL PALACETE CORREGIDOR 16\/04\/2025 RA APROB E INICIO EXPTE CONCESION PALACETE CORREGIDOR 16\/04\/2025 PLACSP &#8211; ANUNCIO LICITACI\u00d3N CONCESI\u00d3N PALACETE CORREGIDOR 16\/04\/2025 PLACSP &#8211; DOCUMENTO PLIEGOS CONCESI\u00d3N PALACETE CORREGIDOR Las ofertas podr\u00e1n presentarse hasta el d\u00eda 2 de&hellip; <br \/> <a class=\"button small blue\" href=\"https:\/\/contratacion.almunecar.es\/?p=9195\">Leer m\u00e1s<\/a><\/p>\n","protected":false},"author":5,"featured_media":0,"comment_status":"closed","ping_status":"closed","sticky":false,"template":"","format":"standard","meta":{"_acf_changed":false,"footnotes":""},"categories":[3,4],"tags":[],"class_list":["post-9195","post","type-post","status-publish","format-standard","hentry","category-anuncio","category-licitacion"],"acf":[],"_links":{"self":[{"href":"https:\/\/contratacion.almunecar.es\/index.php?rest_route=\/wp\/v2\/posts\/9195","targetHints":{"allow":["GET"]}}],"collection":[{"href":"https:\/\/contratacion.almunecar.es\/index.php?rest_route=\/wp\/v2\/posts"}],"about":[{"href":"https:\/\/contratacion.almunecar.es\/index.php?rest_route=\/wp\/v2\/types\/post"}],"author":[{"embeddable":true,"href":"https:\/\/contratacion.almunecar.es\/index.php?rest_route=\/wp\/v2\/users\/5"}],"replies":[{"embeddable":true,"href":"https:\/\/contratacion.almunecar.es\/index.php?rest_route=%2Fwp%2Fv2%2Fcomments&post=9195"}],"version-history":[{"count":3,"href":"https:\/\/contratacion.almunecar.es\/index.php?rest_route=\/wp\/v2\/posts\/9195\/revisions"}],"predecessor-version":[{"id":9330,"href":"https:\/\/contratacion.almunecar.es\/index.php?rest_route=\/wp\/v2\/posts\/9195\/revisions\/9330"}],"wp:attachment":[{"href":"https:\/\/contratacion.almunecar.es\/index.php?rest_route=%2Fwp%2Fv2%2Fmedia&parent=9195"}],"wp:term":[{"taxonomy":"category","embeddable":true,"href":"https:\/\/contratacion.almunecar.es\/index.php?rest_route=%2Fwp%2Fv2%2Fcategories&post=9195"},{"taxonomy":"post_tag","embeddable":true,"href":"https:\/\/contratacion.almunecar.es\/index.php?rest_route=%2Fwp%2Fv2%2Ftags&post=9195"}],"curies":[{"name":"wp","href":"https:\/\/api.w.org\/{rel}","templated":true}]}}