{"id":9180,"date":"2025-04-09T11:22:25","date_gmt":"2025-04-09T09:22:25","guid":{"rendered":"https:\/\/contratacion.almunecar.es\/?p=9180"},"modified":"2025-07-21T08:34:30","modified_gmt":"2025-07-21T06:34:30","slug":"expte-39-2025-gest-11881-2024-arrendamiento-de-una-parcela-idonea-para-la-implantacion-de-un-aparcamiento-de-camiones-a-disposicion-del-municipio-de-almunecar","status":"publish","type":"post","link":"https:\/\/contratacion.almunecar.es\/?p=9180","title":{"rendered":"Expte. 39\/2025 (GEST 11881\/2024). Arrendamiento de una parcela id\u00f3nea para la implantaci\u00f3n de un aparcamiento de camiones a disposici\u00f3n del municipio de Almu\u00f1\u00e9car."},"content":{"rendered":"<p>09\/04\/2025 <a href=\"https:\/\/contratacion.almunecar.es\/wp-content\/uploads\/2025\/04\/MEMORIA-JUSTIFICATIVA-SOBRE-LA-NECESIDAD-E-IDONEIDAD.pdf\">MEMORIA JUSTIFICATIVA SOBRE LA NECESIDAD E IDONEIDAD<\/a><\/p>\n<p>09\/04\/2025 <a href=\"https:\/\/contratacion.almunecar.es\/wp-content\/uploads\/2025\/04\/Info.Carac-tec.-Parcela-aparc-caminones-exp11881-24.pdf\">Info.Carac tec. Parcela aparc caminones exp11881-24<\/a><\/p>\n<p>09\/04\/2025 <a href=\"https:\/\/contratacion.almunecar.es\/wp-content\/uploads\/2025\/04\/VALORACION-TERRENO-ALQUILER-PARKING-CAMIONES.pdf\">VALORACION TERRENO ALQUILER PARKING CAMIONES<\/a><\/p>\n<p>09\/04\/2025 <a href=\"https:\/\/contratacion.almunecar.es\/wp-content\/uploads\/2025\/04\/PLIEGO-DE-CONDICIONES-JURIDICO-ECONOMICO-ADMINISTRATIVAS-Y-TECNICAS-ARRENDAMIENTO-PARCELA-PARA-APARCAMIENTO-DE-CAMIONES.pdf\">PLIEGO DE CONDICIONES JURIDICO ECONOMICO ADMINISTRATIVAS Y TECNICAS ARRENDAMIENTO PARCELA PARA APARCAMIENTO DE CAMIONES<\/a><\/p>\n<p>09\/04\/2025 <a href=\"https:\/\/contratacion.almunecar.es\/wp-content\/uploads\/2025\/04\/RA-APROB-E-INICIO-EXPTE-ARRENDAMIENTO-PARCELA-CAMIONES.pdf\">RA APROB E INICIO EXPTE ARRENDAMIENTO PARCELA CAMIONES<\/a><\/p>\n<p>09\/04\/2025 <a href=\"https:\/\/contratacion.almunecar.es\/wp-content\/uploads\/2025\/04\/PLACSP-ANUNCIO-LICITACION-ARRENDAMIENTO-PARCELA-CAMIONES.pdf\">PLACSP &#8211; ANUNCIO LICITACI\u00d3N ARRENDAMIENTO PARCELA CAMIONES<\/a><\/p>\n<p>09\/04\/2025 <a href=\"https:\/\/contratacion.almunecar.es\/wp-content\/uploads\/2025\/04\/PLACSP-DOCUMENTO-PLIEGOS-ARRENDAMIENTO-PARCELA-CAMIONES.pdf\">PLACSP &#8211; DOCUMENTO PLIEGOS ARRENDAMIENTO PARCELA CAMIONES<\/a><\/p>\n<p>Las ofertas podr\u00e1n presentarse hasta el d\u00eda 25\/04\/2025, a las 11:00 horas. Para m\u00e1s informaci\u00f3n y presentaci\u00f3n de ofertas: <a href=\"https:\/\/contrataciondelestado.es\/wps\/poc?uri=deeplink%3Adetalle_licitacion&amp;idEvl=yOqR8152HbNJ8Trn0ZPzLw%3D%3D\">click aqu\u00ed<\/a><\/p>\n<p>30\/04\/2025 <a href=\"https:\/\/contratacion.almunecar.es\/wp-content\/uploads\/2025\/04\/CITACION-MESA-DE-CONTRATACION-2025-05-06.pdf\">CITACION MESA DE CONTRATACION 2025-05-06<\/a><\/p>\n<p>08\/05\/2025 <a href=\"https:\/\/contratacion.almunecar.es\/wp-content\/uploads\/2025\/04\/ACTA-MESA-DE-CONTRATACION-2025-05-06.pdf\">ACTA MESA DE CONTRATACION 2025-05-06<\/a><\/p>\n<p>14\/05\/2025 <a href=\"https:\/\/contratacion.almunecar.es\/wp-content\/uploads\/2025\/04\/RA-REQUER-DOC-ARRENDAMIENTO-PARCELA-CAMIONES.pdf\">RA REQUER DOC ARRENDAMIENTO PARCELA CAMIONES<\/a><\/p>\n<p>14\/05\/2025 <a href=\"https:\/\/contratacion.almunecar.es\/wp-content\/uploads\/2025\/04\/PLACSP-REQUER-DOC-ARRENDAMIENTO-PARCELA-CAMIONES.pdf\">PLACSP &#8211; REQUER DOC ARRENDAMIENTO PARCELA CAMIONES<\/a><\/p>\n<p>02\/07\/2025 <a href=\"https:\/\/contratacion.almunecar.es\/wp-content\/uploads\/2025\/04\/RA-ADJUDICACION-ARRENDAMIENTO-PARCELA-CAMIONES.pdf\">RA ADJUDICACION ARRENDAMIENTO PARCELA CAMIONES<\/a><\/p>\n<p>02\/07\/2025 <a href=\"https:\/\/contratacion.almunecar.es\/wp-content\/uploads\/2025\/04\/PLACSP-ADJUDICACION-ARRENDAMIENTO-PARCELA-CAMIONES.pdf\">PLACSP &#8211; ADJUDICACION ARRENDAMIENTO PARCELA CAMIONES<\/a><\/p>\n<p>21\/07\/2025 <a href=\"https:\/\/contratacion.almunecar.es\/wp-content\/uploads\/2025\/04\/PLACSP-FORMALIZACION-CONTRATO-ARRENDAMIENTO-PARCELA-CAMIONES.pdf\">PLACSP &#8211; FORMALIZACI\u00d3N CONTRATO ARRENDAMIENTO PARCELA CAMIONES<\/a><\/p>\n<p>&nbsp;<\/p>\n","protected":false},"excerpt":{"rendered":"<p>09\/04\/2025 MEMORIA JUSTIFICATIVA SOBRE LA NECESIDAD E IDONEIDAD 09\/04\/2025 Info.Carac tec. Parcela aparc caminones exp11881-24 09\/04\/2025 VALORACION TERRENO ALQUILER PARKING CAMIONES 09\/04\/2025 PLIEGO DE CONDICIONES JURIDICO ECONOMICO ADMINISTRATIVAS Y TECNICAS ARRENDAMIENTO PARCELA PARA APARCAMIENTO DE CAMIONES 09\/04\/2025 RA APROB E INICIO EXPTE ARRENDAMIENTO PARCELA CAMIONES 09\/04\/2025 PLACSP &#8211; ANUNCIO LICITACI\u00d3N ARRENDAMIENTO PARCELA CAMIONES 09\/04\/2025 PLACSP&hellip; <br \/> <a class=\"button small blue\" href=\"https:\/\/contratacion.almunecar.es\/?p=9180\">Leer m\u00e1s<\/a><\/p>\n","protected":false},"author":5,"featured_media":0,"comment_status":"closed","ping_status":"closed","sticky":false,"template":"","format":"standard","meta":{"_acf_changed":false,"footnotes":""},"categories":[5,3,7,12,4],"tags":[],"class_list":["post-9180","post","type-post","status-publish","format-standard","hentry","category-adjudicacion_final","category-anuncio","category-formalizacion","category-formalizacion-de-contrato","category-licitacion"],"acf":[],"_links":{"self":[{"href":"https:\/\/contratacion.almunecar.es\/index.php?rest_route=\/wp\/v2\/posts\/9180","targetHints":{"allow":["GET"]}}],"collection":[{"href":"https:\/\/contratacion.almunecar.es\/index.php?rest_route=\/wp\/v2\/posts"}],"about":[{"href":"https:\/\/contratacion.almunecar.es\/index.php?rest_route=\/wp\/v2\/types\/post"}],"author":[{"embeddable":true,"href":"https:\/\/contratacion.almunecar.es\/index.php?rest_route=\/wp\/v2\/users\/5"}],"replies":[{"embeddable":true,"href":"https:\/\/contratacion.almunecar.es\/index.php?rest_route=%2Fwp%2Fv2%2Fcomments&post=9180"}],"version-history":[{"count":6,"href":"https:\/\/contratacion.almunecar.es\/index.php?rest_route=\/wp\/v2\/posts\/9180\/revisions"}],"predecessor-version":[{"id":9736,"href":"https:\/\/contratacion.almunecar.es\/index.php?rest_route=\/wp\/v2\/posts\/9180\/revisions\/9736"}],"wp:attachment":[{"href":"https:\/\/contratacion.almunecar.es\/index.php?rest_route=%2Fwp%2Fv2%2Fmedia&parent=9180"}],"wp:term":[{"taxonomy":"category","embeddable":true,"href":"https:\/\/contratacion.almunecar.es\/index.php?rest_route=%2Fwp%2Fv2%2Fcategories&post=9180"},{"taxonomy":"post_tag","embeddable":true,"href":"https:\/\/contratacion.almunecar.es\/index.php?rest_route=%2Fwp%2Fv2%2Ftags&post=9180"}],"curies":[{"name":"wp","href":"https:\/\/api.w.org\/{rel}","templated":true}]}}