{"id":9148,"date":"2025-04-07T10:56:13","date_gmt":"2025-04-07T08:56:13","guid":{"rendered":"https:\/\/contratacion.almunecar.es\/?p=9148"},"modified":"2025-05-20T14:36:17","modified_gmt":"2025-05-20T12:36:17","slug":"expte-151b-2024-gest-11247-2024-concesion-administrativa-demanial-uso-privativo-para-la-explotacion-mediante-actividades-de-hosteleria-restauracion-y-comercio-de-productos-gourmet-del-local-n-o","status":"publish","type":"post","link":"https:\/\/contratacion.almunecar.es\/?p=9148","title":{"rendered":"Expte. 151B\/2024 (GEST 11247\/2024). Concesi\u00f3n Administrativa Demanial (uso privativo) para la explotaci\u00f3n mediante actividades de hosteler\u00eda, restauraci\u00f3n y comercio de productos gourmet del Local N.\u00ba 1 sito en el Mercado Municipal de abastos de Almu\u00f1\u00e9car (fachada a Callej\u00f3n del Virgo)."},"content":{"rendered":"<p>07\/04\/2025 <a href=\"https:\/\/contratacion.almunecar.es\/wp-content\/uploads\/2025\/04\/INFORME-NECESIDAD-E-IDONEIDAD-CONCESION-DEMANIAL-LOCAL-1-MERCADO-DE-ABASTOS.pdf\">INFORME NECESIDAD E IDONEIDAD CONCESION DEMANIAL LOCAL 1 MERCADO DE ABASTOS<\/a><\/p>\n<p>07\/04\/2025 <a href=\"https:\/\/contratacion.almunecar.es\/wp-content\/uploads\/2025\/04\/PLIEGO-DE-COND-JURIDICO-ECONIMICO-ADM-Y-TECNICAS-LOCAL-1-MERCADO.pdf\">PLIEGO DE COND JURIDICO ECONIMICO ADM Y TECNICAS LOCAL 1 MERCADO<\/a><\/p>\n<p>07\/04\/2025 <a href=\"https:\/\/contratacion.almunecar.es\/wp-content\/uploads\/2025\/04\/RA-DECLARACION-DESIERTO-E-INICIO-NUEVO-EXPTE-CONCESION-LOCAL-1-MERCADO-MUN.pdf\">RA DECLARACION DESIERTO E INICIO NUEVO EXPTE CONCESION LOCAL 1 MERCADO MUN<\/a><\/p>\n<p>07\/04\/2025 <a href=\"https:\/\/contratacion.almunecar.es\/wp-content\/uploads\/2025\/04\/PLACSP-ANUNCIO-LICITACION-CONCESION-LOCAL-1-MERCADO.pdf\">PLACSP &#8211; ANUNCIO LICITACI\u00d3N CONCESI\u00d3N LOCAL 1 MERCADO<\/a><\/p>\n<p>07\/04\/2025 <a href=\"https:\/\/contratacion.almunecar.es\/wp-content\/uploads\/2025\/04\/PLACSP-DOCUMENTO-PLIEGOS-CONCESION-LOCAL-1-MERCADO.pdf\">PLACSP &#8211; DOCUMENTO PLIEGOS CONCESI\u00d3N LOCAL 1 MERCADO<\/a><\/p>\n<p>Las ofertas podr\u00e1n presentarse hasta el d\u00edas 8\/05\/2025, a las 11:00 horas. Para m\u00e1s informaci\u00f3n y presentaci\u00f3n de ofertas: <a href=\"https:\/\/contrataciondelestado.es\/wps\/poc?uri=deeplink%3Adetalle_licitacion&amp;idEvl=z8m07WynaANVkTabT%2FRM8A%3D%3D\">click aqu\u00ed<\/a><\/p>\n<p>12\/05\/2025 <a href=\"https:\/\/contratacion.almunecar.es\/wp-content\/uploads\/2025\/04\/CITACION-MESA-DE-CONTRATACION-2025-05-16.pdf\">CITACION MESA DE CONTRATACION 2025-05-16<\/a><\/p>\n<p>20\/05\/2025 <a href=\"https:\/\/contratacion.almunecar.es\/wp-content\/uploads\/2024\/12\/ACTA-MESA-DE-CONTRATACION-2025-05-16.pdf\">ACTA MESA DE CONTRATACION 2025-05-16<\/a><\/p>\n<p>&nbsp;<\/p>\n<p>&nbsp;<\/p>\n","protected":false},"excerpt":{"rendered":"<p>07\/04\/2025 INFORME NECESIDAD E IDONEIDAD CONCESION DEMANIAL LOCAL 1 MERCADO DE ABASTOS 07\/04\/2025 PLIEGO DE COND JURIDICO ECONIMICO ADM Y TECNICAS LOCAL 1 MERCADO 07\/04\/2025 RA DECLARACION DESIERTO E INICIO NUEVO EXPTE CONCESION LOCAL 1 MERCADO MUN 07\/04\/2025 PLACSP &#8211; ANUNCIO LICITACI\u00d3N CONCESI\u00d3N LOCAL 1 MERCADO 07\/04\/2025 PLACSP &#8211; DOCUMENTO PLIEGOS CONCESI\u00d3N LOCAL 1 MERCADO&hellip; <br \/> <a class=\"button small blue\" href=\"https:\/\/contratacion.almunecar.es\/?p=9148\">Leer m\u00e1s<\/a><\/p>\n","protected":false},"author":5,"featured_media":0,"comment_status":"closed","ping_status":"closed","sticky":false,"template":"","format":"standard","meta":{"_acf_changed":false,"footnotes":""},"categories":[3,4],"tags":[],"class_list":["post-9148","post","type-post","status-publish","format-standard","hentry","category-anuncio","category-licitacion"],"acf":[],"_links":{"self":[{"href":"https:\/\/contratacion.almunecar.es\/index.php?rest_route=\/wp\/v2\/posts\/9148","targetHints":{"allow":["GET"]}}],"collection":[{"href":"https:\/\/contratacion.almunecar.es\/index.php?rest_route=\/wp\/v2\/posts"}],"about":[{"href":"https:\/\/contratacion.almunecar.es\/index.php?rest_route=\/wp\/v2\/types\/post"}],"author":[{"embeddable":true,"href":"https:\/\/contratacion.almunecar.es\/index.php?rest_route=\/wp\/v2\/users\/5"}],"replies":[{"embeddable":true,"href":"https:\/\/contratacion.almunecar.es\/index.php?rest_route=%2Fwp%2Fv2%2Fcomments&post=9148"}],"version-history":[{"count":3,"href":"https:\/\/contratacion.almunecar.es\/index.php?rest_route=\/wp\/v2\/posts\/9148\/revisions"}],"predecessor-version":[{"id":9400,"href":"https:\/\/contratacion.almunecar.es\/index.php?rest_route=\/wp\/v2\/posts\/9148\/revisions\/9400"}],"wp:attachment":[{"href":"https:\/\/contratacion.almunecar.es\/index.php?rest_route=%2Fwp%2Fv2%2Fmedia&parent=9148"}],"wp:term":[{"taxonomy":"category","embeddable":true,"href":"https:\/\/contratacion.almunecar.es\/index.php?rest_route=%2Fwp%2Fv2%2Fcategories&post=9148"},{"taxonomy":"post_tag","embeddable":true,"href":"https:\/\/contratacion.almunecar.es\/index.php?rest_route=%2Fwp%2Fv2%2Ftags&post=9148"}],"curies":[{"name":"wp","href":"https:\/\/api.w.org\/{rel}","templated":true}]}}