{"id":9093,"date":"2025-04-01T13:25:09","date_gmt":"2025-04-01T11:25:09","guid":{"rendered":"https:\/\/contratacion.almunecar.es\/?p=9093"},"modified":"2025-07-15T10:56:40","modified_gmt":"2025-07-15T08:56:40","slug":"expte-30e-2024-gest-2223-2024-concesion-administrativa-demanial-uso-privativo-para-la-explotacion-mediante-actividades-de-hosteleria-y-restauracion-del-local-numero-4-soho-sito-en-los-bajos-de","status":"publish","type":"post","link":"https:\/\/contratacion.almunecar.es\/?p=9093","title":{"rendered":"Expte. 30E\/2024 (GEST 2223\/2024). Concesi\u00f3n Administrativa Demanial (uso privativo) para la explotaci\u00f3n mediante actividades de hosteler\u00eda y restauraci\u00f3n del local n\u00famero 4 (Soho) sito en los bajos del Paseo del Altillo de Almu\u00f1\u00e9car (Granada)."},"content":{"rendered":"<p>01\/04\/2025 <a href=\"https:\/\/contratacion.almunecar.es\/wp-content\/uploads\/2025\/04\/INFORME-NECESIDAD-E-IDONEIDAD-CONCESION-LOCAL-4-ALTILLO-SOHO.pdf\">INFORME NECESIDAD E IDONEIDAD CONCESION LOCAL 4 ALTILLO &#8211; SOHO<\/a><\/p>\n<p>01\/04\/2025 <a href=\"https:\/\/contratacion.almunecar.es\/wp-content\/uploads\/2025\/04\/VALORACION-CONCESIN-LOCAL-N-4-SOHO.pdf\">VALORACION CONCESIN LOCAL N 4 &#8211; SOHO<\/a><\/p>\n<p>01\/04\/2025 <a href=\"https:\/\/contratacion.almunecar.es\/wp-content\/uploads\/2025\/04\/PLIEGO-DE-CONDICIONES-JURIDICO-ECONOMICO-ADMINISTRATIVAS-Y-TECNICAS-SOHO.pdf\">PLIEGO DE CONDICIONES JURIDICO ECONOMICO ADMINISTRATIVAS Y TECNICAS SOHO<\/a><\/p>\n<p>01\/04\/2025 <a href=\"https:\/\/contratacion.almunecar.es\/wp-content\/uploads\/2025\/04\/RA-DECLARACION-DESIERTO-E-INICIO-NUEVO-EXPTE-LOCAL-4-ALTILLO-SOHO.pdf\">RA DECLARACION DESIERTO E INICIO NUEVO EXPTE LOCAL 4 ALTILLO &#8211; SOHO<\/a><\/p>\n<p>01\/04\/2025 <a href=\"https:\/\/contratacion.almunecar.es\/wp-content\/uploads\/2025\/04\/PLACSP-ANUNCIO-LICITACION-CONCESION-LOCAL-4-ALTILLO-SOHO.pdf\">PLACSP &#8211; ANUNCIO LICITACI\u00d3N CONCESI\u00d3N LOCAL 4 ALTILLO &#8211; SOHO<\/a><\/p>\n<p>01\/04\/2025 <a href=\"https:\/\/contratacion.almunecar.es\/wp-content\/uploads\/2025\/04\/PLACSP-DOCUMENTO-PLIEGOS-CONCESION-LOCAL-4-ALTILLO-SOHO.pdf\">PLACSP &#8211; DOCUMENTO PLIEGOS CONCESI\u00d3N LOCAL 4 ALTILLO &#8211; SOHO<\/a><\/p>\n<p>Las ofertas podr\u00e1n presentarse hasta el d\u00eda 22\/04\/2025, a las 11:00 horas. Para m\u00e1s informaci\u00f3n y presentaci\u00f3n de ofertas: <a href=\"https:\/\/contrataciondelestado.es\/wps\/poc?uri=deeplink%3Adetalle_licitacion&amp;idEvl=36X%2BhvgetRDE6P%2FuLemXRw%3D%3D\">click aqu\u00ed<\/a><\/p>\n<p>30\/04\/2025 <a href=\"https:\/\/contratacion.almunecar.es\/wp-content\/uploads\/2025\/04\/CITACION-MESA-DE-CONTRATACION-2025-05-06.pdf\">CITACION MESA DE CONTRATACION 2025-05-06<\/a><\/p>\n<p>08\/05\/2025 <a href=\"https:\/\/contratacion.almunecar.es\/wp-content\/uploads\/2025\/04\/ACTA-MESA-DE-CONTRATACION-2025-05-06.pdf\">ACTA MESA DE CONTRATACION 2025-05-06<\/a><\/p>\n<p>19\/05\/2025 <a href=\"https:\/\/contratacion.almunecar.es\/wp-content\/uploads\/2025\/04\/RA-RETIRADA-OFERTA-Y-REQUER-DOC-SIGUIENTE-CONCESION-LOCAL-4-ALTILLO-SOHO.pdf\">RA RETIRADA OFERTA Y REQUER DOC SIGUIENTE &#8211; CONCESION LOCAL 4 ALTILLO &#8211; SOHO<\/a><\/p>\n<p>19\/05\/2025 <a href=\"https:\/\/contratacion.almunecar.es\/wp-content\/uploads\/2025\/04\/PLACSP-RETIRADA-OFERTA-Y-REQUER-DOC-SIGUIENTE-CONCESION-LOCAL-4-ALTILLO-SOHO.pdf\">PLACSP &#8211; RETIRADA OFERTA Y REQUER DOC SIGUIENTE &#8211; CONCESION LOCAL 4 ALTILLO &#8211; SOHO<\/a><\/p>\n<p>09\/06\/2025 <a href=\"https:\/\/contratacion.almunecar.es\/wp-content\/uploads\/2025\/04\/RA-ADJUDICACION-CONCESION-LOCAL-4-ALTILLO-SOHO.pdf\">RA ADJUDICACION CONCESION LOCAL 4 ALTILLO &#8211; SOHO<\/a><\/p>\n<p>09\/06\/2025 <a href=\"https:\/\/contratacion.almunecar.es\/wp-content\/uploads\/2025\/04\/PLACSP-ADJUDICACION-CONCESION-LOCAL-4-ALTILLO-SOHO.pdf\">PLACSP &#8211; ADJUDICACION CONCESION LOCAL 4 ALTILLO &#8211; SOHO<\/a><\/p>\n<p>15\/07\/2025 <a href=\"https:\/\/contratacion.almunecar.es\/wp-content\/uploads\/2025\/04\/PLACSP-FORMALIZACION-CONTRATO-CONCESION-LOCAL-4-SOHO.pdf\">PLACSP &#8211; FORMALIZACI\u00d3N CONTRATO CONCESI\u00d3N LOCAL 4 &#8211; SOHO<\/a><\/p>\n<p>&nbsp;<\/p>\n","protected":false},"excerpt":{"rendered":"<p>01\/04\/2025 INFORME NECESIDAD E IDONEIDAD CONCESION LOCAL 4 ALTILLO &#8211; SOHO 01\/04\/2025 VALORACION CONCESIN LOCAL N 4 &#8211; SOHO 01\/04\/2025 PLIEGO DE CONDICIONES JURIDICO ECONOMICO ADMINISTRATIVAS Y TECNICAS SOHO 01\/04\/2025 RA DECLARACION DESIERTO E INICIO NUEVO EXPTE LOCAL 4 ALTILLO &#8211; SOHO 01\/04\/2025 PLACSP &#8211; ANUNCIO LICITACI\u00d3N CONCESI\u00d3N LOCAL 4 ALTILLO &#8211; SOHO 01\/04\/2025 PLACSP&hellip; <br \/> <a class=\"button small blue\" href=\"https:\/\/contratacion.almunecar.es\/?p=9093\">Leer m\u00e1s<\/a><\/p>\n","protected":false},"author":5,"featured_media":0,"comment_status":"closed","ping_status":"closed","sticky":false,"template":"","format":"standard","meta":{"_acf_changed":false,"footnotes":""},"categories":[5,3,7,12,4],"tags":[],"class_list":["post-9093","post","type-post","status-publish","format-standard","hentry","category-adjudicacion_final","category-anuncio","category-formalizacion","category-formalizacion-de-contrato","category-licitacion"],"acf":[],"_links":{"self":[{"href":"https:\/\/contratacion.almunecar.es\/index.php?rest_route=\/wp\/v2\/posts\/9093","targetHints":{"allow":["GET"]}}],"collection":[{"href":"https:\/\/contratacion.almunecar.es\/index.php?rest_route=\/wp\/v2\/posts"}],"about":[{"href":"https:\/\/contratacion.almunecar.es\/index.php?rest_route=\/wp\/v2\/types\/post"}],"author":[{"embeddable":true,"href":"https:\/\/contratacion.almunecar.es\/index.php?rest_route=\/wp\/v2\/users\/5"}],"replies":[{"embeddable":true,"href":"https:\/\/contratacion.almunecar.es\/index.php?rest_route=%2Fwp%2Fv2%2Fcomments&post=9093"}],"version-history":[{"count":9,"href":"https:\/\/contratacion.almunecar.es\/index.php?rest_route=\/wp\/v2\/posts\/9093\/revisions"}],"predecessor-version":[{"id":9693,"href":"https:\/\/contratacion.almunecar.es\/index.php?rest_route=\/wp\/v2\/posts\/9093\/revisions\/9693"}],"wp:attachment":[{"href":"https:\/\/contratacion.almunecar.es\/index.php?rest_route=%2Fwp%2Fv2%2Fmedia&parent=9093"}],"wp:term":[{"taxonomy":"category","embeddable":true,"href":"https:\/\/contratacion.almunecar.es\/index.php?rest_route=%2Fwp%2Fv2%2Fcategories&post=9093"},{"taxonomy":"post_tag","embeddable":true,"href":"https:\/\/contratacion.almunecar.es\/index.php?rest_route=%2Fwp%2Fv2%2Ftags&post=9093"}],"curies":[{"name":"wp","href":"https:\/\/api.w.org\/{rel}","templated":true}]}}