{"id":9081,"date":"2025-03-28T12:57:20","date_gmt":"2025-03-28T10:57:20","guid":{"rendered":"https:\/\/contratacion.almunecar.es\/?p=9081"},"modified":"2025-07-23T08:21:20","modified_gmt":"2025-07-23T06:21:20","slug":"expte-139b-2024-gest-11348-2024-concesion-administrativa-demanial-uso-privativo-para-la-explotacion-mediante-actividades-de-hosteleria-restauracion-y-comercio-de-productos-gourmet-del-local-n-o","status":"publish","type":"post","link":"https:\/\/contratacion.almunecar.es\/?p=9081","title":{"rendered":"Expte. 139B\/2024 (GEST 11348\/2024). Concesi\u00f3n Administrativa Demanial (uso privativo) para la explotaci\u00f3n mediante actividades de hosteler\u00eda, restauraci\u00f3n y comercio de productos gourmet del Local N.\u00ba 3 sito en el Mercado Municipal de abastos de Almu\u00f1\u00e9car."},"content":{"rendered":"<p>28\/03\/2025 <a href=\"https:\/\/contratacion.almunecar.es\/wp-content\/uploads\/2025\/03\/INFORME-NECESIDAD-E-IDONEIDAD-CONCESION-DEMANIAL-LOCAL-3-MERCADO-DE-ABASTOS.pdf\">INFORME NECESIDAD E IDONEIDAD CONCESION DEMANIAL LOCAL 3 MERCADO DE ABASTOS<\/a><\/p>\n<p>28\/03\/2025 <a href=\"https:\/\/contratacion.almunecar.es\/wp-content\/uploads\/2025\/03\/PLIEGO-DE-CONDICIONES-JURIDICO-ECONOMICO-ADMINISTRATIVAS-Y-TECNICAS-LOCAL-3-MERCADO.pdf\">PLIEGO DE CONDICIONES JURIDICO ECONOMICO ADMINISTRATIVAS Y TECNICAS LOCAL 3 MERCADO<\/a><\/p>\n<p>28\/03\/2025 <a href=\"https:\/\/contratacion.almunecar.es\/wp-content\/uploads\/2025\/03\/RA-APROB-E-INICIO-EXPTE-CONCESION-LOCAL-3-MERCADO.pdf\">RA APROB E INICIO EXPTE CONCESION LOCAL 3 MERCADO<\/a><\/p>\n<p>28\/03\/2025 <a href=\"https:\/\/contratacion.almunecar.es\/wp-content\/uploads\/2025\/03\/PLACSP-ANUNCIO-LICITACION-CONCESION-LOCAL-3-MERCADO-MUNICIPAL.pdf\">PLACSP &#8211; ANUNCIO LICITACI\u00d3N CONCESI\u00d3N LOCAL 3 MERCADO MUNICIPAL<\/a><\/p>\n<p>28\/03\/2025 <a href=\"https:\/\/contratacion.almunecar.es\/wp-content\/uploads\/2025\/03\/PLACSP-DOCUMENTO-PLIEGOS-CONCESION-LOCAL-3-MERCADO-MUNICIPAL.pdf\">PLACSP &#8211; DOCUMENTO PLIEGOS CONCESI\u00d3N LOCAL 3 MERCADO MUNICIPAL<\/a><\/p>\n<p>Las ofertas podr\u00e1n presentarse hasta el d\u00eda 28\/04\/2025, a las 11:00 horas. Para m\u00e1s informaci\u00f3n y presentaci\u00f3n de ofertas: <a href=\"https:\/\/contrataciondelestado.es\/wps\/poc?uri=deeplink%3Adetalle_licitacion&amp;idEvl=12SXzdyDerDkY6rls5tG9A%3D%3D\">click aqu\u00ed.<\/a><\/p>\n<p>30\/04\/2025 <a href=\"https:\/\/contratacion.almunecar.es\/wp-content\/uploads\/2025\/04\/CITACION-MESA-DE-CONTRATACION-2025-05-06.pdf\">CITACION MESA DE CONTRATACION 2025-05-06<\/a><\/p>\n<p>08\/05\/2025 <a href=\"https:\/\/contratacion.almunecar.es\/wp-content\/uploads\/2025\/04\/ACTA-MESA-DE-CONTRATACION-2025-05-06.pdf\">ACTA MESA DE CONTRATACION 2025-05-06<\/a><\/p>\n<p>14\/05\/2025 <a href=\"https:\/\/contratacion.almunecar.es\/wp-content\/uploads\/2025\/03\/RA-REQUER-DOCUMENTACION-CONCESION-LOCAL-3-MERCADO.pdf\">RA REQUER DOCUMENTACION CONCESION LOCAL 3 MERCADO<\/a><\/p>\n<p>14\/05\/2025 <a href=\"https:\/\/contratacion.almunecar.es\/wp-content\/uploads\/2025\/03\/PLACSP-REQUER-DOCUMENTACION-CONCESION-LOCAL-3-MERCADO.pdf\">PLACSP &#8211; REQUER DOCUMENTACION CONCESION LOCAL 3 MERCADO<\/a><\/p>\n<p>03\/07\/2025 <a href=\"https:\/\/contratacion.almunecar.es\/wp-content\/uploads\/2025\/03\/RA-ADJUDICACION-CONCESION-LOCAL-3-MERCADO-MUN.pdf\">RA ADJUDICACION CONCESION LOCAL 3 MERCADO MUN<\/a><\/p>\n<p>03\/07\/2025 <a href=\"https:\/\/contratacion.almunecar.es\/wp-content\/uploads\/2025\/03\/PLACSP-ADJUDICACION-CONCESION-LOCAL-3-MERCADO-MUN.pdf\">PLACSP &#8211; ADJUDICACION CONCESION LOCAL 3 MERCADO MUN<\/a><\/p>\n<p>23\/07\/2025 <a href=\"https:\/\/contratacion.almunecar.es\/wp-content\/uploads\/2025\/03\/PLACSP-FORMALIZACION-CONTRATO-CONCESION-LOCAL-3-MERCADO.pdf\">PLACSP &#8211; FORMALIZACI\u00d3N CONTRATO CONCESI\u00d3N LOCAL 3 MERCADO<\/a><\/p>\n","protected":false},"excerpt":{"rendered":"<p>28\/03\/2025 INFORME NECESIDAD E IDONEIDAD CONCESION DEMANIAL LOCAL 3 MERCADO DE ABASTOS 28\/03\/2025 PLIEGO DE CONDICIONES JURIDICO ECONOMICO ADMINISTRATIVAS Y TECNICAS LOCAL 3 MERCADO 28\/03\/2025 RA APROB E INICIO EXPTE CONCESION LOCAL 3 MERCADO 28\/03\/2025 PLACSP &#8211; ANUNCIO LICITACI\u00d3N CONCESI\u00d3N LOCAL 3 MERCADO MUNICIPAL 28\/03\/2025 PLACSP &#8211; DOCUMENTO PLIEGOS CONCESI\u00d3N LOCAL 3 MERCADO MUNICIPAL Las&hellip; <br \/> <a class=\"button small blue\" href=\"https:\/\/contratacion.almunecar.es\/?p=9081\">Leer m\u00e1s<\/a><\/p>\n","protected":false},"author":5,"featured_media":0,"comment_status":"closed","ping_status":"closed","sticky":false,"template":"","format":"standard","meta":{"_acf_changed":false,"footnotes":""},"categories":[5,3,7,12,4],"tags":[],"class_list":["post-9081","post","type-post","status-publish","format-standard","hentry","category-adjudicacion_final","category-anuncio","category-formalizacion","category-formalizacion-de-contrato","category-licitacion"],"acf":[],"_links":{"self":[{"href":"https:\/\/contratacion.almunecar.es\/index.php?rest_route=\/wp\/v2\/posts\/9081","targetHints":{"allow":["GET"]}}],"collection":[{"href":"https:\/\/contratacion.almunecar.es\/index.php?rest_route=\/wp\/v2\/posts"}],"about":[{"href":"https:\/\/contratacion.almunecar.es\/index.php?rest_route=\/wp\/v2\/types\/post"}],"author":[{"embeddable":true,"href":"https:\/\/contratacion.almunecar.es\/index.php?rest_route=\/wp\/v2\/users\/5"}],"replies":[{"embeddable":true,"href":"https:\/\/contratacion.almunecar.es\/index.php?rest_route=%2Fwp%2Fv2%2Fcomments&post=9081"}],"version-history":[{"count":7,"href":"https:\/\/contratacion.almunecar.es\/index.php?rest_route=\/wp\/v2\/posts\/9081\/revisions"}],"predecessor-version":[{"id":9761,"href":"https:\/\/contratacion.almunecar.es\/index.php?rest_route=\/wp\/v2\/posts\/9081\/revisions\/9761"}],"wp:attachment":[{"href":"https:\/\/contratacion.almunecar.es\/index.php?rest_route=%2Fwp%2Fv2%2Fmedia&parent=9081"}],"wp:term":[{"taxonomy":"category","embeddable":true,"href":"https:\/\/contratacion.almunecar.es\/index.php?rest_route=%2Fwp%2Fv2%2Fcategories&post=9081"},{"taxonomy":"post_tag","embeddable":true,"href":"https:\/\/contratacion.almunecar.es\/index.php?rest_route=%2Fwp%2Fv2%2Ftags&post=9081"}],"curies":[{"name":"wp","href":"https:\/\/api.w.org\/{rel}","templated":true}]}}