{"id":9055,"date":"2025-03-26T11:41:04","date_gmt":"2025-03-26T09:41:04","guid":{"rendered":"https:\/\/contratacion.almunecar.es\/?p=9055"},"modified":"2025-07-17T08:24:17","modified_gmt":"2025-07-17T06:24:17","slug":"expte-30-2025-gest-3786-2025-concesion-demanial-de-veinte-20-plazas-de-garaje-ubicadas-en-la-planta-sotano-2-del-aparcamiento-subterraneo-del-paseo-de-velilla","status":"publish","type":"post","link":"https:\/\/contratacion.almunecar.es\/?p=9055","title":{"rendered":"Expte. 30\/2025 (GEST 3786\/2025). Concesi\u00f3n demanial de veinte (20) plazas de garaje ubicadas en la planta s\u00f3tano -2 del aparcamiento subterr\u00e1neo del Paseo de Velilla."},"content":{"rendered":"<p>26\/03\/2025 <a href=\"https:\/\/contratacion.almunecar.es\/wp-content\/uploads\/2025\/03\/INFORME-NECESIDAD-E-IDONEIDAD-CONCESION-20-PLAZAS-DE-APARCAMIENTO-VELILLA.pdf\">INFORME NECESIDAD E IDONEIDAD CONCESION 20 PLAZAS DE APARCAMIENTO VELILLA<\/a><\/p>\n<p>26\/03\/2025 <a href=\"https:\/\/contratacion.almunecar.es\/wp-content\/uploads\/2025\/03\/PLIEGO-DE-CLAUSULAS-ECONOMICO-ADMINISTRATIVAS-Y-TECNICAS-CONCESION-20-PLAZAS-GARAJE-VELILLA.pdf\">PLIEGO DE CLAUSULAS ECONOMICO-ADMINISTRATIVAS Y TECNICAS CONCESION 20 PLAZAS GARAJE VELILLA<\/a><\/p>\n<p>26\/03\/2025 <a href=\"https:\/\/contratacion.almunecar.es\/wp-content\/uploads\/2025\/03\/RA-APROB-E-INICIO-EXPTE-CONCESION-20-PLAZAS-GARAJE-VELILLA.pdf\">RA APROB E INICIO EXPTE CONCESION 20 PLAZAS GARAJE VELILLA<\/a><\/p>\n<p>26\/03\/2025 <a href=\"https:\/\/contratacion.almunecar.es\/wp-content\/uploads\/2025\/03\/PLACSP-LICITACION-CONCESION-20-PLAZAS-GARAJE-VELILLA.pdf\">PLACSP &#8211; LICITACI\u00d3N CONCESI\u00d3N 20 PLAZAS GARAJE VELILLA<\/a><\/p>\n<p>26\/03\/2025 <a href=\"https:\/\/contratacion.almunecar.es\/wp-content\/uploads\/2025\/03\/PLACSP-DOCUMENTO-PLIEGOS-CONCESION-20-PLAZAS-GARAJE-VELILLA.pdf\">PLACSP &#8211; DOCUMENTO PLIEGOS CONCESI\u00d3N 20 PLAZAS GARAJE VELILLA<\/a><\/p>\n<p>Las ofertas podr\u00e1n presentarse hasta el d\u00eda 28 de abril de 2025 a las 11:00 horas. Para m\u00e1s informaci\u00f3n y presentaci\u00f3n de ofertas: <a href=\"https:\/\/contrataciondelestado.es\/wps\/poc?uri=deeplink%3Adetalle_licitacion&amp;idEvl=Q66v8c4b3JN70UvEyYJSGw%3D%3D\">Click aqu\u00ed<\/a><\/p>\n<p>30\/04\/2025 <a href=\"https:\/\/contratacion.almunecar.es\/wp-content\/uploads\/2025\/04\/CITACION-MESA-DE-CONTRATACION-2025-05-06.pdf\">CITACION MESA DE CONTRATACION 2025-05-06<\/a><\/p>\n<p>08\/05\/2025 <a href=\"https:\/\/contratacion.almunecar.es\/wp-content\/uploads\/2025\/04\/ACTA-MESA-DE-CONTRATACION-2025-05-06.pdf\">ACTA MESA DE CONTRATACION 2025-05-06<\/a><\/p>\n<p>23\/05\/2025 <a href=\"https:\/\/contratacion.almunecar.es\/wp-content\/uploads\/2025\/03\/RA-REQUER-DOC-CONCESION-20-PLAZAS-GARAJE-VELILLA.pdf\">RA REQUER DOC CONCESION 20 PLAZAS GARAJE VELILLA<\/a><\/p>\n<p>23\/05\/2025 <a href=\"https:\/\/contratacion.almunecar.es\/wp-content\/uploads\/2025\/03\/PLACSP-REQUER-DOC-CONCESION-GARAJES-VELILLA.pdf\">PLACSP &#8211; REQUER DOC CONCESION GARAJES VELILLA<\/a><\/p>\n<p>13\/06\/2025 <a href=\"https:\/\/contratacion.almunecar.es\/wp-content\/uploads\/2025\/03\/RA-ADJUDICACION-CONCESION-PLAZAS-GARAJE-VELILLA.pdf\">RA ADJUDICACION CONCESION PLAZAS GARAJE VELILLA<\/a><\/p>\n<p>13\/06\/2025 <a href=\"https:\/\/contratacion.almunecar.es\/wp-content\/uploads\/2025\/03\/PLACSP-ADJUDICACION-GARAJES-VELILLA.pdf\">PLACSP &#8211; ADJUDICACION GARAJES VELILLA<\/a><\/p>\n<p>17\/07\/2025 <a href=\"https:\/\/contratacion.almunecar.es\/wp-content\/uploads\/2025\/03\/PLACSP-FORMALIZACION-CONTRATO-CONCESION-GARAJES-VELILLA.pdf\">PLACSP &#8211; FORMALIZACI\u00d3N CONTRATO CONCESI\u00d3N GARAJES VELILLA<\/a><\/p>\n","protected":false},"excerpt":{"rendered":"<p>26\/03\/2025 INFORME NECESIDAD E IDONEIDAD CONCESION 20 PLAZAS DE APARCAMIENTO VELILLA 26\/03\/2025 PLIEGO DE CLAUSULAS ECONOMICO-ADMINISTRATIVAS Y TECNICAS CONCESION 20 PLAZAS GARAJE VELILLA 26\/03\/2025 RA APROB E INICIO EXPTE CONCESION 20 PLAZAS GARAJE VELILLA 26\/03\/2025 PLACSP &#8211; LICITACI\u00d3N CONCESI\u00d3N 20 PLAZAS GARAJE VELILLA 26\/03\/2025 PLACSP &#8211; DOCUMENTO PLIEGOS CONCESI\u00d3N 20 PLAZAS GARAJE VELILLA Las ofertas&hellip; <br \/> <a class=\"button small blue\" href=\"https:\/\/contratacion.almunecar.es\/?p=9055\">Leer m\u00e1s<\/a><\/p>\n","protected":false},"author":5,"featured_media":0,"comment_status":"closed","ping_status":"closed","sticky":false,"template":"","format":"standard","meta":{"_acf_changed":false,"footnotes":""},"categories":[5,3,7,12,4],"tags":[],"class_list":["post-9055","post","type-post","status-publish","format-standard","hentry","category-adjudicacion_final","category-anuncio","category-formalizacion","category-formalizacion-de-contrato","category-licitacion"],"acf":[],"_links":{"self":[{"href":"https:\/\/contratacion.almunecar.es\/index.php?rest_route=\/wp\/v2\/posts\/9055","targetHints":{"allow":["GET"]}}],"collection":[{"href":"https:\/\/contratacion.almunecar.es\/index.php?rest_route=\/wp\/v2\/posts"}],"about":[{"href":"https:\/\/contratacion.almunecar.es\/index.php?rest_route=\/wp\/v2\/types\/post"}],"author":[{"embeddable":true,"href":"https:\/\/contratacion.almunecar.es\/index.php?rest_route=\/wp\/v2\/users\/5"}],"replies":[{"embeddable":true,"href":"https:\/\/contratacion.almunecar.es\/index.php?rest_route=%2Fwp%2Fv2%2Fcomments&post=9055"}],"version-history":[{"count":7,"href":"https:\/\/contratacion.almunecar.es\/index.php?rest_route=\/wp\/v2\/posts\/9055\/revisions"}],"predecessor-version":[{"id":9711,"href":"https:\/\/contratacion.almunecar.es\/index.php?rest_route=\/wp\/v2\/posts\/9055\/revisions\/9711"}],"wp:attachment":[{"href":"https:\/\/contratacion.almunecar.es\/index.php?rest_route=%2Fwp%2Fv2%2Fmedia&parent=9055"}],"wp:term":[{"taxonomy":"category","embeddable":true,"href":"https:\/\/contratacion.almunecar.es\/index.php?rest_route=%2Fwp%2Fv2%2Fcategories&post=9055"},{"taxonomy":"post_tag","embeddable":true,"href":"https:\/\/contratacion.almunecar.es\/index.php?rest_route=%2Fwp%2Fv2%2Ftags&post=9055"}],"curies":[{"name":"wp","href":"https:\/\/api.w.org\/{rel}","templated":true}]}}