{"id":9027,"date":"2025-03-18T13:59:12","date_gmt":"2025-03-18T11:59:12","guid":{"rendered":"https:\/\/contratacion.almunecar.es\/?p=9027"},"modified":"2025-04-22T09:14:17","modified_gmt":"2025-04-22T07:14:17","slug":"expte-18-2025-gest-2611-2025-proyecto-y-obras-de-eliminacion-de-las-humedades-por-capilaridad-existentes-en-el-palacete-de-la-najarra-de-almunecar-y-de-restauracion-de-revestimientos-afectados-m","status":"publish","type":"post","link":"https:\/\/contratacion.almunecar.es\/?p=9027","title":{"rendered":"EXPTE. 18\/2025 (GEST 2611\/2025): PROYECTO Y OBRAS DE ELIMINACI\u00d3N DE LAS HUMEDADES POR CAPILARIDAD EXISTENTES EN EL PALACETE DE LA NAJARRA DE ALMU\u00d1\u00c9CAR, Y DE RESTAURACI\u00d3N DE REVESTIMIENTOS AFECTADOS, MEDIANTE 2 LOTES. PROYECTO 100% SUBVENCIONADO POR LA JUNTA DE ANDALUC\u00cdA."},"content":{"rendered":"<p>18\/03\/2025 <a href=\"https:\/\/contratacion.almunecar.es\/wp-content\/uploads\/2025\/03\/INFORME-DE-NECESIDAD-OBRAS-PALACETE-LA-NAJARRA.pdf\">INFORME DE NECESIDAD OBRAS PALACETE LA NAJARRA<\/a><\/p>\n<p>18\/03\/2025 <a href=\"https:\/\/contratacion.almunecar.es\/wp-content\/uploads\/2025\/03\/INFORME-DIVISION-EN-LOTES-OBRAS-PALACETE-LA-NAJARRA.pdf\">INFORME DIVISION EN LOTES OBRAS PALACETE LA NAJARRA<\/a><\/p>\n<p>18\/03\/2025 <a href=\"https:\/\/contratacion.almunecar.es\/wp-content\/uploads\/2025\/03\/CRITERIOS-DE-VALORACION-OBRAS-PALACETE-LA-NAJARRA.pdf\">CRITERIOS DE VALORACION OBRAS PALACETE LA NAJARRA<\/a><\/p>\n<p>18\/03\/2025 <a href=\"https:\/\/contratacion.almunecar.es\/wp-content\/uploads\/2025\/03\/MEMORIA-JUSTIFICATIVA-OBRAS-PALACETE-LA-NAJARRA.pdf\">MEMORIA JUSTIFICATIVA OBRAS PALACETE LA NAJARRA<\/a><\/p>\n<p>18\/03\/2025 <a href=\"https:\/\/contratacion.almunecar.es\/wp-content\/uploads\/2025\/03\/PPTP-OBRAS-PALACETE-LA-NAJARRA.pdf\">PPTP OBRAS PALACETE LA NAJARRA<\/a><\/p>\n<p>18\/03\/2025 <a href=\"https:\/\/contratacion.almunecar.es\/wp-content\/uploads\/2025\/03\/PCAP-OBRAS-PALACETE-LA-NAJARRA.pdf\">PCAP OBRAS PALACETE LA NAJARRA<\/a><\/p>\n<p>18\/03\/2025 <a href=\"https:\/\/contratacion.almunecar.es\/wp-content\/uploads\/2025\/03\/RA-APROB-E-INICIO-DE-EXPTE-OBRAS-PALACETE-LA-NAJARRA-LOTES.pdf\">RA APROB E INICIO DE EXPTE OBRAS PALACETE LA NAJARRA LOTES<\/a><\/p>\n<p>18\/03\/2025 <a href=\"https:\/\/contratacion.almunecar.es\/wp-content\/uploads\/2025\/03\/PLACSP-ANUNCIO-LICITACION-EXPTE-OBRAS-PALACETE-LA-NAJARRA-LOTES.pdf\">PLACSP &#8211; ANUNCIO LICITACI\u00d3N EXPTE OBRAS PALACETE LA NAJARRA LOTES<\/a><\/p>\n<p>18\/03\/2025 <a href=\"https:\/\/contratacion.almunecar.es\/wp-content\/uploads\/2025\/03\/PLACSP-DOCUMENTO-DE-PLIEGOS-EXPTE-OBRAS-PALACETE-LA-NAJARRA-LOTES.pdf\">PLACSP &#8211; DOCUMENTO DE PLIEGOS EXPTE OBRAS PALACETE LA NAJARRA LOTES<\/a><\/p>\n<p>*Las ofertas habr\u00e1n de presentarse a trav\u00e9s de la Herramienta de preparaci\u00f3n y presentaci\u00f3n de Ofertas de la Plataforma de Contrataci\u00f3n del Sector P\u00fablico, y hasta el 14\/04\/2025, 11:00. Para m\u00e1s informaci\u00f3n y presentaci\u00f3n de ofertas: <a href=\"https:\/\/contrataciondelestado.es\/wps\/poc?uri=deeplink%3Adetalle_licitacion&amp;idEvl=eBMwN1H%2F9FGdkQsA7ROvsg%3D%3D\">Cl\u00edck aqu\u00ed<\/a><\/p>\n<p>09\/04\/2025 <a href=\"https:\/\/contratacion.almunecar.es\/wp-content\/uploads\/2025\/03\/CITACION-MESA-DE-CONTRATACION-2025-04-15.pdf\">CITACION MESA DE CONTRATACION 2025-04-15<\/a><\/p>\n<p>22\/04\/2025 <a href=\"https:\/\/contratacion.almunecar.es\/wp-content\/uploads\/2025\/03\/ACTA-MESA-DE-CONTRATACION-2025-04-15.pdf\">ACTA MESA DE CONTRATACION 2025-04-15<\/a><\/p>\n<p>&nbsp;<\/p>\n<p>&nbsp;<\/p>\n","protected":false},"excerpt":{"rendered":"<p>18\/03\/2025 INFORME DE NECESIDAD OBRAS PALACETE LA NAJARRA 18\/03\/2025 INFORME DIVISION EN LOTES OBRAS PALACETE LA NAJARRA 18\/03\/2025 CRITERIOS DE VALORACION OBRAS PALACETE LA NAJARRA 18\/03\/2025 MEMORIA JUSTIFICATIVA OBRAS PALACETE LA NAJARRA 18\/03\/2025 PPTP OBRAS PALACETE LA NAJARRA 18\/03\/2025 PCAP OBRAS PALACETE LA NAJARRA 18\/03\/2025 RA APROB E INICIO DE EXPTE OBRAS PALACETE LA NAJARRA&hellip; <br \/> <a class=\"button small blue\" href=\"https:\/\/contratacion.almunecar.es\/?p=9027\">Leer m\u00e1s<\/a><\/p>\n","protected":false},"author":5,"featured_media":0,"comment_status":"closed","ping_status":"closed","sticky":false,"template":"","format":"standard","meta":{"_acf_changed":false,"footnotes":""},"categories":[3,4],"tags":[],"class_list":["post-9027","post","type-post","status-publish","format-standard","hentry","category-anuncio","category-licitacion"],"acf":[],"_links":{"self":[{"href":"https:\/\/contratacion.almunecar.es\/index.php?rest_route=\/wp\/v2\/posts\/9027","targetHints":{"allow":["GET"]}}],"collection":[{"href":"https:\/\/contratacion.almunecar.es\/index.php?rest_route=\/wp\/v2\/posts"}],"about":[{"href":"https:\/\/contratacion.almunecar.es\/index.php?rest_route=\/wp\/v2\/types\/post"}],"author":[{"embeddable":true,"href":"https:\/\/contratacion.almunecar.es\/index.php?rest_route=\/wp\/v2\/users\/5"}],"replies":[{"embeddable":true,"href":"https:\/\/contratacion.almunecar.es\/index.php?rest_route=%2Fwp%2Fv2%2Fcomments&post=9027"}],"version-history":[{"count":4,"href":"https:\/\/contratacion.almunecar.es\/index.php?rest_route=\/wp\/v2\/posts\/9027\/revisions"}],"predecessor-version":[{"id":9216,"href":"https:\/\/contratacion.almunecar.es\/index.php?rest_route=\/wp\/v2\/posts\/9027\/revisions\/9216"}],"wp:attachment":[{"href":"https:\/\/contratacion.almunecar.es\/index.php?rest_route=%2Fwp%2Fv2%2Fmedia&parent=9027"}],"wp:term":[{"taxonomy":"category","embeddable":true,"href":"https:\/\/contratacion.almunecar.es\/index.php?rest_route=%2Fwp%2Fv2%2Fcategories&post=9027"},{"taxonomy":"post_tag","embeddable":true,"href":"https:\/\/contratacion.almunecar.es\/index.php?rest_route=%2Fwp%2Fv2%2Ftags&post=9027"}],"curies":[{"name":"wp","href":"https:\/\/api.w.org\/{rel}","templated":true}]}}