{"id":893,"date":"2018-07-13T09:15:15","date_gmt":"2018-07-13T07:15:15","guid":{"rendered":"http:\/\/contratacion.almunecar.es\/?p=893"},"modified":"2019-07-11T13:59:33","modified_gmt":"2019-07-11T11:59:33","slug":"expte-83-2018gestiona-4631-2018-concesion-del-servicio-de-ordenacion-y-regulacion-de-aparcamiento-de-vehiculos-en-superficie-de-rotacion-ora","status":"publish","type":"post","link":"https:\/\/contratacion.almunecar.es\/?p=893","title":{"rendered":"EXPTE. 83\/2018(GESTIONA 4631\/2018) CONCESI\u00d3N DEL SERVICIO DE ORDENACI\u00d3N Y REGULACI\u00d3N DE APARCAMIENTO DE VEH\u00cdCULOS EN SUPERFICIE DE ROTACI\u00d3N ORA"},"content":{"rendered":"<p><a href=\"http:\/\/contratacion.almunecar.es\/wp-content\/uploads\/2018\/07\/Suspensi\u00f3n-expte.-83-2018.pdf\">Suspensi\u00f3n expte. 83-2018<\/a><\/p>\n<p><a href=\"http:\/\/contratacion.almunecar.es\/wp-content\/uploads\/2018\/07\/Contestaci\u00f3n-Estacionamientos-Iberpark-S.A.-1.pdf\">Contestaci\u00f3n Estacionamientos Iberpark S.A.-1<\/a><\/p>\n<p><a href=\"http:\/\/contratacion.almunecar.es\/wp-content\/uploads\/2018\/07\/SOLICITUD-ACLARACI\u00d3N-PLIEGOS-ORA-ESTACIONAMIENTOS-IBERPARK-S.A..pdf\">SOLICITUD ACLARACI\u00d3N PLIEGOS ORA ESTACIONAMIENTOS IBERPARK S.A.<\/a><\/p>\n<p><a href=\"http:\/\/contratacion.almunecar.es\/wp-content\/uploads\/2018\/07\/Expte.-83-2018-Certicaci\u00f3n-Acuerdo-Pleno-Concesi\u00f3n-de-Servicio-O.R.A.pdf\">Expte. 83-2018 Certicaci\u00f3n Acuerdo Pleno Concesi\u00f3n de Servicio O.R.A<\/a><\/p>\n<p><a href=\"http:\/\/contratacion.almunecar.es\/wp-content\/uploads\/2018\/07\/Listado-Personal-a-Subrrogar.pdf\">Listado Personal a Subrogar<\/a><\/p>\n<p><a href=\"http:\/\/contratacion.almunecar.es\/wp-content\/uploads\/2018\/07\/DOC_CD2018-235728.pdf\">DOC_CD2018-235728<\/a><\/p>\n<p><a href=\"http:\/\/contratacion.almunecar.es\/wp-content\/uploads\/2018\/07\/DOC_CN2018-235613.pdf\">DOC_CN2018-235613<\/a><\/p>\n<p><a href=\"http:\/\/contratacion.almunecar.es\/wp-content\/uploads\/2018\/07\/Expte.-83-2018-Anuncio-BOP-Servicio-de-Ordenaci\u00f3n-regulaci\u00f3n-aparcamiento-ORA.pdf\">Expte. 83-2018 Anuncio BOP Servicio de Ordenaci\u00f3n regulaci\u00f3n aparcamiento ORA<\/a><\/p>\n<p><a href=\"http:\/\/contratacion.almunecar.es\/wp-content\/uploads\/2018\/07\/PLIEGO-ADMINISTRATIVO-CONCESI\u00d3N-O.R.A.pdf\">PLIEGO ADMINISTRATIVO CONCESI\u00d3N O.R.A<\/a><\/p>\n<p><a href=\"http:\/\/contratacion.almunecar.es\/wp-content\/uploads\/2018\/07\/PPTP-APARCAMIENTO-REGULADO-POR-ROTACI\u00d3N-ORA-2.018.pdf\">PPTP APARCAMIENTO REGULADO POR ROTACI\u00d3N ORA 2.018<\/a><\/p>\n<p>22\/04\/2019<a href=\"http:\/\/contratacion.almunecar.es\/wp-content\/uploads\/2018\/07\/Certificacion-de-Gobierno-AP.pdf\">Certificacion de Gobierno AP anulaci\u00f3n de los pliegos<\/a><\/p>\n<p>11\/07\/2019: Enlace a Consulta Preliminar del mercado <a href=\"https:\/\/contrataciondelestado.es\/wps\/portal\/!ut\/p\/b1\/04_Sj7QwMDMzMzcwsdSP0I_KSyzLTE8syczPS8wB8aPM4p2CLSwcnQwdDSzMnVwMHM1cjc1MAw2NDJyNgQoigQoMcABHA0L6I4EKzBEK3D19jAwcfX3dDcOCDA0MfMz1Q_QjnfXD9aPABuGxx88jPzdVPzcqx8LQMiAdAPH92sQ!\/dl4\/d5\/L2dBISEvZ0FBIS9nQSEh\/pw\/Z7_BS88AB1A0GIL20AMMG1VR100L7\/ren\/p=WCM_PI=1\/p=ns_Z7_BS88AB1A0GIL20AMMG1VR100L7_WCM_PreviousPageSize.4b6d85ef-5694-43da-960d-d1935c35d38c=8\/p=ns_Z7_BS88AB1A0GIL20AMMG1VR100L7_WCM_Page.4b6d85ef-5694-43da-960d-d1935c35d38c=1\/p=CTX=QCPPLACE_esQCPNoticiasQCASiteQCPNoticiasQCPConsultaQCApreliminarQCAdelQCAmercadoQCAAyuntamientoQCAdeQCAAlmunecarQCA-QCAORA\/-\/?param1=MenuHistorico\" target=\"_blank\" rel=\"noopener noreferrer\">pinche aqu\u00ed<\/a><\/p>\n","protected":false},"excerpt":{"rendered":"<p>Suspensi\u00f3n expte. 83-2018 Contestaci\u00f3n Estacionamientos Iberpark S.A.-1 SOLICITUD ACLARACI\u00d3N PLIEGOS ORA ESTACIONAMIENTOS IBERPARK S.A. Expte. 83-2018 Certicaci\u00f3n Acuerdo Pleno Concesi\u00f3n de Servicio O.R.A Listado Personal a Subrogar DOC_CD2018-235728 DOC_CN2018-235613 Expte. 83-2018 Anuncio BOP Servicio de Ordenaci\u00f3n regulaci\u00f3n aparcamiento ORA PLIEGO ADMINISTRATIVO CONCESI\u00d3N O.R.A PPTP APARCAMIENTO REGULADO POR ROTACI\u00d3N ORA 2.018 22\/04\/2019Certificacion de Gobierno AP anulaci\u00f3n&hellip; <br \/> <a class=\"button small blue\" href=\"https:\/\/contratacion.almunecar.es\/?p=893\">Leer m\u00e1s<\/a><\/p>\n","protected":false},"author":2,"featured_media":0,"comment_status":"closed","ping_status":"closed","sticky":false,"template":"","format":"standard","meta":{"_acf_changed":false,"footnotes":""},"categories":[6,3,4],"tags":[],"class_list":["post-893","post","type-post","status-publish","format-standard","hentry","category-anulacion","category-anuncio","category-licitacion"],"acf":[],"_links":{"self":[{"href":"https:\/\/contratacion.almunecar.es\/index.php?rest_route=\/wp\/v2\/posts\/893","targetHints":{"allow":["GET"]}}],"collection":[{"href":"https:\/\/contratacion.almunecar.es\/index.php?rest_route=\/wp\/v2\/posts"}],"about":[{"href":"https:\/\/contratacion.almunecar.es\/index.php?rest_route=\/wp\/v2\/types\/post"}],"author":[{"embeddable":true,"href":"https:\/\/contratacion.almunecar.es\/index.php?rest_route=\/wp\/v2\/users\/2"}],"replies":[{"embeddable":true,"href":"https:\/\/contratacion.almunecar.es\/index.php?rest_route=%2Fwp%2Fv2%2Fcomments&post=893"}],"version-history":[{"count":14,"href":"https:\/\/contratacion.almunecar.es\/index.php?rest_route=\/wp\/v2\/posts\/893\/revisions"}],"predecessor-version":[{"id":2333,"href":"https:\/\/contratacion.almunecar.es\/index.php?rest_route=\/wp\/v2\/posts\/893\/revisions\/2333"}],"wp:attachment":[{"href":"https:\/\/contratacion.almunecar.es\/index.php?rest_route=%2Fwp%2Fv2%2Fmedia&parent=893"}],"wp:term":[{"taxonomy":"category","embeddable":true,"href":"https:\/\/contratacion.almunecar.es\/index.php?rest_route=%2Fwp%2Fv2%2Fcategories&post=893"},{"taxonomy":"post_tag","embeddable":true,"href":"https:\/\/contratacion.almunecar.es\/index.php?rest_route=%2Fwp%2Fv2%2Ftags&post=893"}],"curies":[{"name":"wp","href":"https:\/\/api.w.org\/{rel}","templated":true}]}}