{"id":8923,"date":"2025-02-18T12:09:41","date_gmt":"2025-02-18T10:09:41","guid":{"rendered":"https:\/\/contratacion.almunecar.es\/?p=8923"},"modified":"2025-04-22T08:37:55","modified_gmt":"2025-04-22T06:37:55","slug":"expte-132c-2024-gest-10797-2024-suministro-e-instalacion-del-mobiliario-y-elementos-de-rehabilitacion-terapia-ocupacional-comedor-sala-de-estar-direccion-administracion-recepcion-y-vestuarios","status":"publish","type":"post","link":"https:\/\/contratacion.almunecar.es\/?p=8923","title":{"rendered":"EXPTE. 132C\/2024 (GEST 10797\/2024): SUMINISTRO E INSTALACI\u00d3N DEL MOBILIARIO Y ELEMENTOS DE REHABILITACI\u00d3N, TERAPIA OCUPACIONAL, COMEDOR, SALA DE ESTAR, DIRECCI\u00d3N-ADMINISTRACI\u00d3N, RECEPCI\u00d3N Y VESTUARIOS. AS\u00cd COMO ACCESORIOS DE AYUDA A PERSONAS DEPENDIENTES DE MOVILIDAD REDUCIDA DEL CENTRO DE D\u00cdA DE ALMU\u00d1\u00c9CAR (GRANADA)."},"content":{"rendered":"<p>18\/02\/2025 <a href=\"https:\/\/contratacion.almunecar.es\/wp-content\/uploads\/2025\/02\/INFORME-DE-NECESIDAD-MOBILIARIO-CENTRO-DE-DIA.pdf\">INFORME DE NECESIDAD MOBILIARIO CENTRO DE DIA<\/a><\/p>\n<p>18\/02\/2025 <a href=\"https:\/\/contratacion.almunecar.es\/wp-content\/uploads\/2025\/02\/INFORME-NO-LOTES-MOBILIARIO-CENTRO-DE-DIA.pdf\">INFORME NO LOTES MOBILIARIO CENTRO DE DIA<\/a><\/p>\n<p>18\/02\/2025 <a href=\"https:\/\/contratacion.almunecar.es\/wp-content\/uploads\/2025\/02\/MEMORIA-JUSTIFICATIVA-1.pdf\">MEMORIA JUSTIFICATIVA<\/a><\/p>\n<p>18\/02\/2025 <a href=\"https:\/\/contratacion.almunecar.es\/wp-content\/uploads\/2025\/02\/PPTP-SUMINISTRO-MOBILIARIO-CENTRO-DE-DIA.pdf\">PPTP SUMINISTRO MOBILIARIO CENTRO DE DIA<\/a><\/p>\n<p>18\/02\/2025 <a href=\"https:\/\/contratacion.almunecar.es\/wp-content\/uploads\/2025\/02\/PCAP-SUM-MOBILIARIO-CENTRO-DE-DIA.pdf\">PCAP SUM MOBILIARIO CENTRO DE DIA<\/a><\/p>\n<p>18\/02\/2025<a href=\"https:\/\/contratacion.almunecar.es\/wp-content\/uploads\/2025\/02\/RA-APROB-E-INICIO-EXPTE-SUM-MOBILIARIO-CENTRO-DIA.pdf\">RA APROB E INICIO EXPTE SUM MOBILIARIO CENTRO DIA<\/a><\/p>\n<p>18\/02\/2025 <a href=\"https:\/\/contratacion.almunecar.es\/wp-content\/uploads\/2025\/02\/PLACSP-ANUNCIO-DE-LICITACION-EXPTE-SUM-MOBILIARIO-CENTRO-DIA.pdf\">PLACSP &#8211; ANUNCIO DE LICITACION EXPTE SUM MOBILIARIO CENTRO DIA<\/a><\/p>\n<p>18\/02\/2025 <a href=\"https:\/\/contratacion.almunecar.es\/wp-content\/uploads\/2025\/02\/PLACSP-DOCUMENTO-DE-PLIEGOS-EXPTE-SUM-MOBILIARIO-CENTRO-DIA.pdf\">PLACSP &#8211; DOCUMENTO DE PLIEGOS EXPTE SUM MOBILIARIO CENTRO DIA<\/a><\/p>\n<p>Las ofertas habr\u00e1n de presentarse a trav\u00e9s de la Herramienta de preparaci\u00f3n y presentaci\u00f3n de Ofertas de la Plataforma de Contrataci\u00f3n del Sector P\u00fablico, y podr\u00e1n presentarse hasta el 06\/03\/2025, 11:00 horas. Para m\u00e1s informaci\u00f3n y presentaci\u00f3n de Ofertas: <a href=\"https:\/\/contrataciondelestado.es\/wps\/poc?uri=deeplink%3Adetalle_licitacion&amp;idEvl=XhJEJqDf6naKeVWTb9Scog%3D%3D\">Cl\u00edck aqu\u00ed<\/a><\/p>\n<p>06\/03\/2025 <a href=\"https:\/\/contratacion.almunecar.es\/wp-content\/uploads\/2025\/02\/CITACION-MESA-DE-CONTRATACION-2025-03-12.pdf\">CITACION MESA DE CONTRATACION 2025-03-12<\/a><\/p>\n<p>17\/03\/2025 <a href=\"https:\/\/contratacion.almunecar.es\/wp-content\/uploads\/2025\/02\/ACTA-MESA-DE-CONTRATACION-2025-03-12.pdf\">ACTA MESA DE CONTRATACION 2025-03-12<\/a><\/p>\n<p>20\/03\/2025 <a href=\"https:\/\/contratacion.almunecar.es\/wp-content\/uploads\/2025\/02\/RA-REQ-DOC-SUMIN-MOBILIARIO-CENTRO-DE-DIA-ANTIGUO-LOTE-3.pdf\">RA REQ DOC SUMIN MOBILIARIO CENTRO DE DIA &#8211; ANTIGUO LOTE 3<\/a><\/p>\n<p>20\/03\/2025 <a href=\"https:\/\/contratacion.almunecar.es\/wp-content\/uploads\/2025\/02\/PLACSP-REQ-DOC-SUMINISTRO-MOBILIARIO-CENTRO-DE-DIA.pdf\">PLACSP -REQ DOC SUMINISTRO MOBILIARIO CENTRO DE DIA<\/a><\/p>\n<p>21\/04\/2025 <a href=\"https:\/\/contratacion.almunecar.es\/wp-content\/uploads\/2025\/02\/RA-ADJUDICACION-SUMIN-MOBILIARIO-CENTRO-DE-DIA-LOTE-3.pdf\">RA ADJUDICACION SUMIN MOBILIARIO CENTRO DE DIA LOTE 3<\/a><\/p>\n<p>21\/04\/2025 <a href=\"https:\/\/contratacion.almunecar.es\/wp-content\/uploads\/2025\/02\/PLACSP-ADJUDICACION-SUMIN-MOBILIARIO-CENTRO-DE-DIA-LOTE-3.pdf\">PLACSP &#8211; ADJUDICACION SUMIN MOBILIARIO CENTRO DE DIA LOTE 3<\/a><\/p>\n<p>22\/04\/2025 <a href=\"https:\/\/contratacion.almunecar.es\/wp-content\/uploads\/2025\/02\/PLACSP-FORMALIZACION-CONTRATO-SUM-MOBILIARIO-CENTRO-DIA.pdf\">PLACSP &#8211; FORMALIZACION CONTRATO SUM MOBILIARIO CENTRO DIA<\/a><\/p>\n<p>&nbsp;<\/p>\n","protected":false},"excerpt":{"rendered":"<p>18\/02\/2025 INFORME DE NECESIDAD MOBILIARIO CENTRO DE DIA 18\/02\/2025 INFORME NO LOTES MOBILIARIO CENTRO DE DIA 18\/02\/2025 MEMORIA JUSTIFICATIVA 18\/02\/2025 PPTP SUMINISTRO MOBILIARIO CENTRO DE DIA 18\/02\/2025 PCAP SUM MOBILIARIO CENTRO DE DIA 18\/02\/2025RA APROB E INICIO EXPTE SUM MOBILIARIO CENTRO DIA 18\/02\/2025 PLACSP &#8211; ANUNCIO DE LICITACION EXPTE SUM MOBILIARIO CENTRO DIA 18\/02\/2025 PLACSP&hellip; <br \/> <a class=\"button small blue\" href=\"https:\/\/contratacion.almunecar.es\/?p=8923\">Leer m\u00e1s<\/a><\/p>\n","protected":false},"author":5,"featured_media":0,"comment_status":"closed","ping_status":"closed","sticky":false,"template":"","format":"standard","meta":{"_acf_changed":false,"footnotes":""},"categories":[5,3,7,12,4],"tags":[],"class_list":["post-8923","post","type-post","status-publish","format-standard","hentry","category-adjudicacion_final","category-anuncio","category-formalizacion","category-formalizacion-de-contrato","category-licitacion"],"acf":[],"_links":{"self":[{"href":"https:\/\/contratacion.almunecar.es\/index.php?rest_route=\/wp\/v2\/posts\/8923","targetHints":{"allow":["GET"]}}],"collection":[{"href":"https:\/\/contratacion.almunecar.es\/index.php?rest_route=\/wp\/v2\/posts"}],"about":[{"href":"https:\/\/contratacion.almunecar.es\/index.php?rest_route=\/wp\/v2\/types\/post"}],"author":[{"embeddable":true,"href":"https:\/\/contratacion.almunecar.es\/index.php?rest_route=\/wp\/v2\/users\/5"}],"replies":[{"embeddable":true,"href":"https:\/\/contratacion.almunecar.es\/index.php?rest_route=%2Fwp%2Fv2%2Fcomments&post=8923"}],"version-history":[{"count":8,"href":"https:\/\/contratacion.almunecar.es\/index.php?rest_route=\/wp\/v2\/posts\/8923\/revisions"}],"predecessor-version":[{"id":9212,"href":"https:\/\/contratacion.almunecar.es\/index.php?rest_route=\/wp\/v2\/posts\/8923\/revisions\/9212"}],"wp:attachment":[{"href":"https:\/\/contratacion.almunecar.es\/index.php?rest_route=%2Fwp%2Fv2%2Fmedia&parent=8923"}],"wp:term":[{"taxonomy":"category","embeddable":true,"href":"https:\/\/contratacion.almunecar.es\/index.php?rest_route=%2Fwp%2Fv2%2Fcategories&post=8923"},{"taxonomy":"post_tag","embeddable":true,"href":"https:\/\/contratacion.almunecar.es\/index.php?rest_route=%2Fwp%2Fv2%2Ftags&post=8923"}],"curies":[{"name":"wp","href":"https:\/\/api.w.org\/{rel}","templated":true}]}}