{"id":8880,"date":"2025-02-06T13:25:38","date_gmt":"2025-02-06T11:25:38","guid":{"rendered":"https:\/\/contratacion.almunecar.es\/?p=8880"},"modified":"2025-05-20T10:33:08","modified_gmt":"2025-05-20T08:33:08","slug":"expte-7-2025-gest-1045-2025-suministro-del-mobiliario-y-equipamiento-de-los-puestos-del-nuevo-mercado-municipal-de-almunecar-y-servicio-de-instalacion-de-los-mismos","status":"publish","type":"post","link":"https:\/\/contratacion.almunecar.es\/?p=8880","title":{"rendered":"EXPTE. 7\/2025 (GEST 1045\/2025): SUMINISTRO DEL MOBILIARIO Y EQUIPAMIENTO DE LOS PUESTOS DEL NUEVO MERCADO MUNICIPAL DE ALMU\u00d1\u00c9CAR Y SERVICIO DE INSTALACI\u00d3N DE LOS MISMOS."},"content":{"rendered":"<p>06\/02\/2025 <a href=\"https:\/\/contratacion.almunecar.es\/wp-content\/uploads\/2025\/02\/INFORME-DE-NECESIDAD-SUMINISTRO-E-INSTALACION-MOBILIARIO.pdf\">INFORME DE NECESIDAD SUMINISTRO E INSTALACION MOBILIARIO<\/a><\/p>\n<p>06\/02\/2025 <a href=\"https:\/\/contratacion.almunecar.es\/wp-content\/uploads\/2025\/02\/INFORME-NO-LOTES-SUMINISTRO-E-INSTALACION-MOBILIARIO.pdf\">INFORME NO LOTES SUMINISTRO E INSTALACION MOBILIARIO<\/a><\/p>\n<p>06\/02\/2025 <a href=\"https:\/\/contratacion.almunecar.es\/wp-content\/uploads\/2025\/02\/MEMORIA-JUSTIFICATIVA.pdf\">MEMORIA JUSTIFICATIVA<\/a><\/p>\n<p>06\/02\/2025 <a href=\"https:\/\/contratacion.almunecar.es\/wp-content\/uploads\/2025\/02\/PCAP-SUMINISTRO-E-INSTALACION-MOBILIARIO.pdf\">PCAP SUMINISTRO E INSTALACION MOBILIARIO<\/a><\/p>\n<p>06\/02\/2025 <a href=\"https:\/\/contratacion.almunecar.es\/wp-content\/uploads\/2025\/02\/PPTP-SUMINISTRO-E-INSTALACION-MOBILIARIO.pdf\">PPTP SUMINISTRO E INSTALACION MOBILIARIO<\/a><\/p>\n<p>06\/02\/2025 <a href=\"https:\/\/contratacion.almunecar.es\/wp-content\/uploads\/2025\/02\/Proyecto-Mobiliario-y-Equipamiento-Mercado-Memoria-y-Mediciones.pdf\">Proyecto Mobiliario y Equipamiento Mercado Memoria y Mediciones<\/a><\/p>\n<p>06\/02\/2025 <a href=\"https:\/\/contratacion.almunecar.es\/wp-content\/uploads\/2025\/02\/Proyecto-Mobiliario-y-Equipamiento-Mercado-Planos.pdf\">Proyecto Mobiliario y Equipamiento Mercado Planos<\/a><\/p>\n<p>06\/02\/2025 <a href=\"https:\/\/contratacion.almunecar.es\/wp-content\/uploads\/2025\/02\/PLANO-A02-MODIFICADO-PLANTA-DISTRIBUCION-DE-PUESTOS-VALIDO.pdf\">PLANO A02 MODIFICADO PLANTA DISTRIBUCION DE PUESTOS VALIDO<\/a><\/p>\n<p>06\/02\/2025 <a href=\"https:\/\/contratacion.almunecar.es\/wp-content\/uploads\/2025\/02\/R.A.-APROB-E-INCIO-DE-EXPTE.-SUMINISTRO-E-INSTALACION-MOBILIARIO.pdf\">R.A. APROB E INCIO DE EXPTE. SUMINISTRO E INSTALACION MOBILIARIO<\/a><\/p>\n<p>06\/02\/2025 <a href=\"https:\/\/contratacion.almunecar.es\/wp-content\/uploads\/2025\/02\/DOUE-ANUNCIO-DE-LICITACION-MOBILIARIO-NUEVO-MERCADO-MUNICIPAL.pdf\">DOUE &#8211; ANUNCIO DE LICITACI\u00d3N MOBILIARIO NUEVO MERCADO MUNICIPAL<\/a><\/p>\n<p>06\/02\/2025 <a href=\"https:\/\/contratacion.almunecar.es\/wp-content\/uploads\/2025\/02\/PLACSP-ANUNCIO-DE-LICITACION-MOBILIARIO-NUEVO-MERCADO-MUNICIPAL.pdf\">PLACSP &#8211; ANUNCIO DE LICITACI\u00d3N MOBILIARIO NUEVO MERCADO MUNICIPAL<\/a><\/p>\n<p>06\/02\/2025 <a href=\"https:\/\/contratacion.almunecar.es\/wp-content\/uploads\/2025\/02\/PLACSP-DOCUMENTO-DE-PLIEGOS-MOBILIARIO-NUEVO-MERCADO-MUNICIPAL.pdf\">PLACSP &#8211; DOCUMENTO DE PLIEGOS MOBILIARIO NUEVO MERCADO MUNICIPAL<\/a><\/p>\n<p>Las ofertas habr\u00e1n de presentarse a trav\u00e9s de la Herramienta de preparaci\u00f3n y presentaci\u00f3n de Ofertas de la Plataforma de Contrataci\u00f3n del Sector P\u00fablico, y hasta el 10\/03\/2025, 11:00 horas. Para m\u00e1s informaci\u00f3n y presentaci\u00f3n de ofertas: <a href=\"https:\/\/contrataciondelestado.es\/wps\/poc?uri=deeplink%3Adetalle_licitacion&amp;idEvl=JNAHeBK2zY2TylGzYmBF9Q%3D%3D\">cl\u00edck aqu\u00ed<\/a><\/p>\n<p>06\/03\/2025 <a href=\"https:\/\/contratacion.almunecar.es\/wp-content\/uploads\/2025\/02\/CITACION-MESA-DE-CONTRATACION-2025-03-12.pdf\">CITACION MESA DE CONTRATACION 2025-03-12<\/a><\/p>\n<p>17\/03\/2025 <a href=\"https:\/\/contratacion.almunecar.es\/wp-content\/uploads\/2025\/02\/ACTA-MESA-DE-CONTRATACION-2025-03-12.pdf\">ACTA MESA DE CONTRATACION 2025-03-12<\/a><\/p>\n<p>20\/03\/2025 <a href=\"https:\/\/contratacion.almunecar.es\/wp-content\/uploads\/2025\/02\/DECRETO-2025-1405-RA-REQUER-DOCUMENTACION-SUMINISTRO-MOB-Y-EQUIP-PUESTOS-MERCADO.pdf\">DECRETO 2025-1405 RA REQUER DOCUMENTACION SUMINISTRO MOB Y EQUIP PUESTOS MERCADO<\/a><\/p>\n<p>20\/03\/2025 <a href=\"https:\/\/contratacion.almunecar.es\/wp-content\/uploads\/2025\/02\/PLACSP-REQUER.-DOCUM-SUMINISTRO-MOB-Y-EQUIP-PUESTOS-MERCADO.pdf\">PLACSP &#8211; REQUER. DOCUM SUMINISTRO MOB Y EQUIP PUESTOS MERCADO<\/a><\/p>\n<p>16\/04\/2025 <a href=\"https:\/\/contratacion.almunecar.es\/wp-content\/uploads\/2025\/02\/RA-ADJUDICACION-SUMINISTRO-MOB-Y-EQUIP-PUESTOS-MERCADO.pdf\">RA ADJUDICACION SUMINISTRO MOB Y EQUIP PUESTOS MERCADO<\/a><\/p>\n<p>16\/04\/2025 <a href=\"https:\/\/contratacion.almunecar.es\/wp-content\/uploads\/2025\/02\/PLACSP-ADJUDICACION-SUMINISTRO-MOB-Y-EQUIP-PUESTOS-MERCADO.pdf\">PLACSP &#8211; ADJUDICACION SUMINISTRO MOB Y EQUIP PUESTOS MERCADO<\/a><\/p>\n<p>20\/05\/2025 <a href=\"https:\/\/contratacion.almunecar.es\/wp-content\/uploads\/2025\/02\/DOUE-FORMALIZACION-CONTRATO-MOBILIARIO-MERCADO-MUN.pdf\">DOUE &#8211; FORMALIZACI\u00d3N CONTRATO MOBILIARIO MERCADO MUN<\/a><\/p>\n<p>20\/05\/2025 <a href=\"https:\/\/contratacion.almunecar.es\/wp-content\/uploads\/2025\/02\/PLACSP-FORMALIZACION-CONTRATO-MOBILIARIO-MERCADO-MUN.pdf\">PLACSP &#8211; FORMALIZACI\u00d3N CONTRATO MOBILIARIO MERCADO MUN<\/a><\/p>\n<p>&nbsp;<\/p>\n<p>&nbsp;<\/p>\n<p>&nbsp;<\/p>\n<p>&nbsp;<\/p>\n<p>&nbsp;<\/p>\n<p>&nbsp;<\/p>\n<p>&nbsp;<\/p>\n","protected":false},"excerpt":{"rendered":"<p>06\/02\/2025 INFORME DE NECESIDAD SUMINISTRO E INSTALACION MOBILIARIO 06\/02\/2025 INFORME NO LOTES SUMINISTRO E INSTALACION MOBILIARIO 06\/02\/2025 MEMORIA JUSTIFICATIVA 06\/02\/2025 PCAP SUMINISTRO E INSTALACION MOBILIARIO 06\/02\/2025 PPTP SUMINISTRO E INSTALACION MOBILIARIO 06\/02\/2025 Proyecto Mobiliario y Equipamiento Mercado Memoria y Mediciones 06\/02\/2025 Proyecto Mobiliario y Equipamiento Mercado Planos 06\/02\/2025 PLANO A02 MODIFICADO PLANTA DISTRIBUCION DE PUESTOS&hellip; <br \/> <a class=\"button small blue\" href=\"https:\/\/contratacion.almunecar.es\/?p=8880\">Leer m\u00e1s<\/a><\/p>\n","protected":false},"author":5,"featured_media":0,"comment_status":"closed","ping_status":"closed","sticky":false,"template":"","format":"standard","meta":{"_acf_changed":false,"footnotes":""},"categories":[5,3,7,4],"tags":[],"class_list":["post-8880","post","type-post","status-publish","format-standard","hentry","category-adjudicacion_final","category-anuncio","category-formalizacion","category-licitacion"],"acf":[],"_links":{"self":[{"href":"https:\/\/contratacion.almunecar.es\/index.php?rest_route=\/wp\/v2\/posts\/8880","targetHints":{"allow":["GET"]}}],"collection":[{"href":"https:\/\/contratacion.almunecar.es\/index.php?rest_route=\/wp\/v2\/posts"}],"about":[{"href":"https:\/\/contratacion.almunecar.es\/index.php?rest_route=\/wp\/v2\/types\/post"}],"author":[{"embeddable":true,"href":"https:\/\/contratacion.almunecar.es\/index.php?rest_route=\/wp\/v2\/users\/5"}],"replies":[{"embeddable":true,"href":"https:\/\/contratacion.almunecar.es\/index.php?rest_route=%2Fwp%2Fv2%2Fcomments&post=8880"}],"version-history":[{"count":9,"href":"https:\/\/contratacion.almunecar.es\/index.php?rest_route=\/wp\/v2\/posts\/8880\/revisions"}],"predecessor-version":[{"id":9384,"href":"https:\/\/contratacion.almunecar.es\/index.php?rest_route=\/wp\/v2\/posts\/8880\/revisions\/9384"}],"wp:attachment":[{"href":"https:\/\/contratacion.almunecar.es\/index.php?rest_route=%2Fwp%2Fv2%2Fmedia&parent=8880"}],"wp:term":[{"taxonomy":"category","embeddable":true,"href":"https:\/\/contratacion.almunecar.es\/index.php?rest_route=%2Fwp%2Fv2%2Fcategories&post=8880"},{"taxonomy":"post_tag","embeddable":true,"href":"https:\/\/contratacion.almunecar.es\/index.php?rest_route=%2Fwp%2Fv2%2Ftags&post=8880"}],"curies":[{"name":"wp","href":"https:\/\/api.w.org\/{rel}","templated":true}]}}