{"id":8849,"date":"2025-02-03T10:38:23","date_gmt":"2025-02-03T08:38:23","guid":{"rendered":"https:\/\/contratacion.almunecar.es\/?p=8849"},"modified":"2025-06-27T12:58:24","modified_gmt":"2025-06-27T10:58:24","slug":"expte-138-2024-gest-11030-2024-concesion-administrativa-demanial-de-59-plazas-de-garaje-ubicadas-en-la-planta-sotano-2-del-mercado-municipal-de-abastos-de-almunecar","status":"publish","type":"post","link":"https:\/\/contratacion.almunecar.es\/?p=8849","title":{"rendered":"Expte. 138\/2024 (Gest 11030\/2024). Concesi\u00f3n administrativa demanial de 59 plazas de garaje ubicadas en la planta s\u00f3tano -2 del Mercado Municipal de abastos de Almu\u00f1\u00e9car."},"content":{"rendered":"<p>03\/02\/2025\u00a0<a href=\"https:\/\/contratacion.almunecar.es\/wp-content\/uploads\/2025\/02\/VALORACION-TECNICO.pdf\">VALORACION TECNICO<\/a><\/p>\n<p>03\/02\/2025 <a href=\"https:\/\/contratacion.almunecar.es\/wp-content\/uploads\/2025\/02\/INFORME-NECESIDAD-E-IDONEIDAD-CONCESION-DEMANIAL-59-PLAZAS-MERCADO.pdf\">INFORME NECESIDAD E IDONEIDAD CONCESION DEMANIAL 59 PLAZAS MERCADO<\/a><\/p>\n<p>03\/02\/2025 <a href=\"https:\/\/contratacion.almunecar.es\/wp-content\/uploads\/2025\/02\/PLIEGO-DE-CLAUSULAS-ECONOMICO-ADMINISTRATIVAS-Y-TECNICAS-CONCESION-59-PLAZAS-GARAJE-MERCADO.pdf\">PLIEGO DE CLAUSULAS ECONOMICO-ADMINISTRATIVAS Y TECNICAS CONCESION 59 PLAZAS GARAJE MERCADO<\/a><\/p>\n<p>03\/02\/2025 <a href=\"https:\/\/contratacion.almunecar.es\/wp-content\/uploads\/2025\/02\/RA-APROB-E-INICIO-EXPTE-CONCESION-59-PLAZAS-GARAJE-MERCADO.pdf\">RA APROB E INICIO EXPTE CONCESION 59 PLAZAS GARAJE MERCADO<\/a><\/p>\n<p>03\/02\/2025 <a href=\"https:\/\/contratacion.almunecar.es\/wp-content\/uploads\/2025\/02\/PLACSP-ANUNCIO-LICITACION-CONCESION-59-PLAZAS-GARAJE-MERCADO.pdf\">PLACSP &#8211; ANUNCIO LICITACI\u00d3N CONCESI\u00d3N 59 PLAZAS GARAJE MERCADO<\/a><\/p>\n<p>03\/02\/2025 <a href=\"https:\/\/contratacion.almunecar.es\/wp-content\/uploads\/2025\/02\/PLACSP-DOCUMENTO-PLIEGOS-CONCESION-59-PLAZAS-GARAJE-MERCADO.pdf\">PLACSP &#8211; DOCUMENTO PLIEGOS CONCESI\u00d3N 59 PLAZAS GARAJE MERCADO<\/a><\/p>\n<p>Para m\u00e1s informaci\u00f3n y presentaci\u00f3n de ofertas: <a href=\"https:\/\/contrataciondelestado.es\/wps\/poc?uri=deeplink%3Adetalle_licitacion&amp;idEvl=Vn6NZfNXoY7ECtSnloz%2BZQ%3D%3D\">click aqu\u00ed<\/a><\/p>\n<p>Las ofertas podr\u00e1n presentarse hasta el d\u00eda 6\/03\/2025, a las 11:00 horas.<\/p>\n<p>06\/03\/2025 <a href=\"https:\/\/contratacion.almunecar.es\/wp-content\/uploads\/2025\/02\/CITACION-MESA-DE-CONTRATACION-2025-03-12.pdf\">CITACION MESA DE CONTRATACION 2025-03-12<\/a><\/p>\n<p>17\/03\/2025 <a href=\"https:\/\/contratacion.almunecar.es\/wp-content\/uploads\/2025\/02\/ACTA-MESA-DE-CONTRATACION-2025-03-12.pdf\">ACTA MESA DE CONTRATACION 2025-03-12<\/a><\/p>\n<p>26\/03\/2025 <a href=\"https:\/\/contratacion.almunecar.es\/wp-content\/uploads\/2025\/02\/RA-REQUER-DOC-CONCESION-59-PLAZAS-GARAJE-MERCADO.pdf\">RA REQUER DOC CONCESION 59 PLAZAS GARAJE MERCADO<\/a><\/p>\n<p>15\/05\/2025 <a href=\"https:\/\/contratacion.almunecar.es\/wp-content\/uploads\/2025\/02\/RA-ADJUDICACION-CONCESION-PLAZAS-GARAJE-MERCADO.pdf\">RA ADJUDICACION CONCESION PLAZAS GARAJE MERCADO<\/a><\/p>\n<p>15\/05\/2025 <a href=\"https:\/\/contratacion.almunecar.es\/wp-content\/uploads\/2025\/02\/PLACSP-ADJUDICACION-CONCESION-PLAZAS-GARAJE-MERCADO.pdf\">PLACSP &#8211; ADJUDICACION CONCESION PLAZAS GARAJE MERCADO<\/a><\/p>\n<p>27\/06\/2025 <a href=\"https:\/\/contratacion.almunecar.es\/wp-content\/uploads\/2025\/02\/PLACSP-FORMALIZACION-CONTRATOS-PLAZAS-GARAJE-MERCADO-MUN.pdf\">PLACSP &#8211; FORMALIZACI\u00d3N CONTRATOS PLAZAS GARAJE MERCADO MUN<\/a><\/p>\n<p>&nbsp;<\/p>\n<p>&nbsp;<\/p>\n<p>&nbsp;<\/p>\n","protected":false},"excerpt":{"rendered":"<p>03\/02\/2025\u00a0VALORACION TECNICO 03\/02\/2025 INFORME NECESIDAD E IDONEIDAD CONCESION DEMANIAL 59 PLAZAS MERCADO 03\/02\/2025 PLIEGO DE CLAUSULAS ECONOMICO-ADMINISTRATIVAS Y TECNICAS CONCESION 59 PLAZAS GARAJE MERCADO 03\/02\/2025 RA APROB E INICIO EXPTE CONCESION 59 PLAZAS GARAJE MERCADO 03\/02\/2025 PLACSP &#8211; ANUNCIO LICITACI\u00d3N CONCESI\u00d3N 59 PLAZAS GARAJE MERCADO 03\/02\/2025 PLACSP &#8211; DOCUMENTO PLIEGOS CONCESI\u00d3N 59 PLAZAS GARAJE MERCADO&hellip; <br \/> <a class=\"button small blue\" href=\"https:\/\/contratacion.almunecar.es\/?p=8849\">Leer m\u00e1s<\/a><\/p>\n","protected":false},"author":5,"featured_media":0,"comment_status":"closed","ping_status":"closed","sticky":false,"template":"","format":"standard","meta":{"_acf_changed":false,"footnotes":""},"categories":[5,3,7,12,4],"tags":[],"class_list":["post-8849","post","type-post","status-publish","format-standard","hentry","category-adjudicacion_final","category-anuncio","category-formalizacion","category-formalizacion-de-contrato","category-licitacion"],"acf":[],"_links":{"self":[{"href":"https:\/\/contratacion.almunecar.es\/index.php?rest_route=\/wp\/v2\/posts\/8849","targetHints":{"allow":["GET"]}}],"collection":[{"href":"https:\/\/contratacion.almunecar.es\/index.php?rest_route=\/wp\/v2\/posts"}],"about":[{"href":"https:\/\/contratacion.almunecar.es\/index.php?rest_route=\/wp\/v2\/types\/post"}],"author":[{"embeddable":true,"href":"https:\/\/contratacion.almunecar.es\/index.php?rest_route=\/wp\/v2\/users\/5"}],"replies":[{"embeddable":true,"href":"https:\/\/contratacion.almunecar.es\/index.php?rest_route=%2Fwp%2Fv2%2Fcomments&post=8849"}],"version-history":[{"count":8,"href":"https:\/\/contratacion.almunecar.es\/index.php?rest_route=\/wp\/v2\/posts\/8849\/revisions"}],"predecessor-version":[{"id":9567,"href":"https:\/\/contratacion.almunecar.es\/index.php?rest_route=\/wp\/v2\/posts\/8849\/revisions\/9567"}],"wp:attachment":[{"href":"https:\/\/contratacion.almunecar.es\/index.php?rest_route=%2Fwp%2Fv2%2Fmedia&parent=8849"}],"wp:term":[{"taxonomy":"category","embeddable":true,"href":"https:\/\/contratacion.almunecar.es\/index.php?rest_route=%2Fwp%2Fv2%2Fcategories&post=8849"},{"taxonomy":"post_tag","embeddable":true,"href":"https:\/\/contratacion.almunecar.es\/index.php?rest_route=%2Fwp%2Fv2%2Ftags&post=8849"}],"curies":[{"name":"wp","href":"https:\/\/api.w.org\/{rel}","templated":true}]}}