{"id":8839,"date":"2025-01-31T14:54:32","date_gmt":"2025-01-31T12:54:32","guid":{"rendered":"https:\/\/contratacion.almunecar.es\/?p=8839"},"modified":"2025-02-04T12:13:22","modified_gmt":"2025-02-04T10:13:22","slug":"expte-132b-2024-gest-10797-2024-suministro-de-mobiliario-para-la-puesta-en-marcha-del-centro-de-dia-para-mayores-de-almunecar-antiguo-lote-3","status":"publish","type":"post","link":"https:\/\/contratacion.almunecar.es\/?p=8839","title":{"rendered":"EXPTE. 132B\/2024 (GEST 10797\/2024): SUMINISTRO DE MOBILIARIO PARA LA PUESTA EN MARCHA DEL CENTRO DE D\u00cdA PARA MAYORES DE ALMU\u00d1\u00c9CAR (Antiguo Lote 3)."},"content":{"rendered":"<p>31\/01\/2025 <a href=\"https:\/\/contratacion.almunecar.es\/wp-content\/uploads\/2025\/01\/INFORME-DE-NECESIDAD-SUMINISTRO-MOBILIARIO-CENTRO-DE-DIA.pdf\">INFORME DE NECESIDAD SUMINISTRO MOBILIARIO CENTRO DE DIA<\/a><\/p>\n<p>31\/01\/2025 <a href=\"https:\/\/contratacion.almunecar.es\/wp-content\/uploads\/2025\/01\/MEMORIA-JUSTIFICATIVA-SUM-MOBILIARIO-CENTRO-DE-DIA.pdf\">MEMORIA JUSTIFICATIVA SUM MOBILIARIO CENTRO DE DIA<\/a><\/p>\n<p>31\/01\/2025 <a href=\"https:\/\/contratacion.almunecar.es\/wp-content\/uploads\/2025\/01\/PPTP-MOBILIARIO-CENTRO-DE-DIA.pdf\">PPTP MOBILIARIO CENTRO DE DIA<\/a><\/p>\n<p>31\/01\/2025 <a href=\"https:\/\/contratacion.almunecar.es\/wp-content\/uploads\/2025\/01\/PCAP-MOBILIARIO-CENTRO-DE-DIA.pdf\">PCAP MOBILIARIO CENTRO DE DIA<\/a><\/p>\n<p>31\/01\/2025 <a href=\"https:\/\/contratacion.almunecar.es\/wp-content\/uploads\/2025\/01\/RA-DECLAR-DESIERTO-LOTE-3-E-INICIO-NUEVO-EXPTE-SUM-MOBILIARIO-CENTRO-DE-DIA.pdf\">RA DECLAR DESIERTO LOTE 3 E INICIO NUEVO EXPTE SUM MOBILIARIO CENTRO DE DIA<\/a><\/p>\n<p>31\/01\/2025 <a href=\"https:\/\/contratacion.almunecar.es\/wp-content\/uploads\/2025\/01\/PLACSP-ANUNCIO-DE-LICITACION-EXPTE-SUM-MOBILIARIO-CENTRO-DE-DIA.pdf\">PLACSP &#8211; ANUNCIO DE LICITACION EXPTE SUM MOBILIARIO CENTRO DE DIA<\/a><\/p>\n<p>31\/01\/2025 <a href=\"https:\/\/contratacion.almunecar.es\/wp-content\/uploads\/2025\/01\/PLACSP-DOCUMENTO-DE-PLIEGOS-EXPTE-SUM-MOBILIARIO-CENTRO-DE-DIA.pdf\">PLACSP &#8211; DOCUMENTO DE PLIEGOS EXPTE SUM MOBILIARIO CENTRO DE DIA<\/a><\/p>\n<p>Las ofertas tendr\u00e1n que presentarse a trav\u00e9s de la Herramienta de preparaci\u00f3n y presentaci\u00f3n de ofertas de la Plataforma de Contrataci\u00f3n del Sector P\u00fablico, y hasta el d\u00eda 11\/02\/2025, 11:00 horas. Para m\u00e1s informaci\u00f3n y presentaci\u00f3n de ofertas: <a href=\"https:\/\/contrataciondelestado.es\/wps\/poc?uri=deeplink%3Adetalle_licitacion&amp;idEvl=DvMr%2By2SYnv10HRJw8TEnQ%3D%3D\">cl\u00edck aqu\u00ed<\/a><\/p>\n<p>03\/02\/2025 <a href=\"https:\/\/contratacion.almunecar.es\/wp-content\/uploads\/2025\/01\/INFORME-ANULACION-LICITACION-MOBILIARIO-CENTRO-DIA.pdf\">INFORME ANULACION LICITACION MOBILIARIO CENTRO DIA<\/a><\/p>\n<p>04\/02\/2025 <a href=\"https:\/\/contratacion.almunecar.es\/wp-content\/uploads\/2025\/01\/RA-ANULACION-EXPTE-132B-2024-MOBILIARIO-CENTRO-DE-DIA-ALMUNECAR.pdf\">RA ANULACION EXPTE 132B-2024 MOBILIARIO CENTRO DE DIA ALMUNECAR<\/a><\/p>\n<p>&nbsp;<\/p>\n<p>&nbsp;<\/p>\n<p>&nbsp;<\/p>\n","protected":false},"excerpt":{"rendered":"<p>31\/01\/2025 INFORME DE NECESIDAD SUMINISTRO MOBILIARIO CENTRO DE DIA 31\/01\/2025 MEMORIA JUSTIFICATIVA SUM MOBILIARIO CENTRO DE DIA 31\/01\/2025 PPTP MOBILIARIO CENTRO DE DIA 31\/01\/2025 PCAP MOBILIARIO CENTRO DE DIA 31\/01\/2025 RA DECLAR DESIERTO LOTE 3 E INICIO NUEVO EXPTE SUM MOBILIARIO CENTRO DE DIA 31\/01\/2025 PLACSP &#8211; ANUNCIO DE LICITACION EXPTE SUM MOBILIARIO CENTRO DE&hellip; <br \/> <a class=\"button small blue\" href=\"https:\/\/contratacion.almunecar.es\/?p=8839\">Leer m\u00e1s<\/a><\/p>\n","protected":false},"author":5,"featured_media":0,"comment_status":"closed","ping_status":"closed","sticky":false,"template":"","format":"standard","meta":{"_acf_changed":false,"footnotes":""},"categories":[6,3,4],"tags":[],"class_list":["post-8839","post","type-post","status-publish","format-standard","hentry","category-anulacion","category-anuncio","category-licitacion"],"acf":[],"_links":{"self":[{"href":"https:\/\/contratacion.almunecar.es\/index.php?rest_route=\/wp\/v2\/posts\/8839","targetHints":{"allow":["GET"]}}],"collection":[{"href":"https:\/\/contratacion.almunecar.es\/index.php?rest_route=\/wp\/v2\/posts"}],"about":[{"href":"https:\/\/contratacion.almunecar.es\/index.php?rest_route=\/wp\/v2\/types\/post"}],"author":[{"embeddable":true,"href":"https:\/\/contratacion.almunecar.es\/index.php?rest_route=\/wp\/v2\/users\/5"}],"replies":[{"embeddable":true,"href":"https:\/\/contratacion.almunecar.es\/index.php?rest_route=%2Fwp%2Fv2%2Fcomments&post=8839"}],"version-history":[{"count":5,"href":"https:\/\/contratacion.almunecar.es\/index.php?rest_route=\/wp\/v2\/posts\/8839\/revisions"}],"predecessor-version":[{"id":8862,"href":"https:\/\/contratacion.almunecar.es\/index.php?rest_route=\/wp\/v2\/posts\/8839\/revisions\/8862"}],"wp:attachment":[{"href":"https:\/\/contratacion.almunecar.es\/index.php?rest_route=%2Fwp%2Fv2%2Fmedia&parent=8839"}],"wp:term":[{"taxonomy":"category","embeddable":true,"href":"https:\/\/contratacion.almunecar.es\/index.php?rest_route=%2Fwp%2Fv2%2Fcategories&post=8839"},{"taxonomy":"post_tag","embeddable":true,"href":"https:\/\/contratacion.almunecar.es\/index.php?rest_route=%2Fwp%2Fv2%2Ftags&post=8839"}],"curies":[{"name":"wp","href":"https:\/\/api.w.org\/{rel}","templated":true}]}}