{"id":8773,"date":"2025-01-14T14:33:57","date_gmt":"2025-01-14T12:33:57","guid":{"rendered":"https:\/\/contratacion.almunecar.es\/?p=8773"},"modified":"2025-04-11T10:38:45","modified_gmt":"2025-04-11T08:38:45","slug":"expte-17c-2024-gest-875-2024-enajenacion-de-camion-volvo-modelo-fl7-ch-41-y-camion-basculante-nissan-eco-l-mediante-lotes","status":"publish","type":"post","link":"https:\/\/contratacion.almunecar.es\/?p=8773","title":{"rendered":"Expte 17C\/2024 (GEST 875\/2024). Enajenaci\u00f3n de cami\u00f3n Volvo Modelo FL7 CH 41 y cami\u00f3n basculante Nissan ECO-L, mediante Lotes."},"content":{"rendered":"<p>14\/01\/2025 <a href=\"https:\/\/contratacion.almunecar.es\/wp-content\/uploads\/2025\/01\/Valoracion-Camiones.pdf\">Valoracion Camiones<\/a><\/p>\n<p>14\/01\/2025 <a href=\"https:\/\/contratacion.almunecar.es\/wp-content\/uploads\/2025\/01\/PC-JURIDICO-ECONOMICO-ADMINISTRATIVAS-Y-TECNICAS-PARA-LA-ENAJENACION-CAMIONES.pdf\">PC JURIDICO ECONOMICO ADMINISTRATIVAS Y TECNICAS PARA LA ENAJENACION CAMIONES<\/a><\/p>\n<p>14\/01\/2025 <a href=\"https:\/\/contratacion.almunecar.es\/wp-content\/uploads\/2025\/01\/RA-DECLARACION-DESIERTO-Y-NUEVA-TRAMITACION-ENAJENACION-CAMIONES.pdf\">RA DECLARACION DESIERTO Y NUEVA TRAMITACION ENAJENACION CAMIONES<\/a><\/p>\n<p>14\/01\/2025 <a href=\"https:\/\/contratacion.almunecar.es\/wp-content\/uploads\/2025\/01\/PLACSP-ANUNCIO-LICITACION-ENAJENACION-CAMIONES.pdf\">PLACSP &#8211; ANUNCIO LICITACI\u00d3N ENAJENACI\u00d3N CAMIONES<\/a><\/p>\n<p>14\/01\/2025 <a href=\"https:\/\/contratacion.almunecar.es\/wp-content\/uploads\/2025\/01\/PLACSP-DOCUMENTO-PLIEGOS-LICITACION-ENAJENACION-CAMIONES.pdf\">PLACSP &#8211; DOCUMENTO PLIEGOS LICITACI\u00d3N ENAJENACI\u00d3N CAMIONES<\/a><\/p>\n<p>Para m\u00e1s informaci\u00f3n: <a href=\"https:\/\/contrataciondelestado.es\/wps\/poc?uri=deeplink%3Adetalle_licitacion&amp;idEvl=S0aVC62h7EKdkQsA7ROvsg%3D%3D\">click aqu\u00ed<\/a><\/p>\n<p>Las ofertas podr\u00e1n presentarse hasta el d\u00eda 30\/01\/2025, a las 11:00 horas.<\/p>\n<p>19\/02\/2025 <a href=\"https:\/\/contratacion.almunecar.es\/wp-content\/uploads\/2025\/01\/RA-ADJUDICACION-ENAJENACION-2-CAMIONES.pdf\">RA ADJUDICACION ENAJENACION 2 CAMIONES<\/a><\/p>\n<p>19\/02\/2025 <a href=\"https:\/\/contratacion.almunecar.es\/wp-content\/uploads\/2025\/01\/PLACSP-ADJUDICACION-ENAJENACION-2-CAMIONES.pdf\">PLACSP ADJUDICACION ENAJENACION 2 CAMIONES<\/a><\/p>\n<p>11\/04\/2025 <a href=\"https:\/\/contratacion.almunecar.es\/wp-content\/uploads\/2025\/01\/PLACSP-FORMALIZACION-CONTRATO-ENAJENACION-2-CAMIONES.pdf\">PLACSP &#8211; FORMALIZACI\u00d3N CONTRATO ENAJENACI\u00d3N 2 CAMIONES<\/a><\/p>\n","protected":false},"excerpt":{"rendered":"<p>14\/01\/2025 Valoracion Camiones 14\/01\/2025 PC JURIDICO ECONOMICO ADMINISTRATIVAS Y TECNICAS PARA LA ENAJENACION CAMIONES 14\/01\/2025 RA DECLARACION DESIERTO Y NUEVA TRAMITACION ENAJENACION CAMIONES 14\/01\/2025 PLACSP &#8211; ANUNCIO LICITACI\u00d3N ENAJENACI\u00d3N CAMIONES 14\/01\/2025 PLACSP &#8211; DOCUMENTO PLIEGOS LICITACI\u00d3N ENAJENACI\u00d3N CAMIONES Para m\u00e1s informaci\u00f3n: click aqu\u00ed Las ofertas podr\u00e1n presentarse hasta el d\u00eda 30\/01\/2025, a las 11:00 horas.&hellip; <br \/> <a class=\"button small blue\" href=\"https:\/\/contratacion.almunecar.es\/?p=8773\">Leer m\u00e1s<\/a><\/p>\n","protected":false},"author":5,"featured_media":0,"comment_status":"closed","ping_status":"closed","sticky":false,"template":"","format":"standard","meta":{"_acf_changed":false,"footnotes":""},"categories":[5,3,7,12,4],"tags":[],"class_list":["post-8773","post","type-post","status-publish","format-standard","hentry","category-adjudicacion_final","category-anuncio","category-formalizacion","category-formalizacion-de-contrato","category-licitacion"],"acf":[],"_links":{"self":[{"href":"https:\/\/contratacion.almunecar.es\/index.php?rest_route=\/wp\/v2\/posts\/8773","targetHints":{"allow":["GET"]}}],"collection":[{"href":"https:\/\/contratacion.almunecar.es\/index.php?rest_route=\/wp\/v2\/posts"}],"about":[{"href":"https:\/\/contratacion.almunecar.es\/index.php?rest_route=\/wp\/v2\/types\/post"}],"author":[{"embeddable":true,"href":"https:\/\/contratacion.almunecar.es\/index.php?rest_route=\/wp\/v2\/users\/5"}],"replies":[{"embeddable":true,"href":"https:\/\/contratacion.almunecar.es\/index.php?rest_route=%2Fwp%2Fv2%2Fcomments&post=8773"}],"version-history":[{"count":4,"href":"https:\/\/contratacion.almunecar.es\/index.php?rest_route=\/wp\/v2\/posts\/8773\/revisions"}],"predecessor-version":[{"id":9194,"href":"https:\/\/contratacion.almunecar.es\/index.php?rest_route=\/wp\/v2\/posts\/8773\/revisions\/9194"}],"wp:attachment":[{"href":"https:\/\/contratacion.almunecar.es\/index.php?rest_route=%2Fwp%2Fv2%2Fmedia&parent=8773"}],"wp:term":[{"taxonomy":"category","embeddable":true,"href":"https:\/\/contratacion.almunecar.es\/index.php?rest_route=%2Fwp%2Fv2%2Fcategories&post=8773"},{"taxonomy":"post_tag","embeddable":true,"href":"https:\/\/contratacion.almunecar.es\/index.php?rest_route=%2Fwp%2Fv2%2Ftags&post=8773"}],"curies":[{"name":"wp","href":"https:\/\/api.w.org\/{rel}","templated":true}]}}