{"id":8695,"date":"2024-12-18T10:25:24","date_gmt":"2024-12-18T08:25:24","guid":{"rendered":"https:\/\/contratacion.almunecar.es\/?p=8695"},"modified":"2025-02-14T09:34:09","modified_gmt":"2025-02-14T07:34:09","slug":"expte-116b-2024-gest-9379-2024-concesion-administrativa-demanial-uso-privativo-para-la-explotacion-del-quiosco-sito-en-la-avenida-europa-la-najarra-de-almunecar","status":"publish","type":"post","link":"https:\/\/contratacion.almunecar.es\/?p=8695","title":{"rendered":"Expte. 116B\/2024 (GEST 9379\/2024). Concesi\u00f3n administrativa demanial (uso privativo) para la explotaci\u00f3n del quiosco sito en la Avenida Europa (La Najarra) de Almu\u00f1\u00e9car."},"content":{"rendered":"<p>18\/12\/2024 <a href=\"https:\/\/contratacion.almunecar.es\/wp-content\/uploads\/2024\/12\/SUPERFICIE-KIOSCO-AVENIDA-EUROPA.pdf\">SUPERFICIE KIOSCO AVENIDA EUROPA<\/a><\/p>\n<p>18\/12\/2024 <a href=\"https:\/\/contratacion.almunecar.es\/wp-content\/uploads\/2024\/12\/INFORME-NECESIDAD-E-IDONEIDAD-CONCESION-DEMANIAL-AVENIDA-EUROPA.pdf\">INFORME NECESIDAD E IDONEIDAD CONCESION DEMANIAL AVENIDA EUROPA<\/a><\/p>\n<p>18\/12\/2024 <a href=\"https:\/\/contratacion.almunecar.es\/wp-content\/uploads\/2024\/12\/PLIEGO-DE-CONDICIONES-JURIDICO-ECONOMICO-ADMINISTRATIVAS-Y-TECNICAS-QUIOSCO-AVD-EUROPA.pdf\">PLIEGO DE CONDICIONES JURIDICO ECONOMICO ADMINISTRATIVAS Y TECNICAS QUIOSCO AVD EUROPA<\/a><\/p>\n<p>18\/12\/2024 <a href=\"https:\/\/contratacion.almunecar.es\/wp-content\/uploads\/2024\/12\/RA-DECLARACION-DESIERTO-E-INICIO-NUEVO-EXPTE-CONCESION-QUIOSCO-AV-EUROPA.pdf\">RA DECLARACION DESIERTO E INICIO NUEVO EXPTE CONCESION QUIOSCO AV EUROPA<\/a><\/p>\n<p>18\/12\/2024 <a href=\"https:\/\/contratacion.almunecar.es\/wp-content\/uploads\/2024\/12\/PLACSP-ANUNCIO-LICITACION-CONCESION-QUIOSCO-AV-EUROPA.pdf\">PLACSP &#8211; ANUNCIO LICITACI\u00d3N CONCESI\u00d3N QUIOSCO AV EUROPA<\/a><\/p>\n<p>18\/12\/2024 <a href=\"https:\/\/contratacion.almunecar.es\/wp-content\/uploads\/2024\/12\/PLACSP-DOCUMENTO-PLIEGOS-CONCESION-QUIOSCO-AV-EUROPA.pdf\">PLACSP &#8211; DOCUMENTO PLIEGOS CONCESI\u00d3N QUIOSCO AV EUROPA<\/a><\/p>\n<p>Las ofertas podr\u00e1n presentarse hasta el d\u00eda 9\/01\/2025, a las 11:00 horas.<\/p>\n<p>Para m\u00e1s informaci\u00f3n y presentaci\u00f3n de ofertas: <a href=\"https:\/\/contrataciondelestado.es\/wps\/poc?uri=deeplink%3Adetalle_licitacion&amp;idEvl=zKhhnQmClPi5HQrHoP3G5A%3D%3D\">click aqu\u00ed<\/a><\/p>\n<p>14\/01\/2025 <a href=\"https:\/\/contratacion.almunecar.es\/wp-content\/uploads\/2024\/12\/CITACION-MESA-DE-CONTRATACION-2025-01-17.pdf\">CITACION MESA DE CONTRATACION 2025-01-17<\/a><\/p>\n<p>21\/01\/2025 <a href=\"https:\/\/contratacion.almunecar.es\/wp-content\/uploads\/2024\/12\/ACTA-MESA-DE-CONTRATACION-2025-01-17.pdf\">ACTA MESA DE CONTRATACION 2025-01-17<\/a><\/p>\n<p>05\/02\/2025 <a href=\"https:\/\/contratacion.almunecar.es\/wp-content\/uploads\/2024\/12\/RA-REQUE-DOCUMENTACION-QUIOSCO-LA-NAJARRA.pdf\">RA REQUE DOCUMENTACION QUIOSCO LA NAJARRA<\/a><\/p>\n<p>05\/02\/2025 <a href=\"https:\/\/contratacion.almunecar.es\/wp-content\/uploads\/2024\/12\/PLACSP-REQUERIMIENTO-DOC-QUIOSCO-LA-NAJARRA.pdf\">PLACSP &#8211; REQUERIMIENTO DOC QUIOSCO LA NAJARRA<\/a><\/p>\n<p>12\/02\/2025 <a href=\"https:\/\/contratacion.almunecar.es\/wp-content\/uploads\/2024\/12\/R-A-ADJUDICACION-QUIOSCO-LA-NAJARRA.pdf\">R A ADJUDICACION QUIOSCO LA NAJARRA<\/a><\/p>\n<p>12\/02\/2025 <a href=\"https:\/\/contratacion.almunecar.es\/wp-content\/uploads\/2024\/12\/PLCSP-ADJUDICACION-QUIOSCO-LA-NAJARRA.pdf\">PLCSP ADJUDICACION QUIOSCO LA NAJARRA<\/a><\/p>\n<p>14\/02\/2025 <a href=\"https:\/\/contratacion.almunecar.es\/wp-content\/uploads\/2024\/12\/PLACSP-FORMALIZACION-CONTRATO-CONCESION-QUIOSCO-AV-EUROPA.pdf\">PLACSP &#8211; FORMALIZACI\u00d3N CONTRATO CONCESI\u00d3N QUIOSCO AV EUROPA<\/a><\/p>\n<p>&nbsp;<\/p>\n<p>&nbsp;<\/p>\n<p>&nbsp;<\/p>\n","protected":false},"excerpt":{"rendered":"<p>18\/12\/2024 SUPERFICIE KIOSCO AVENIDA EUROPA 18\/12\/2024 INFORME NECESIDAD E IDONEIDAD CONCESION DEMANIAL AVENIDA EUROPA 18\/12\/2024 PLIEGO DE CONDICIONES JURIDICO ECONOMICO ADMINISTRATIVAS Y TECNICAS QUIOSCO AVD EUROPA 18\/12\/2024 RA DECLARACION DESIERTO E INICIO NUEVO EXPTE CONCESION QUIOSCO AV EUROPA 18\/12\/2024 PLACSP &#8211; ANUNCIO LICITACI\u00d3N CONCESI\u00d3N QUIOSCO AV EUROPA 18\/12\/2024 PLACSP &#8211; DOCUMENTO PLIEGOS CONCESI\u00d3N QUIOSCO AV&hellip; <br \/> <a class=\"button small blue\" href=\"https:\/\/contratacion.almunecar.es\/?p=8695\">Leer m\u00e1s<\/a><\/p>\n","protected":false},"author":5,"featured_media":0,"comment_status":"closed","ping_status":"closed","sticky":false,"template":"","format":"standard","meta":{"_acf_changed":false,"footnotes":""},"categories":[5,3,7,12,4],"tags":[],"class_list":["post-8695","post","type-post","status-publish","format-standard","hentry","category-adjudicacion_final","category-anuncio","category-formalizacion","category-formalizacion-de-contrato","category-licitacion"],"acf":[],"_links":{"self":[{"href":"https:\/\/contratacion.almunecar.es\/index.php?rest_route=\/wp\/v2\/posts\/8695","targetHints":{"allow":["GET"]}}],"collection":[{"href":"https:\/\/contratacion.almunecar.es\/index.php?rest_route=\/wp\/v2\/posts"}],"about":[{"href":"https:\/\/contratacion.almunecar.es\/index.php?rest_route=\/wp\/v2\/types\/post"}],"author":[{"embeddable":true,"href":"https:\/\/contratacion.almunecar.es\/index.php?rest_route=\/wp\/v2\/users\/5"}],"replies":[{"embeddable":true,"href":"https:\/\/contratacion.almunecar.es\/index.php?rest_route=%2Fwp%2Fv2%2Fcomments&post=8695"}],"version-history":[{"count":8,"href":"https:\/\/contratacion.almunecar.es\/index.php?rest_route=\/wp\/v2\/posts\/8695\/revisions"}],"predecessor-version":[{"id":8919,"href":"https:\/\/contratacion.almunecar.es\/index.php?rest_route=\/wp\/v2\/posts\/8695\/revisions\/8919"}],"wp:attachment":[{"href":"https:\/\/contratacion.almunecar.es\/index.php?rest_route=%2Fwp%2Fv2%2Fmedia&parent=8695"}],"wp:term":[{"taxonomy":"category","embeddable":true,"href":"https:\/\/contratacion.almunecar.es\/index.php?rest_route=%2Fwp%2Fv2%2Fcategories&post=8695"},{"taxonomy":"post_tag","embeddable":true,"href":"https:\/\/contratacion.almunecar.es\/index.php?rest_route=%2Fwp%2Fv2%2Ftags&post=8695"}],"curies":[{"name":"wp","href":"https:\/\/api.w.org\/{rel}","templated":true}]}}