{"id":8631,"date":"2024-12-11T13:19:12","date_gmt":"2024-12-11T11:19:12","guid":{"rendered":"https:\/\/contratacion.almunecar.es\/?p=8631"},"modified":"2025-03-12T10:05:04","modified_gmt":"2025-03-12T08:05:04","slug":"expte-132-2024-gest-10797-2024-suministro-de-mobiliario-office-de-cocina-y-senalizacion-para-la-puesta-en-marcha-del-centro-de-dia-para-mayores-de-almunecar-mediante-3-lotes","status":"publish","type":"post","link":"https:\/\/contratacion.almunecar.es\/?p=8631","title":{"rendered":"EXPTE. 132\/2024 (GEST 10797\/2024): SUMINISTRO DE MOBILIARIO, OFFICE DE COCINA Y SE\u00d1ALIZACI\u00d3N PARA LA PUESTA EN MARCHA DEL CENTRO DE D\u00cdA PARA MAYORES DE ALMU\u00d1\u00c9CAR , MEDIANTE 3 LOTES."},"content":{"rendered":"<p>11\/12\/2024 <a href=\"https:\/\/contratacion.almunecar.es\/wp-content\/uploads\/2024\/12\/INFORME-DE-NECESIDAD-SUMINISTRO-EQUIPAMIENTO-CENTRO-DE-DIA.pdf\">INFORME DE NECESIDAD SUMINISTRO EQUIPAMIENTO CENTRO DE DIA<\/a><\/p>\n<p>11\/12\/2024 <a href=\"https:\/\/contratacion.almunecar.es\/wp-content\/uploads\/2024\/12\/MEMORIA-JUSTIFICATIVA.pdf\">MEMORIA JUSTIFICATIVA<\/a><\/p>\n<p>11\/12\/2024 <a href=\"https:\/\/contratacion.almunecar.es\/wp-content\/uploads\/2024\/12\/PPTP-SUM-EQUIPAMIENTO-MOBILIARIO-CENTRO-DE-DIA.pdf\">PPTP SUM EQUIPAMIENTO MOBILIARIO CENTRO DE DIA<\/a><\/p>\n<p>11\/12\/2024 <a href=\"https:\/\/contratacion.almunecar.es\/wp-content\/uploads\/2024\/12\/PCAP-SUM-MOBILIARIO-CENTRO-DE-DIA.pdf\">PCAP SUM MOBILIARIO CENTRO DE DIA<\/a><\/p>\n<p>11\/12\/2024 <a href=\"https:\/\/contratacion.almunecar.es\/wp-content\/uploads\/2024\/12\/RA-APROB-E-INICIO-EXPTE-SUM-MOBILIARIO-CENTRO-DE-DIA.pdf\">RA APROB E INICIO EXPTE SUM MOBILIARIO CENTRO DE DIA<\/a><\/p>\n<p>11\/12\/2024 <a href=\"https:\/\/contratacion.almunecar.es\/wp-content\/uploads\/2024\/12\/PLACSP-ANUNCIO-LICITACION-SUM-MOBILIARIO-CENTRO-DE-DIA-LOTES.pdf\">PLACSP &#8211; ANUNCIO LICITACION SUM MOBILIARIO CENTRO DE DIA LOTES<\/a><\/p>\n<p>11\/12\/2024 <a href=\"https:\/\/contratacion.almunecar.es\/wp-content\/uploads\/2024\/12\/PLACSP-DOCUMENTO-DE-PLIEGOS-SUM-MOBILIARIO-CENTRO-DE-DIA-LOTES.pdf\">PLACSP &#8211; DOCUMENTO DE PLIEGOS SUM MOBILIARIO CENTRO DE DIA LOTES<\/a><\/p>\n<p>Las ofertas tendr\u00e1n que presentarse a trav\u00e9s de la Herramienta de preparaci\u00f3n y presentaci\u00f3n de Ofertas de la Plataforma de Contrataci\u00f3n del Sector P\u00fablico, y podr\u00e1n presentarse hasta el 27\/12\/2024, 11:00 horas. Para m\u00e1s informaci\u00f3n y presentaci\u00f3n de ofertas: <a href=\"https:\/\/contrataciondelestado.es\/wps\/poc?uri=deeplink%3Adetalle_licitacion&amp;idEvl=fKhW3xXrvzP%2Fa9DgO%2BoYKQ%3D%3D\">cl\u00edck aqu\u00ed<\/a><\/p>\n<p>14\/01\/2025 <a href=\"https:\/\/contratacion.almunecar.es\/wp-content\/uploads\/2024\/12\/CITACION-MESA-DE-CONTRATACION-2025-01-17.pdf\">CITACION MESA DE CONTRATACION 2025-01-17<\/a><\/p>\n<p>21\/01\/2025 <a href=\"https:\/\/contratacion.almunecar.es\/wp-content\/uploads\/2024\/12\/ACTA-MESA-DE-CONTRATACION-2025-01-17.pdf\">ACTA MESA DE CONTRATACION 2025-01-17<\/a><\/p>\n<p>06\/02\/2025 <a href=\"https:\/\/contratacion.almunecar.es\/wp-content\/uploads\/2024\/12\/RA-REQUER-DOC-LOTES-1-Y-2-EQUIPAMIENTO-CENTRO-DIA.pdf\">RA REQUER DOC LOTES 1 Y 2 EQUIPAMIENTO CENTRO DIA<\/a><\/p>\n<p>06\/02\/2025 <a href=\"https:\/\/contratacion.almunecar.es\/wp-content\/uploads\/2024\/12\/PLACSP-REQUER-DOC-LOTE-1-SENALIZACION-CENTRO-DIA-TRIDIMAGEN-SL.pdf\">PLACSP &#8211; REQUER DOC LOTE 1 SENALIZACION CENTRO DIA &#8211; TRIDIMAGEN SL<\/a><\/p>\n<p>06\/02\/2025 <a href=\"https:\/\/contratacion.almunecar.es\/wp-content\/uploads\/2024\/12\/PLACSP-REQUER-DOC-LOTE-2-OFFICE-COCINA-Y-LENCERIA-CENTRO-DIA-CARRANZA-SL.pdf\">PLACSP &#8211; REQUER DOC LOTE 2 OFFICE COCINA Y LENCERIA CENTRO DIA &#8211; CARRANZA SL<\/a><\/p>\n<p>10\/03\/2025 <a href=\"https:\/\/contratacion.almunecar.es\/wp-content\/uploads\/2024\/12\/RA-ADJUDICACION-LOTE-1-Y-2-MOBILIARIO-CENTRO-DE-DIA.pdf\">RA ADJUDICACION LOTE 1 Y 2 MOBILIARIO CENTRO DE DIA<\/a><\/p>\n<p>10\/03\/2025 <a href=\"https:\/\/contratacion.almunecar.es\/wp-content\/uploads\/2024\/12\/PLACSP-ADJUDICACION-LOTE-1-SENALIZACION-CENTRO-DE-DIA.pdf\">PLACSP &#8211; ADJUDICACION LOTE 1 SENALIZACION CENTRO DE DIA<\/a><\/p>\n<p>10\/03\/2025 <a href=\"https:\/\/contratacion.almunecar.es\/wp-content\/uploads\/2024\/12\/PLACSP-ADJUDICACION-LOTE-2-OFFICCE-COCINA-CENTRO-DE-DIA.pdf\">PLACSP &#8211; ADJUDICACION LOTE 2 OFFICCE COCINA CENTRO DE DIA<\/a><\/p>\n<p>11\/03\/2025 <a href=\"https:\/\/contratacion.almunecar.es\/wp-content\/uploads\/2024\/12\/PLACSP-FORMALIZACION-SUM-MOBILIARIO-LOTE-1-CENTRO-DE-DIA-SENALIZACION-copia.pdf\">PLACSP &#8211; FORMALIZACI\u00d3N SUM MOBILIARIO LOTE 1 CENTRO DE D\u00cdA &#8211; SE\u00d1ALIZACI\u00d3N<\/a><\/p>\n<p>12\/03\/2025 <a href=\"https:\/\/contratacion.almunecar.es\/wp-content\/uploads\/2024\/12\/PLACSP-FORMALIZACION-CONTRATO-LOTE-2-MOBILIARIO-CENTRO-DE-DIA-OFFICE-COCINA.pdf\">PLACSP &#8211; FORMALIZACI\u00d3N CONTRATO LOTE 2 MOBILIARIO CENTRO DE D\u00cdA &#8211; OFFICE COCINA<\/a><\/p>\n<p>&nbsp;<\/p>\n<p>&nbsp;<\/p>\n<p>&nbsp;<\/p>\n<p>&nbsp;<\/p>\n","protected":false},"excerpt":{"rendered":"<p>11\/12\/2024 INFORME DE NECESIDAD SUMINISTRO EQUIPAMIENTO CENTRO DE DIA 11\/12\/2024 MEMORIA JUSTIFICATIVA 11\/12\/2024 PPTP SUM EQUIPAMIENTO MOBILIARIO CENTRO DE DIA 11\/12\/2024 PCAP SUM MOBILIARIO CENTRO DE DIA 11\/12\/2024 RA APROB E INICIO EXPTE SUM MOBILIARIO CENTRO DE DIA 11\/12\/2024 PLACSP &#8211; ANUNCIO LICITACION SUM MOBILIARIO CENTRO DE DIA LOTES 11\/12\/2024 PLACSP &#8211; DOCUMENTO DE PLIEGOS&hellip; <br \/> <a class=\"button small blue\" href=\"https:\/\/contratacion.almunecar.es\/?p=8631\">Leer m\u00e1s<\/a><\/p>\n","protected":false},"author":5,"featured_media":0,"comment_status":"closed","ping_status":"closed","sticky":false,"template":"","format":"standard","meta":{"_acf_changed":false,"footnotes":""},"categories":[5,3,7,12,4],"tags":[],"class_list":["post-8631","post","type-post","status-publish","format-standard","hentry","category-adjudicacion_final","category-anuncio","category-formalizacion","category-formalizacion-de-contrato","category-licitacion"],"acf":[],"_links":{"self":[{"href":"https:\/\/contratacion.almunecar.es\/index.php?rest_route=\/wp\/v2\/posts\/8631","targetHints":{"allow":["GET"]}}],"collection":[{"href":"https:\/\/contratacion.almunecar.es\/index.php?rest_route=\/wp\/v2\/posts"}],"about":[{"href":"https:\/\/contratacion.almunecar.es\/index.php?rest_route=\/wp\/v2\/types\/post"}],"author":[{"embeddable":true,"href":"https:\/\/contratacion.almunecar.es\/index.php?rest_route=\/wp\/v2\/users\/5"}],"replies":[{"embeddable":true,"href":"https:\/\/contratacion.almunecar.es\/index.php?rest_route=%2Fwp%2Fv2%2Fcomments&post=8631"}],"version-history":[{"count":9,"href":"https:\/\/contratacion.almunecar.es\/index.php?rest_route=\/wp\/v2\/posts\/8631\/revisions"}],"predecessor-version":[{"id":8998,"href":"https:\/\/contratacion.almunecar.es\/index.php?rest_route=\/wp\/v2\/posts\/8631\/revisions\/8998"}],"wp:attachment":[{"href":"https:\/\/contratacion.almunecar.es\/index.php?rest_route=%2Fwp%2Fv2%2Fmedia&parent=8631"}],"wp:term":[{"taxonomy":"category","embeddable":true,"href":"https:\/\/contratacion.almunecar.es\/index.php?rest_route=%2Fwp%2Fv2%2Fcategories&post=8631"},{"taxonomy":"post_tag","embeddable":true,"href":"https:\/\/contratacion.almunecar.es\/index.php?rest_route=%2Fwp%2Fv2%2Ftags&post=8631"}],"curies":[{"name":"wp","href":"https:\/\/api.w.org\/{rel}","templated":true}]}}