{"id":8584,"date":"2024-11-25T12:11:15","date_gmt":"2024-11-25T10:11:15","guid":{"rendered":"https:\/\/contratacion.almunecar.es\/?p=8584"},"modified":"2025-02-20T15:14:56","modified_gmt":"2025-02-20T13:14:56","slug":"expte-135-2024-gest-8485-2024-adquisicion-de-la-finca-registral-de-almunecar-numero-10915-conocida-como-ermita-del-cerval","status":"publish","type":"post","link":"https:\/\/contratacion.almunecar.es\/?p=8584","title":{"rendered":"Expte. 135\/2024 (Gest 8485\/2024). Adquisici\u00f3n de la finca registral de Almu\u00f1\u00e9car n\u00famero 10915 conocida como Ermita del Cerval."},"content":{"rendered":"<p>25\/11\/2024 <a href=\"https:\/\/contratacion.almunecar.es\/wp-content\/uploads\/2024\/11\/ESTUDIO-DE-VALORACION-ERMITA-DEL-CERVAL.pdf\">ESTUDIO DE VALORACION ERMITA DEL CERVAL<\/a><\/p>\n<p>25\/11\/2024 <a href=\"https:\/\/contratacion.almunecar.es\/wp-content\/uploads\/2024\/11\/Informe-adquisicion_Ermita-Cerval.pdf\">Informe adquisicion_Ermita Cerval<\/a><\/p>\n<p>25\/11\/2024 <a href=\"https:\/\/contratacion.almunecar.es\/wp-content\/uploads\/2024\/11\/PLIEGO-ADQUISICION-ERMITA-EL-CERVAL.pdf\">PLIEGO ADQUISICION ERMITA EL CERVAL<\/a><\/p>\n<p>25\/11\/2024 <a href=\"https:\/\/contratacion.almunecar.es\/wp-content\/uploads\/2024\/11\/RA-APROB-E-INICIO-EXPTE-ADQUISICION-ERMITA-EL-CERVAL.pdf\">RA APROB E INICIO EXPTE ADQUISICION ERMITA EL CERVAL<\/a><\/p>\n<p>25\/11\/2024 <a href=\"https:\/\/contratacion.almunecar.es\/wp-content\/uploads\/2024\/11\/PLACSP-ANUNCIO-LICITACION-ADQUISICION-ERMITA-EL-CERVAL.pdf\">PLACSP &#8211; ANUNCIO LICITACI\u00d3N ADQUISICI\u00d3N ERMITA EL CERVAL<\/a><\/p>\n<p>25\/11\/2024 <a href=\"https:\/\/contratacion.almunecar.es\/wp-content\/uploads\/2024\/11\/PLACSP-DOCUMENTO-PLIEGOS-ADQUISICION-ERMITA-EL-CERVAL.pdf\">PLACSP &#8211; DOCUMENTO PLIEGOS ADQUISICI\u00d3N ERMITA EL CERVAL<\/a><\/p>\n<p>Las ofertas podr\u00e1n presentarse hasta el d\u00eda 11\/12\/2024, a las 11:00 horas.<\/p>\n<p>Para m\u00e1s informaci\u00f3n y presentaci\u00f3n de ofertas: <a href=\"https:\/\/contrataciondelestado.es\/wps\/poc?uri=deeplink:detalle_licitacion&amp;idEvl=6%2BI%2FyaOQ9My2gkLQ8TeYKA%3D%3D\">click aqu\u00ed.<\/a><\/p>\n<p><a href=\"https:\/\/contratacion.almunecar.es\/wp-content\/uploads\/2024\/11\/CITACION-MESA-DE-CONTRATACION-2024-12-12.pdf\">CITACION MESA DE CONTRATACION 2024-12-12<\/a><\/p>\n<p>16\/12\/2024 <a href=\"https:\/\/contratacion.almunecar.es\/wp-content\/uploads\/2024\/11\/ACTA-MESA-DE-CONTRATACION-2024-12-12.pdf\">ACTA MESA DE CONTRATACION 2024-12-12<\/a><\/p>\n<p>30\/12\/2024 <a href=\"https:\/\/contratacion.almunecar.es\/wp-content\/uploads\/2024\/11\/RA-ADJUDICACION-ADQUISICION-ERMITA-EL-CERVAL.pdf\">RA ADJUDICACION ADQUISICION ERMITA EL CERVAL<\/a><\/p>\n<p>30\/12\/2024 <a href=\"https:\/\/contratacion.almunecar.es\/wp-content\/uploads\/2024\/11\/PLACSP-ADJUDICACION-ADQUISICION-ERMITA-EL-CERVAL.pdf\">PLACSP &#8211; ADJUDICACION ADQUISICION ERMITA EL CERVAL<\/a><\/p>\n<p>30\/12\/2024 <a href=\"https:\/\/contratacion.almunecar.es\/wp-content\/uploads\/2024\/11\/PLACSP-COMUNICACION-ADJUDICACION-ADQUISICION-ERMITA-EL-CERVAL-JUAN-M-PRADOS.pdf\">PLACSP &#8211; COMUNICACI\u00d3N ADJUDICACI\u00d3N ADQUISICI\u00d3N ERMITA EL CERVAL &#8211; JUAN M PRADOS<\/a><\/p>\n<p>20\/02\/2025 <a href=\"https:\/\/contratacion.almunecar.es\/wp-content\/uploads\/2024\/11\/PLACSP-FORMALIZACION-CONTRATO-ADQUISICION-ERMITA-EL-CERVAL-1.pdf\">PLACSP &#8211; FORMALIZACI\u00d3N CONTRATO ADQUISICI\u00d3N ERMITA EL CERVAL<\/a><\/p>\n","protected":false},"excerpt":{"rendered":"<p>25\/11\/2024 ESTUDIO DE VALORACION ERMITA DEL CERVAL 25\/11\/2024 Informe adquisicion_Ermita Cerval 25\/11\/2024 PLIEGO ADQUISICION ERMITA EL CERVAL 25\/11\/2024 RA APROB E INICIO EXPTE ADQUISICION ERMITA EL CERVAL 25\/11\/2024 PLACSP &#8211; ANUNCIO LICITACI\u00d3N ADQUISICI\u00d3N ERMITA EL CERVAL 25\/11\/2024 PLACSP &#8211; DOCUMENTO PLIEGOS ADQUISICI\u00d3N ERMITA EL CERVAL Las ofertas podr\u00e1n presentarse hasta el d\u00eda 11\/12\/2024, a las&hellip; <br \/> <a class=\"button small blue\" href=\"https:\/\/contratacion.almunecar.es\/?p=8584\">Leer m\u00e1s<\/a><\/p>\n","protected":false},"author":5,"featured_media":0,"comment_status":"closed","ping_status":"closed","sticky":false,"template":"","format":"standard","meta":{"_acf_changed":false,"footnotes":""},"categories":[5,3,7,12,4],"tags":[],"class_list":["post-8584","post","type-post","status-publish","format-standard","hentry","category-adjudicacion_final","category-anuncio","category-formalizacion","category-formalizacion-de-contrato","category-licitacion"],"acf":[],"_links":{"self":[{"href":"https:\/\/contratacion.almunecar.es\/index.php?rest_route=\/wp\/v2\/posts\/8584","targetHints":{"allow":["GET"]}}],"collection":[{"href":"https:\/\/contratacion.almunecar.es\/index.php?rest_route=\/wp\/v2\/posts"}],"about":[{"href":"https:\/\/contratacion.almunecar.es\/index.php?rest_route=\/wp\/v2\/types\/post"}],"author":[{"embeddable":true,"href":"https:\/\/contratacion.almunecar.es\/index.php?rest_route=\/wp\/v2\/users\/5"}],"replies":[{"embeddable":true,"href":"https:\/\/contratacion.almunecar.es\/index.php?rest_route=%2Fwp%2Fv2%2Fcomments&post=8584"}],"version-history":[{"count":8,"href":"https:\/\/contratacion.almunecar.es\/index.php?rest_route=\/wp\/v2\/posts\/8584\/revisions"}],"predecessor-version":[{"id":8952,"href":"https:\/\/contratacion.almunecar.es\/index.php?rest_route=\/wp\/v2\/posts\/8584\/revisions\/8952"}],"wp:attachment":[{"href":"https:\/\/contratacion.almunecar.es\/index.php?rest_route=%2Fwp%2Fv2%2Fmedia&parent=8584"}],"wp:term":[{"taxonomy":"category","embeddable":true,"href":"https:\/\/contratacion.almunecar.es\/index.php?rest_route=%2Fwp%2Fv2%2Fcategories&post=8584"},{"taxonomy":"post_tag","embeddable":true,"href":"https:\/\/contratacion.almunecar.es\/index.php?rest_route=%2Fwp%2Fv2%2Ftags&post=8584"}],"curies":[{"name":"wp","href":"https:\/\/api.w.org\/{rel}","templated":true}]}}