{"id":8537,"date":"2024-11-13T11:40:08","date_gmt":"2024-11-13T09:40:08","guid":{"rendered":"https:\/\/contratacion.almunecar.es\/?p=8537"},"modified":"2024-12-12T15:23:27","modified_gmt":"2024-12-12T13:23:27","slug":"expte-29d-2024-gest-2222-2024-concesion-administrativa-demanial-para-la-explotacion-mediante-actividades-de-hosteleria-y-restauracion-del-local-no6-sito-en-los-bajos-del-paseo-del-altillo-de-almun","status":"publish","type":"post","link":"https:\/\/contratacion.almunecar.es\/?p=8537","title":{"rendered":"Expte. 29D\/2024 (GEST 2222\/2024). Concesi\u00f3n administrativa demanial para la explotaci\u00f3n mediante actividades de hosteler\u00eda y restauraci\u00f3n del local N\u00ba6 sito en los bajos del Paseo del Altillo de Almu\u00f1\u00e9car (antigua \u00abLa Bodeguita del Mar\u00bb)."},"content":{"rendered":"<p>13\/11\/2024\u00a0<a href=\"https:\/\/contratacion.almunecar.es\/wp-content\/uploads\/2024\/11\/NECESIDAD-E-IDONEIDAD-CONCESION-DEMANIAL-LOCAL-6-BODEGUITA.pdf\">NECESIDAD E IDONEIDAD CONCESION DEMANIAL LOCAL 6 &#8211; BODEGUITA<\/a><\/p>\n<p>13\/11\/2024 <a href=\"https:\/\/contratacion.almunecar.es\/wp-content\/uploads\/2024\/11\/VALORACION-CONCESION-LOCAL-6-BODEGUITA.pdf\">VALORACION CONCESION LOCAL 6 &#8211; BODEGUITA<\/a><\/p>\n<p>13\/11\/2024 <a href=\"https:\/\/contratacion.almunecar.es\/wp-content\/uploads\/2024\/11\/PLIEGO-DE-CONDICIONES-JURIDICO-ECONOMICO-ADMINISTRATIVAS-Y-TECNICAS-BODEGUITA-DEL-MAR.pdf\">PLIEGO DE CONDICIONES JURIDICO ECONOMICO ADMINISTRATIVAS Y TECNICAS BODEGUITA DEL MAR<\/a><\/p>\n<p>13\/11\/2024 <a href=\"https:\/\/contratacion.almunecar.es\/wp-content\/uploads\/2024\/11\/RA-APROB-E-INICIO-EXPTE-CONCESION-LOCAL-6-ALTILLO-BODEGUITA.pdf\">RA APROB E INICIO EXPTE CONCESION LOCAL 6 ALTILLO &#8211; BODEGUITA<\/a><\/p>\n<p>13\/11\/2024 <a style=\"font-size: 18px;\" href=\"https:\/\/contratacion.almunecar.es\/wp-content\/uploads\/2024\/11\/PLACSP-ANUNCIO-LICITACION-CONCESION-LOCAL-6-ALTILLO-BODEGUITA.pdf\">PLACSP &#8211; ANUNCIO LICITACI\u00d3N CONCESI\u00d3N LOCAL 6 ALTILLO &#8211; BODEGUITA<\/a><\/p>\n<p>13\/11\/2024 <a href=\"https:\/\/contratacion.almunecar.es\/wp-content\/uploads\/2024\/11\/PLACSP-DOCUMENTO-PLIEGOS-CONCESION-LOCAL-6-ALTILLO-BODEGUITA.pdf\">PLACSP &#8211; DOCUMENTO PLIEGOS CONCESI\u00d3N LOCAL 6 ALTILLO &#8211; BODEGUITA<\/a><\/p>\n<p>Las ofertas podr\u00e1n presentarse hasta el d\u00eda m29\/11\/2024, a las 11:00 horas.<\/p>\n<p>Para m\u00e1s informaci\u00f3n y presentaci\u00f3n de ofertas: <a href=\"https:\/\/contrataciondelestado.es\/wps\/poc?uri=deeplink%3Adetalle_licitacion&amp;idEvl=R%2BBKd1KA59O7JOCXkOhcDg%3D%3D\">click aqu\u00ed.<\/a><\/p>\n<p>27\/11\/2024 <a href=\"https:\/\/contratacion.almunecar.es\/wp-content\/uploads\/2024\/11\/CITACION-MESA-DE-CONTRATACION-2024-12-03-1.pdf\">CITACI\u00d3N MESA DE CONTRATACI\u00d3N 2024-12-03<\/a><\/p>\n<p>12\/12\/2024 <a href=\"https:\/\/contratacion.almunecar.es\/wp-content\/uploads\/2024\/10\/ACTA-MESA-DE-CONTRATACION-2024-12-03.pdf\">ACTA MESA DE CONTRATACION 2024-12-03<\/a><\/p>\n","protected":false},"excerpt":{"rendered":"<p>13\/11\/2024\u00a0NECESIDAD E IDONEIDAD CONCESION DEMANIAL LOCAL 6 &#8211; BODEGUITA 13\/11\/2024 VALORACION CONCESION LOCAL 6 &#8211; BODEGUITA 13\/11\/2024 PLIEGO DE CONDICIONES JURIDICO ECONOMICO ADMINISTRATIVAS Y TECNICAS BODEGUITA DEL MAR 13\/11\/2024 RA APROB E INICIO EXPTE CONCESION LOCAL 6 ALTILLO &#8211; BODEGUITA 13\/11\/2024 PLACSP &#8211; ANUNCIO LICITACI\u00d3N CONCESI\u00d3N LOCAL 6 ALTILLO &#8211; BODEGUITA 13\/11\/2024 PLACSP &#8211; DOCUMENTO&hellip; <br \/> <a class=\"button small blue\" href=\"https:\/\/contratacion.almunecar.es\/?p=8537\">Leer m\u00e1s<\/a><\/p>\n","protected":false},"author":5,"featured_media":0,"comment_status":"closed","ping_status":"closed","sticky":false,"template":"","format":"standard","meta":{"_acf_changed":false,"footnotes":""},"categories":[3,4],"tags":[],"class_list":["post-8537","post","type-post","status-publish","format-standard","hentry","category-anuncio","category-licitacion"],"acf":[],"_links":{"self":[{"href":"https:\/\/contratacion.almunecar.es\/index.php?rest_route=\/wp\/v2\/posts\/8537","targetHints":{"allow":["GET"]}}],"collection":[{"href":"https:\/\/contratacion.almunecar.es\/index.php?rest_route=\/wp\/v2\/posts"}],"about":[{"href":"https:\/\/contratacion.almunecar.es\/index.php?rest_route=\/wp\/v2\/types\/post"}],"author":[{"embeddable":true,"href":"https:\/\/contratacion.almunecar.es\/index.php?rest_route=\/wp\/v2\/users\/5"}],"replies":[{"embeddable":true,"href":"https:\/\/contratacion.almunecar.es\/index.php?rest_route=%2Fwp%2Fv2%2Fcomments&post=8537"}],"version-history":[{"count":4,"href":"https:\/\/contratacion.almunecar.es\/index.php?rest_route=\/wp\/v2\/posts\/8537\/revisions"}],"predecessor-version":[{"id":8662,"href":"https:\/\/contratacion.almunecar.es\/index.php?rest_route=\/wp\/v2\/posts\/8537\/revisions\/8662"}],"wp:attachment":[{"href":"https:\/\/contratacion.almunecar.es\/index.php?rest_route=%2Fwp%2Fv2%2Fmedia&parent=8537"}],"wp:term":[{"taxonomy":"category","embeddable":true,"href":"https:\/\/contratacion.almunecar.es\/index.php?rest_route=%2Fwp%2Fv2%2Fcategories&post=8537"},{"taxonomy":"post_tag","embeddable":true,"href":"https:\/\/contratacion.almunecar.es\/index.php?rest_route=%2Fwp%2Fv2%2Ftags&post=8537"}],"curies":[{"name":"wp","href":"https:\/\/api.w.org\/{rel}","templated":true}]}}