{"id":8525,"date":"2024-11-13T11:33:58","date_gmt":"2024-11-13T09:33:58","guid":{"rendered":"https:\/\/contratacion.almunecar.es\/?p=8525"},"modified":"2025-03-24T10:04:19","modified_gmt":"2025-03-24T08:04:19","slug":"expte-28c-2024-gest-2221-2024-concesion-administrativa-demanial-uso-privativo-para-la-explotacion-mediante-actividades-de-hosteleria-y-restauracion-del-local-numero-8-sito-en-los-bajos-del-paseo","status":"publish","type":"post","link":"https:\/\/contratacion.almunecar.es\/?p=8525","title":{"rendered":"Expte. 28C\/2024 (GEST 2221\/2024). Concesi\u00f3n Administrativa Demanial (uso privativo) para la explotaci\u00f3n mediante actividades de hosteler\u00eda y restauraci\u00f3n del Local n\u00famero 8 sito en los Bajos del Paseo del Altillo de Almu\u00f1\u00e9car (Antiguo Torero \/ Mama Juana)."},"content":{"rendered":"<p>13\/11\/2024 <a href=\"https:\/\/contratacion.almunecar.es\/wp-content\/uploads\/2024\/11\/INFORME-NECESIDAD-E-IDONEIDAD-CONCESION-DEMANIAL-LOCAL-8-TORERO.pdf\">INFORME NECESIDAD E IDONEIDAD CONCESION DEMANIAL LOCAL 8 &#8211; TORERO<\/a><\/p>\n<p>13\/11\/2024 <a href=\"https:\/\/contratacion.almunecar.es\/wp-content\/uploads\/2024\/11\/VALORACION-CONCESION-LOCAL-8-TORERO.pdf\">VALORACION CONCESION LOCAL 8 &#8211; TORERO<\/a><\/p>\n<p>13\/11\/2024 <a href=\"https:\/\/contratacion.almunecar.es\/wp-content\/uploads\/2024\/11\/PLIEGO-DE-CONDICIONES-JURIDICO-ECONOMICO-ADMINISTRATIVAS-Y-TECNICAS-TORERO.pdf\">PLIEGO DE CONDICIONES JURIDICO ECONOMICO ADMINISTRATIVAS Y TECNICAS TORERO<\/a><\/p>\n<p>13\/11\/2024 <a href=\"https:\/\/contratacion.almunecar.es\/wp-content\/uploads\/2024\/11\/RA-APROB-E-INICIO-EXPTE-LOCAL-8-ALTILLO-TORERO.pdf\">RA APROB E INICIO EXPTE LOCAL 8 ALTILLO &#8211; TORERO<\/a><\/p>\n<p>13\/11\/2024 <a href=\"https:\/\/contratacion.almunecar.es\/wp-content\/uploads\/2024\/11\/PLACSP-ANUNCIO-LICITACION-CONCESION-LOCAL-8-ALTILLO-TORERO.pdf\">PLACSP &#8211; ANUNCIO LICITACI\u00d3N CONCESI\u00d3N LOCAL 8 ALTILLO &#8211; TORERO<\/a><\/p>\n<p>13\/11\/2024 <a href=\"https:\/\/contratacion.almunecar.es\/wp-content\/uploads\/2024\/11\/PLACSP-DOCUMENTO-PLIEGOS-CONCESION-LOCAL-8-ALTILLO-TORERO.pdf\">PLACSP &#8211; DOCUMENTO PLIEGOS CONCESI\u00d3N LOCAL 8 ALTILLO &#8211; TORERO<\/a><\/p>\n<p>Las ofertas podr\u00e1n presentarse hasta el d\u00eda 29\/11\/2024, a las 11:00 horas.<\/p>\n<p>Para m\u00e1s informaci\u00f3n y presentaci\u00f3n de ofertas: <a href=\"https:\/\/contrataciondelestado.es\/wps\/poc?uri=deeplink:detalle_licitacion&amp;idEvl=mNahGeyVEm7L1rX3q%2FMAPA%3D%3D\">click aqu\u00ed\u00a0<\/a><\/p>\n<p>27\/11\/2024 <a href=\"https:\/\/contratacion.almunecar.es\/wp-content\/uploads\/2024\/11\/CITACION-MESA-DE-CONTRATACION-2024-12-03-1.pdf\">CITACI\u00d3N MESA DE CONTRATACI\u00d3N 2024-12-03<\/a><\/p>\n<p>12\/12\/2024 <a href=\"https:\/\/contratacion.almunecar.es\/wp-content\/uploads\/2024\/10\/ACTA-MESA-DE-CONTRATACION-2024-12-03.pdf\">ACTA MESA DE CONTRATACION 2024-12-03<\/a><\/p>\n<p>20\/12\/2024 <a href=\"https:\/\/contratacion.almunecar.es\/wp-content\/uploads\/2024\/11\/RA-REQ-DOCUMENTACION-CONCESION-LOCAL-8-ALTILLO-TORERO.pdf\">RA REQ DOCUMENTACION CONCESION LOCAL 8 ALTILLO &#8211; TORERO<\/a><\/p>\n<p>20\/12\/2024 <a href=\"https:\/\/contratacion.almunecar.es\/wp-content\/uploads\/2024\/11\/PLACSP-REQUERIMIENTO-DOC-CONCESION-TORERO.pdf\">PLACSP &#8211; REQUERIMIENTO DOC CONCESION TORERO<\/a><\/p>\n<p>31\/01\/2025 <a href=\"https:\/\/contratacion.almunecar.es\/wp-content\/uploads\/2024\/11\/RA-ADJUDICACION-CONCESION-LOCAL-8-ALTILLO-TORERO.pdf\">RA ADJUDICACION CONCESION LOCAL 8 ALTILLO &#8211; TORERO<\/a><\/p>\n<p>31\/01\/2025 <a href=\"https:\/\/contratacion.almunecar.es\/wp-content\/uploads\/2024\/11\/PLACSP-ADJUDICACION-CONCESION-LOCAL-8-ALTILLO-TORERO.pdf\">PLACSP &#8211; ADJUDICACION CONCESION LOCAL 8 ALTILLO &#8211; TORERO<\/a><\/p>\n<p>24\/03\/2025 <a href=\"https:\/\/contratacion.almunecar.es\/wp-content\/uploads\/2024\/11\/PLACSP-FORMALIZACION-CONCESION-LOCAL-8-ALTILLO-TORERO.pdf\">PLACSP &#8211; FORMALIZACI\u00d3N CONCESI\u00d3N LOCAL 8 ALTILLO &#8211; TORERO<\/a><\/p>\n<p>&nbsp;<\/p>\n","protected":false},"excerpt":{"rendered":"<p>13\/11\/2024 INFORME NECESIDAD E IDONEIDAD CONCESION DEMANIAL LOCAL 8 &#8211; TORERO 13\/11\/2024 VALORACION CONCESION LOCAL 8 &#8211; TORERO 13\/11\/2024 PLIEGO DE CONDICIONES JURIDICO ECONOMICO ADMINISTRATIVAS Y TECNICAS TORERO 13\/11\/2024 RA APROB E INICIO EXPTE LOCAL 8 ALTILLO &#8211; TORERO 13\/11\/2024 PLACSP &#8211; ANUNCIO LICITACI\u00d3N CONCESI\u00d3N LOCAL 8 ALTILLO &#8211; TORERO 13\/11\/2024 PLACSP &#8211; DOCUMENTO PLIEGOS&hellip; <br \/> <a class=\"button small blue\" href=\"https:\/\/contratacion.almunecar.es\/?p=8525\">Leer m\u00e1s<\/a><\/p>\n","protected":false},"author":5,"featured_media":0,"comment_status":"closed","ping_status":"closed","sticky":false,"template":"","format":"standard","meta":{"_acf_changed":false,"footnotes":""},"categories":[5,3,7,12,4],"tags":[],"class_list":["post-8525","post","type-post","status-publish","format-standard","hentry","category-adjudicacion_final","category-anuncio","category-formalizacion","category-formalizacion-de-contrato","category-licitacion"],"acf":[],"_links":{"self":[{"href":"https:\/\/contratacion.almunecar.es\/index.php?rest_route=\/wp\/v2\/posts\/8525","targetHints":{"allow":["GET"]}}],"collection":[{"href":"https:\/\/contratacion.almunecar.es\/index.php?rest_route=\/wp\/v2\/posts"}],"about":[{"href":"https:\/\/contratacion.almunecar.es\/index.php?rest_route=\/wp\/v2\/types\/post"}],"author":[{"embeddable":true,"href":"https:\/\/contratacion.almunecar.es\/index.php?rest_route=\/wp\/v2\/users\/5"}],"replies":[{"embeddable":true,"href":"https:\/\/contratacion.almunecar.es\/index.php?rest_route=%2Fwp%2Fv2%2Fcomments&post=8525"}],"version-history":[{"count":8,"href":"https:\/\/contratacion.almunecar.es\/index.php?rest_route=\/wp\/v2\/posts\/8525\/revisions"}],"predecessor-version":[{"id":9054,"href":"https:\/\/contratacion.almunecar.es\/index.php?rest_route=\/wp\/v2\/posts\/8525\/revisions\/9054"}],"wp:attachment":[{"href":"https:\/\/contratacion.almunecar.es\/index.php?rest_route=%2Fwp%2Fv2%2Fmedia&parent=8525"}],"wp:term":[{"taxonomy":"category","embeddable":true,"href":"https:\/\/contratacion.almunecar.es\/index.php?rest_route=%2Fwp%2Fv2%2Fcategories&post=8525"},{"taxonomy":"post_tag","embeddable":true,"href":"https:\/\/contratacion.almunecar.es\/index.php?rest_route=%2Fwp%2Fv2%2Ftags&post=8525"}],"curies":[{"name":"wp","href":"https:\/\/api.w.org\/{rel}","templated":true}]}}