{"id":8500,"date":"2024-11-05T14:25:00","date_gmt":"2024-11-05T12:25:00","guid":{"rendered":"https:\/\/contratacion.almunecar.es\/?p=8500"},"modified":"2025-01-16T09:41:44","modified_gmt":"2025-01-16T07:41:44","slug":"expte-115-2024-gest-9370-2024-suministro-de-20-contenedores-de-1-800-litros-de-capacidad-con-control-de-cierre-electronico-destinados-a-la-recogida-de-residuos-organicos","status":"publish","type":"post","link":"https:\/\/contratacion.almunecar.es\/?p=8500","title":{"rendered":"EXPTE. 115\/2024 (GEST 9370\/2024): SUMINISTRO DE 20 CONTENEDORES DE 1.800 LITROS DE CAPACIDAD, CON CONTROL DE CIERRE ELECTR\u00d3NICO, DESTINADOS A LA RECOGIDA DE RESIDUOS ORG\u00c1NICOS."},"content":{"rendered":"<p>05\/11\/2024 <a href=\"https:\/\/contratacion.almunecar.es\/wp-content\/uploads\/2024\/11\/INFORME-DE-NECESIDAD-CONTENEDORES.pdf\">INFORME DE NECESIDAD CONTENEDORES<\/a><\/p>\n<p>05\/11\/2024 <a href=\"https:\/\/contratacion.almunecar.es\/wp-content\/uploads\/2024\/11\/INFORME-NO-DIVISION-LOTES-CONTENEDORES.pdf\">INFORME NO DIVISION LOTES CONTENEDORES<\/a><\/p>\n<p>05\/11\/2024 <a href=\"https:\/\/contratacion.almunecar.es\/wp-content\/uploads\/2024\/11\/MEMORIA-JUSTIFICATIVA-CONTENEDORES.pdf\">MEMORIA JUSTIFICATIVA CONTENEDORES<\/a><\/p>\n<p>05\/11\/2024 <a href=\"https:\/\/contratacion.almunecar.es\/wp-content\/uploads\/2024\/11\/PCAP-SUMINISTRO-DE-CONTENEDORES.pdf\">PCAP SUMINISTRO DE CONTENEDORES<\/a><\/p>\n<p>05\/11\/2024 <a href=\"https:\/\/contratacion.almunecar.es\/wp-content\/uploads\/2024\/11\/PPTP-CONTENEDORES.pdf\">PPTP CONTENEDORES<\/a><\/p>\n<p>05\/11\/2024 <a href=\"https:\/\/contratacion.almunecar.es\/wp-content\/uploads\/2024\/11\/RA-APROB-E-INICIO-EXPTE-SUMINISTRO-20-CONTENEDORES.pdf\">RA APROB E INICIO EXPTE SUMINISTRO 20 CONTENEDORES<\/a><\/p>\n<p>05\/11\/2024 <a href=\"https:\/\/contratacion.almunecar.es\/wp-content\/uploads\/2024\/11\/PLACSP-ANUNCIO-DE-LICITACION-EXPTE-SUMIN-20-CONTENEDORES-RESIDUOS-ORGANICOS.pdf\">PLACSP &#8211; ANUNCIO DE LICITACION EXPTE SUMIN 20 CONTENEDORES RESIDUOS ORGANICOS<\/a><\/p>\n<p>05\/11\/2024 <a href=\"https:\/\/contratacion.almunecar.es\/wp-content\/uploads\/2024\/11\/PLACSP-DOCUMENTO-DE-PLIEGOS-EXPTE-SUMIN-20-CONTENEDORES-RESIDUOS-ORGANICOS.pdf\">PLACSP &#8211; DOCUMENTO DE PLIEGOS EXPTE SUMIN 20 CONTENEDORES RESIDUOS ORGANICOS<\/a><\/p>\n<p>* Las oferta se tendr\u00e1n que presentar a trav\u00e9s de la Herramienta de preparaci\u00f3n y presentaci\u00f3n de Ofertas de la Plataforma de Contrataci\u00f3n del Sector P\u00fablico, y hasta el d\u00eda 20 de noviembre de 2024, 11:00 horas. Para m\u00e1s informaci\u00f3n y presentaci\u00f3n de ofertas: <a href=\"https:\/\/contrataciondelestado.es\/wps\/poc?uri=deeplink%3Adetalle_licitacion&amp;idEvl=VdvbxJW54KrzAq95uGTrDQ%3D%3D\">cl\u00edck aqu\u00ed<\/a><\/p>\n<p>27\/11\/2024 <a href=\"https:\/\/contratacion.almunecar.es\/wp-content\/uploads\/2024\/11\/CITACION-MESA-DE-CONTRATACION-2024-12-03-1.pdf\">CITACI\u00d3N MESA DE CONTRATACI\u00d3N 2024-12-03<\/a><\/p>\n<p>12\/12\/2024 <a href=\"https:\/\/contratacion.almunecar.es\/wp-content\/uploads\/2024\/10\/ACTA-MESA-DE-CONTRATACION-2024-12-03.pdf\">ACTA MESA DE CONTRATACION 2024-12-03<\/a><\/p>\n<p>14\/01\/2025 <a href=\"https:\/\/contratacion.almunecar.es\/wp-content\/uploads\/2024\/11\/RA-ADJUDICACION-20-CONTENEDORES-RESIDUOS-ORGANICOS.pdf\">RA ADJUDICACION 20 CONTENEDORES RESIDUOS ORGANICOS<\/a><\/p>\n<p>14\/01\/2025 <a href=\"https:\/\/contratacion.almunecar.es\/wp-content\/uploads\/2024\/11\/PLACSP-ADJUDICACION-20-CONTENEDORES-RESIDUOS-ORGANICOS.pdf\">PLACSP &#8211; ADJUDICACION 20 CONTENEDORES RESIDUOS ORGANICOS<\/a><\/p>\n<p>16\/01\/2025 <a href=\"https:\/\/contratacion.almunecar.es\/wp-content\/uploads\/2024\/11\/PLACSP-FORMALIZACION-CONTRATO-SUM-20-CONTENEDORES.pdf\">PLACSP &#8211; FORMALIZACI\u00d3N CONTRATO SUM 20 CONTENEDORES<\/a><\/p>\n<p>&nbsp;<\/p>\n","protected":false},"excerpt":{"rendered":"<p>05\/11\/2024 INFORME DE NECESIDAD CONTENEDORES 05\/11\/2024 INFORME NO DIVISION LOTES CONTENEDORES 05\/11\/2024 MEMORIA JUSTIFICATIVA CONTENEDORES 05\/11\/2024 PCAP SUMINISTRO DE CONTENEDORES 05\/11\/2024 PPTP CONTENEDORES 05\/11\/2024 RA APROB E INICIO EXPTE SUMINISTRO 20 CONTENEDORES 05\/11\/2024 PLACSP &#8211; ANUNCIO DE LICITACION EXPTE SUMIN 20 CONTENEDORES RESIDUOS ORGANICOS 05\/11\/2024 PLACSP &#8211; DOCUMENTO DE PLIEGOS EXPTE SUMIN 20 CONTENEDORES RESIDUOS&hellip; <br \/> <a class=\"button small blue\" href=\"https:\/\/contratacion.almunecar.es\/?p=8500\">Leer m\u00e1s<\/a><\/p>\n","protected":false},"author":5,"featured_media":0,"comment_status":"closed","ping_status":"closed","sticky":false,"template":"","format":"standard","meta":{"_acf_changed":false,"footnotes":""},"categories":[5,7,12,4],"tags":[],"class_list":["post-8500","post","type-post","status-publish","format-standard","hentry","category-adjudicacion_final","category-formalizacion","category-formalizacion-de-contrato","category-licitacion"],"acf":[],"_links":{"self":[{"href":"https:\/\/contratacion.almunecar.es\/index.php?rest_route=\/wp\/v2\/posts\/8500","targetHints":{"allow":["GET"]}}],"collection":[{"href":"https:\/\/contratacion.almunecar.es\/index.php?rest_route=\/wp\/v2\/posts"}],"about":[{"href":"https:\/\/contratacion.almunecar.es\/index.php?rest_route=\/wp\/v2\/types\/post"}],"author":[{"embeddable":true,"href":"https:\/\/contratacion.almunecar.es\/index.php?rest_route=\/wp\/v2\/users\/5"}],"replies":[{"embeddable":true,"href":"https:\/\/contratacion.almunecar.es\/index.php?rest_route=%2Fwp%2Fv2%2Fcomments&post=8500"}],"version-history":[{"count":8,"href":"https:\/\/contratacion.almunecar.es\/index.php?rest_route=\/wp\/v2\/posts\/8500\/revisions"}],"predecessor-version":[{"id":8787,"href":"https:\/\/contratacion.almunecar.es\/index.php?rest_route=\/wp\/v2\/posts\/8500\/revisions\/8787"}],"wp:attachment":[{"href":"https:\/\/contratacion.almunecar.es\/index.php?rest_route=%2Fwp%2Fv2%2Fmedia&parent=8500"}],"wp:term":[{"taxonomy":"category","embeddable":true,"href":"https:\/\/contratacion.almunecar.es\/index.php?rest_route=%2Fwp%2Fv2%2Fcategories&post=8500"},{"taxonomy":"post_tag","embeddable":true,"href":"https:\/\/contratacion.almunecar.es\/index.php?rest_route=%2Fwp%2Fv2%2Ftags&post=8500"}],"curies":[{"name":"wp","href":"https:\/\/api.w.org\/{rel}","templated":true}]}}