{"id":8490,"date":"2024-11-05T09:49:46","date_gmt":"2024-11-05T07:49:46","guid":{"rendered":"https:\/\/contratacion.almunecar.es\/?p=8490"},"modified":"2024-11-19T10:07:17","modified_gmt":"2024-11-19T08:07:17","slug":"expte-127-2024-gest-10265-2024-evento-granada-fest-almunecar-2024-financiado-100-por-diputacion-de-granada","status":"publish","type":"post","link":"https:\/\/contratacion.almunecar.es\/?p=8490","title":{"rendered":"Expte. 127\/2024 (Gest 10265\/2024). Evento \u00abGranada Fest Almu\u00f1\u00e9car 2024\u00bb. Financiado 100% por Diputaci\u00f3n de Granada."},"content":{"rendered":"<p>05\/11\/2024 <a href=\"https:\/\/contratacion.almunecar.es\/wp-content\/uploads\/2024\/11\/INFORME-MOTIVACION-NECESIDAD-GRANADA-FEST-ALMUNECAR-2024.pdf\">INFORME MOTIVACION NECESIDAD GRANADA FEST ALMUNECAR 2024<\/a><\/p>\n<p>05\/11\/2024 <a href=\"https:\/\/contratacion.almunecar.es\/wp-content\/uploads\/2024\/11\/INFORME-NO-DIVISION-LOTES-ESPECTACULO-GRANADA-FEST-ALMUNECAR.pdf\">INFORME NO DIVISION LOTES ESPECTACULO GRANADA FEST ALMUNECAR<\/a><\/p>\n<p>05\/11\/2024 <a href=\"https:\/\/contratacion.almunecar.es\/wp-content\/uploads\/2024\/11\/PLIEGO-TECNICO-GRANADA-FEST-ALMUNECAR.pdf\">PLIEGO TECNICO GRANADA FEST ALMUNECAR<\/a><\/p>\n<p>05\/11\/2024 <a href=\"https:\/\/contratacion.almunecar.es\/wp-content\/uploads\/2024\/11\/PLIEGO-ADMINISTRATIVO-ESPECTACULO-GRANADA-FEST-ALMUNECAR-2024.pdf\">PLIEGO ADMINISTRATIVO ESPECTACULO GRANADA FEST ALMUNECAR 2024<\/a><\/p>\n<p>05\/11\/2024 <a href=\"https:\/\/contratacion.almunecar.es\/wp-content\/uploads\/2024\/11\/RA-APROBACION-E-INICIO-EXPTE-EVENTO-GRANADA-FEST-ALMUneCAR-2024.pdf\">RA APROBACION E INICIO EXPTE EVENTO GRANADA FEST ALMUneCAR 2024<\/a><\/p>\n<p>05\/11\/2024\u00a0<a href=\"https:\/\/contratacion.almunecar.es\/wp-content\/uploads\/2024\/11\/PLACSP-LICITACION-GRANADA-FEST-ALMUNECAR-2024.pdf\">PLACSP &#8211; LICITACI\u00d3N GRANADA FEST ALMU\u00d1\u00c9CAR 2024<\/a><\/p>\n<p>05\/11\/2024 <a href=\"https:\/\/contratacion.almunecar.es\/wp-content\/uploads\/2024\/11\/PLACSP-DOCUMENTO-PLIEGOS-GRANADA-FEST-ALMUNECAR-2024.pdf\">PLACSP &#8211; DOCUMENTO PLIEGOS GRANADA FEST ALMU\u00d1\u00c9CAR 2024<\/a><\/p>\n<p>Para m\u00e1s informaci\u00f3n y presentaci\u00f3n de ofertas: <a href=\"https:\/\/contrataciondelestado.es\/wps\/poc?uri=deeplink:detalle_licitacion&amp;idEvl=zZi3%2Bsa%2FSae9Hd5zqvq9cg%3D%3D\">click aqu\u00ed<\/a><\/p>\n<p>Las ofertas podr\u00e1n presentarse hasta el d\u00eda 11\/11\/2024, a las 11:00 horas.<\/p>\n<p>13\/11\/2024 <a href=\"https:\/\/contratacion.almunecar.es\/wp-content\/uploads\/2024\/11\/RA-ADJUDICACION-GRANADA-FEST-ALMUNECAR-2024.pdf\">RA ADJUDICACION GRANADA FEST ALMUNECAR 2024<\/a><\/p>\n<p>13\/11\/2024 <a href=\"https:\/\/contratacion.almunecar.es\/wp-content\/uploads\/2024\/11\/PLACSP-ADJUDICACION-GRANADA-FEST-ALMUNECAR-2024-PABLO-E-LAMELAS.pdf\">PLACSP &#8211; ADJUDICACION GRANADA FEST ALMUNECAR 2024 &#8211; PABLO E LAMELAS<\/a><\/p>\n<p>19\/11\/2024 <a href=\"https:\/\/contratacion.almunecar.es\/wp-content\/uploads\/2024\/11\/PLACSP-FORMALIZACION-CONTRATO-GRANADA-FEST-ALMUNECAR-2024.pdf\">PLACSP &#8211; FORMALIZACI\u00d3N CONTRATO GRANADA FEST ALMU\u00d1\u00c9CAR 2024<\/a><\/p>\n<p>&nbsp;<\/p>\n","protected":false},"excerpt":{"rendered":"<p>05\/11\/2024 INFORME MOTIVACION NECESIDAD GRANADA FEST ALMUNECAR 2024 05\/11\/2024 INFORME NO DIVISION LOTES ESPECTACULO GRANADA FEST ALMUNECAR 05\/11\/2024 PLIEGO TECNICO GRANADA FEST ALMUNECAR 05\/11\/2024 PLIEGO ADMINISTRATIVO ESPECTACULO GRANADA FEST ALMUNECAR 2024 05\/11\/2024 RA APROBACION E INICIO EXPTE EVENTO GRANADA FEST ALMUneCAR 2024 05\/11\/2024\u00a0PLACSP &#8211; LICITACI\u00d3N GRANADA FEST ALMU\u00d1\u00c9CAR 2024 05\/11\/2024 PLACSP &#8211; DOCUMENTO PLIEGOS GRANADA&hellip; <br \/> <a class=\"button small blue\" href=\"https:\/\/contratacion.almunecar.es\/?p=8490\">Leer m\u00e1s<\/a><\/p>\n","protected":false},"author":5,"featured_media":0,"comment_status":"closed","ping_status":"closed","sticky":false,"template":"","format":"standard","meta":{"_acf_changed":false,"footnotes":""},"categories":[5,3,7,12,4],"tags":[],"class_list":["post-8490","post","type-post","status-publish","format-standard","hentry","category-adjudicacion_final","category-anuncio","category-formalizacion","category-formalizacion-de-contrato","category-licitacion"],"acf":[],"_links":{"self":[{"href":"https:\/\/contratacion.almunecar.es\/index.php?rest_route=\/wp\/v2\/posts\/8490","targetHints":{"allow":["GET"]}}],"collection":[{"href":"https:\/\/contratacion.almunecar.es\/index.php?rest_route=\/wp\/v2\/posts"}],"about":[{"href":"https:\/\/contratacion.almunecar.es\/index.php?rest_route=\/wp\/v2\/types\/post"}],"author":[{"embeddable":true,"href":"https:\/\/contratacion.almunecar.es\/index.php?rest_route=\/wp\/v2\/users\/5"}],"replies":[{"embeddable":true,"href":"https:\/\/contratacion.almunecar.es\/index.php?rest_route=%2Fwp%2Fv2%2Fcomments&post=8490"}],"version-history":[{"count":4,"href":"https:\/\/contratacion.almunecar.es\/index.php?rest_route=\/wp\/v2\/posts\/8490\/revisions"}],"predecessor-version":[{"id":8580,"href":"https:\/\/contratacion.almunecar.es\/index.php?rest_route=\/wp\/v2\/posts\/8490\/revisions\/8580"}],"wp:attachment":[{"href":"https:\/\/contratacion.almunecar.es\/index.php?rest_route=%2Fwp%2Fv2%2Fmedia&parent=8490"}],"wp:term":[{"taxonomy":"category","embeddable":true,"href":"https:\/\/contratacion.almunecar.es\/index.php?rest_route=%2Fwp%2Fv2%2Fcategories&post=8490"},{"taxonomy":"post_tag","embeddable":true,"href":"https:\/\/contratacion.almunecar.es\/index.php?rest_route=%2Fwp%2Fv2%2Ftags&post=8490"}],"curies":[{"name":"wp","href":"https:\/\/api.w.org\/{rel}","templated":true}]}}