{"id":8453,"date":"2024-10-28T12:05:56","date_gmt":"2024-10-28T10:05:56","guid":{"rendered":"https:\/\/contratacion.almunecar.es\/?p=8453"},"modified":"2025-01-31T09:12:36","modified_gmt":"2025-01-31T07:12:36","slug":"expediente-113-2024-gestiona-8991-2024-obras-de-mejora-de-pavimentacion-y-drenaje-del-camino-de-las-majadas-en-el-termino-municipal-de-almunecar","status":"publish","type":"post","link":"https:\/\/contratacion.almunecar.es\/?p=8453","title":{"rendered":"Expediente 113\/2024 Gestiona 8991\/2024.  OBRAS DE MEJORA DE PAVIMENTACI\u00d3N Y DRENAJE DEL CAMINO DE LAS MAJADAS EN EL T\u00c9RMINO MUNICIPAL DE ALMU\u00d1\u00c9CAR."},"content":{"rendered":"<p>28\/10\/2024 <a href=\"https:\/\/contratacion.almunecar.es\/wp-content\/uploads\/2024\/10\/IM-Obras-Pav-Camino-Majadas.pdf\">IM Obras Pav Camino Majadas<\/a><\/p>\n<p>28\/10\/2024 <a href=\"https:\/\/contratacion.almunecar.es\/wp-content\/uploads\/2024\/10\/MEMORIA-JUSTIFICATIVA-OBRAS-CAMINO-LAS-MAJADAS.pdf\">MEMORIA JUSTIFICATIVA OBRAS CAMINO LAS MAJADAS<\/a><\/p>\n<p>28\/10\/2024 <a href=\"https:\/\/contratacion.almunecar.es\/wp-content\/uploads\/2024\/10\/MEMORIA-VALORADA-CAMINO-MAJADAS-pptp.pdf\">MEMORIA VALORADA CAMINO MAJADAS pptp<\/a><\/p>\n<p>28\/10\/2024 <a href=\"https:\/\/contratacion.almunecar.es\/wp-content\/uploads\/2024\/10\/PCAP-OBRAS-CAMINO-LAS-MAJADAS.pdf\">PCAP OBRAS CAMINO LAS MAJADAS<\/a><\/p>\n<p>28\/10\/2024 <a href=\"https:\/\/contratacion.almunecar.es\/wp-content\/uploads\/2024\/10\/RA-APROB-E-INICIO-EXPTE-OBRAS-CAMINO-LAS-MAJADAS.pdf\">RA APROB E INICIO EXPTE OBRAS CAMINO LAS MAJADAS<\/a><\/p>\n<p>28\/10\/2024 <a href=\"https:\/\/contratacion.almunecar.es\/wp-content\/uploads\/2024\/10\/PLACSP-DOCUMENTO-PLIEGOS-PAVIM.-CAMINO-LAS-MAJADAS-1.pdf\">PLACSP &#8211; DOCUMENTO PLIEGOS PAVIM. CAMINO LAS MAJADAS<\/a><\/p>\n<p>28\/10\/2024 <a href=\"https:\/\/contratacion.almunecar.es\/wp-content\/uploads\/2024\/10\/PLACSP-ANUNCIO-LICITACION-PAVIM.-CAMINO-LAS-MAJADAS-1.pdf\">PLACSP &#8211; ANUNCIO LICITACI\u00d3N PAVIM. CAMINO LAS MAJADAS<\/a><\/p>\n<p>Para m\u00e1s informaci\u00f3n y presentaci\u00f3n de ofertas: <a href=\"https:\/\/contrataciondelestado.es\/wps\/poc?uri=deeplink:detalle_licitacion&amp;idEvl=CAISY1bJ2NBJ8Trn0ZPzLw%3D%3D\">click aqu\u00ed<\/a><\/p>\n<p>La ofertas podr\u00e1n presentarse hasta el 13\/11\/2024, a las 11:00 horas.<\/p>\n<p>11\/11\/2021 <a href=\"https:\/\/contratacion.almunecar.es\/wp-content\/uploads\/2024\/10\/CITACION-MESA-DE-CONTRATACION-2024-11-15.pdf\">CITACI\u00d3N MESA DE CONTRATACI\u00d3N 2024-11-15<\/a><\/p>\n<p>28\/11\/2024 <a href=\"https:\/\/contratacion.almunecar.es\/wp-content\/uploads\/2024\/10\/ACTA-MESA-DE-CONTRATACION-2024-11-15.pdf\">ACTA MESA DE CONTRATACION 2024-11-15<\/a><\/p>\n<p>28\/11\/2024 <a href=\"https:\/\/contratacion.almunecar.es\/wp-content\/uploads\/2024\/10\/PLACSP-JUSTIFICACION-OAB-SMARTTECH-SYSTEMS-SL.pdf\">PLACSP &#8211; JUSTIFICACI\u00d3N OAB SMARTTECH SYSTEMS SL<\/a><\/p>\n<p>05\/12\/2024 <a href=\"https:\/\/contratacion.almunecar.es\/wp-content\/uploads\/2024\/11\/CITACION-MESA-DE-CONTRATACION-2024-12-12.pdf\">CITACION MESA DE CONTRATACION 2024-12-12<\/a><\/p>\n<p>16\/12\/2024 <a href=\"https:\/\/contratacion.almunecar.es\/wp-content\/uploads\/2024\/11\/ACTA-MESA-DE-CONTRATACION-2024-12-12.pdf\">ACTA MESA DE CONTRATACION 2024-12-12<\/a><\/p>\n<p>27\/01\/2025 <a href=\"https:\/\/contratacion.almunecar.es\/wp-content\/uploads\/2024\/10\/RA-ADJUDICACION-PAVIMENT-CAMINO-LAS-MAJADAS.pdf\">RA ADJUDICACION PAVIMENT CAMINO LAS MAJADAS<\/a><\/p>\n<p>27\/01\/2025 <a href=\"https:\/\/contratacion.almunecar.es\/wp-content\/uploads\/2024\/10\/PLACSP-ADJUDICACION-PAVIMENT-CAMINO-LAS-MAJADAS.pdf\">PLACSP &#8211; ADJUDICACION PAVIMENT CAMINO LAS MAJADAS<\/a><\/p>\n<p>31\/01\/2025 <a href=\"https:\/\/contratacion.almunecar.es\/wp-content\/uploads\/2024\/10\/PLACSP-FORMALIZACION-CONTRATO-CAMINO-LAS-MAJADAS.pdf\">PLACSP &#8211; FORMALIZACI\u00d3N CONTRATO CAMINO LAS MAJADAS<\/a><\/p>\n<p>&nbsp;<\/p>\n<p>&nbsp;<\/p>\n","protected":false},"excerpt":{"rendered":"<p>28\/10\/2024 IM Obras Pav Camino Majadas 28\/10\/2024 MEMORIA JUSTIFICATIVA OBRAS CAMINO LAS MAJADAS 28\/10\/2024 MEMORIA VALORADA CAMINO MAJADAS pptp 28\/10\/2024 PCAP OBRAS CAMINO LAS MAJADAS 28\/10\/2024 RA APROB E INICIO EXPTE OBRAS CAMINO LAS MAJADAS 28\/10\/2024 PLACSP &#8211; DOCUMENTO PLIEGOS PAVIM. CAMINO LAS MAJADAS 28\/10\/2024 PLACSP &#8211; ANUNCIO LICITACI\u00d3N PAVIM. CAMINO LAS MAJADAS Para m\u00e1s&hellip; <br \/> <a class=\"button small blue\" href=\"https:\/\/contratacion.almunecar.es\/?p=8453\">Leer m\u00e1s<\/a><\/p>\n","protected":false},"author":5,"featured_media":0,"comment_status":"closed","ping_status":"closed","sticky":false,"template":"","format":"standard","meta":{"_acf_changed":false,"footnotes":""},"categories":[5,3,7,12,4],"tags":[],"class_list":["post-8453","post","type-post","status-publish","format-standard","hentry","category-adjudicacion_final","category-anuncio","category-formalizacion","category-formalizacion-de-contrato","category-licitacion"],"acf":[],"_links":{"self":[{"href":"https:\/\/contratacion.almunecar.es\/index.php?rest_route=\/wp\/v2\/posts\/8453","targetHints":{"allow":["GET"]}}],"collection":[{"href":"https:\/\/contratacion.almunecar.es\/index.php?rest_route=\/wp\/v2\/posts"}],"about":[{"href":"https:\/\/contratacion.almunecar.es\/index.php?rest_route=\/wp\/v2\/types\/post"}],"author":[{"embeddable":true,"href":"https:\/\/contratacion.almunecar.es\/index.php?rest_route=\/wp\/v2\/users\/5"}],"replies":[{"embeddable":true,"href":"https:\/\/contratacion.almunecar.es\/index.php?rest_route=%2Fwp%2Fv2%2Fcomments&post=8453"}],"version-history":[{"count":12,"href":"https:\/\/contratacion.almunecar.es\/index.php?rest_route=\/wp\/v2\/posts\/8453\/revisions"}],"predecessor-version":[{"id":8831,"href":"https:\/\/contratacion.almunecar.es\/index.php?rest_route=\/wp\/v2\/posts\/8453\/revisions\/8831"}],"wp:attachment":[{"href":"https:\/\/contratacion.almunecar.es\/index.php?rest_route=%2Fwp%2Fv2%2Fmedia&parent=8453"}],"wp:term":[{"taxonomy":"category","embeddable":true,"href":"https:\/\/contratacion.almunecar.es\/index.php?rest_route=%2Fwp%2Fv2%2Fcategories&post=8453"},{"taxonomy":"post_tag","embeddable":true,"href":"https:\/\/contratacion.almunecar.es\/index.php?rest_route=%2Fwp%2Fv2%2Ftags&post=8453"}],"curies":[{"name":"wp","href":"https:\/\/api.w.org\/{rel}","templated":true}]}}