{"id":8367,"date":"2024-09-23T12:36:49","date_gmt":"2024-09-23T10:36:49","guid":{"rendered":"https:\/\/contratacion.almunecar.es\/?p=8367"},"modified":"2024-09-23T12:39:14","modified_gmt":"2024-09-23T10:39:14","slug":"expte-110-2024-gest-8656-2024-contrato-suministro-de-hormigon-pfea-especial-mejora-y-ampliacion-camino-del-cerrillo-fase-1","status":"publish","type":"post","link":"https:\/\/contratacion.almunecar.es\/?p=8367","title":{"rendered":"EXPTE 110\/2024. GEST. 8656\/2024.  CONTRATO SUMINISTRO DE HORMIG\u00d3N PFEA ESPECIAL MEJORA Y AMPLIACI\u00d3N CAMINO DEL CERRILLO FASE 1"},"content":{"rendered":"<p>23\/09\/2024. INFORME DE NECESIDAD.<a href=\"https:\/\/contratacion.almunecar.es\/wp-content\/uploads\/2024\/09\/Informe-de-necesidad.pdf\">Informe de necesidad<\/a>.<\/p>\n<p>23\/0972024. PROPUESTA DE GASTO.<a href=\"https:\/\/contratacion.almunecar.es\/wp-content\/uploads\/2024\/09\/Propuesta-de-Gasto.pdf\">Propuesta de Gasto<\/a>.<\/p>\n<p>23\/09\/2024. DECLARACI\u00d3N RESPONSABLE DE PERSONAS F\u00cdSICAS.<a href=\"https:\/\/contratacion.almunecar.es\/wp-content\/uploads\/2024\/09\/DECLARACION-RESPONSABLE-DE-PERSONAS-FISICAS.pdf\"> DECLARACI\u00d3N RESPONSABLE DE PERSONAS F\u00cdSICAS.<\/a><\/p>\n<p>23\/09\/2024. DECLARACI\u00d3N RESPONSABLE DE PERSONAS JUR\u00cdDICAS. <a href=\"https:\/\/contratacion.almunecar.es\/wp-content\/uploads\/2024\/09\/DECLARACION-RESPONSABLE-DE-PERSONAS-JURIDICAS.pdf\">DECLARACI\u00d3N RESPONSABLE DE PERSONAS JUR\u00cdDICAS<\/a><\/p>\n<p>* PARA LA PRESENTACI\u00d3N DE OFERTAS ES NECESARIO PRESENTAR PRESUPUESTOS Y LA DECLARACI\u00d3N RESPONSABLE\u00a0 (PERSONA F\u00cdSICA O JUR\u00cdDICA),\u00a0 A TRAV\u00c9S DE LA SEDE ELECTR\u00d3NICA DEL AYUNTAMIENTO DE ALMU\u00d1ECAR.<\/p>\n","protected":false},"excerpt":{"rendered":"<p>23\/09\/2024. INFORME DE NECESIDAD.Informe de necesidad. 23\/0972024. PROPUESTA DE GASTO.Propuesta de Gasto. 23\/09\/2024. DECLARACI\u00d3N RESPONSABLE DE PERSONAS F\u00cdSICAS. DECLARACI\u00d3N RESPONSABLE DE PERSONAS F\u00cdSICAS. 23\/09\/2024. DECLARACI\u00d3N RESPONSABLE DE PERSONAS JUR\u00cdDICAS. DECLARACI\u00d3N RESPONSABLE DE PERSONAS JUR\u00cdDICAS * PARA LA PRESENTACI\u00d3N DE OFERTAS ES NECESARIO PRESENTAR PRESUPUESTOS Y LA DECLARACI\u00d3N RESPONSABLE\u00a0 (PERSONA F\u00cdSICA O JUR\u00cdDICA),\u00a0 A TRAV\u00c9S DE&hellip; <br \/> <a class=\"button small blue\" href=\"https:\/\/contratacion.almunecar.es\/?p=8367\">Leer m\u00e1s<\/a><\/p>\n","protected":false},"author":5,"featured_media":0,"comment_status":"closed","ping_status":"closed","sticky":false,"template":"","format":"standard","meta":{"_acf_changed":false,"footnotes":""},"categories":[3,10],"tags":[],"class_list":["post-8367","post","type-post","status-publish","format-standard","hentry","category-anuncio","category-menores"],"acf":[],"_links":{"self":[{"href":"https:\/\/contratacion.almunecar.es\/index.php?rest_route=\/wp\/v2\/posts\/8367","targetHints":{"allow":["GET"]}}],"collection":[{"href":"https:\/\/contratacion.almunecar.es\/index.php?rest_route=\/wp\/v2\/posts"}],"about":[{"href":"https:\/\/contratacion.almunecar.es\/index.php?rest_route=\/wp\/v2\/types\/post"}],"author":[{"embeddable":true,"href":"https:\/\/contratacion.almunecar.es\/index.php?rest_route=\/wp\/v2\/users\/5"}],"replies":[{"embeddable":true,"href":"https:\/\/contratacion.almunecar.es\/index.php?rest_route=%2Fwp%2Fv2%2Fcomments&post=8367"}],"version-history":[{"count":1,"href":"https:\/\/contratacion.almunecar.es\/index.php?rest_route=\/wp\/v2\/posts\/8367\/revisions"}],"predecessor-version":[{"id":8372,"href":"https:\/\/contratacion.almunecar.es\/index.php?rest_route=\/wp\/v2\/posts\/8367\/revisions\/8372"}],"wp:attachment":[{"href":"https:\/\/contratacion.almunecar.es\/index.php?rest_route=%2Fwp%2Fv2%2Fmedia&parent=8367"}],"wp:term":[{"taxonomy":"category","embeddable":true,"href":"https:\/\/contratacion.almunecar.es\/index.php?rest_route=%2Fwp%2Fv2%2Fcategories&post=8367"},{"taxonomy":"post_tag","embeddable":true,"href":"https:\/\/contratacion.almunecar.es\/index.php?rest_route=%2Fwp%2Fv2%2Ftags&post=8367"}],"curies":[{"name":"wp","href":"https:\/\/api.w.org\/{rel}","templated":true}]}}