{"id":8304,"date":"2024-08-30T11:59:25","date_gmt":"2024-08-30T09:59:25","guid":{"rendered":"https:\/\/contratacion.almunecar.es\/?p=8304"},"modified":"2024-10-29T09:29:36","modified_gmt":"2024-10-29T07:29:36","slug":"expte-78b-2024-gest-6608-2024-obras-de-remodelacion-y-embellecimiento-del-gran-eje-verde-en-almunecar-obra-civil-antiguo-lote-i-del-expte-78-2024-financiado-con-fondos-procedentes-del-plan-de","status":"publish","type":"post","link":"https:\/\/contratacion.almunecar.es\/?p=8304","title":{"rendered":"EXPTE. 78B\/2024 (GEST 6608\/2024): OBRAS DE REMODELACI\u00d3N Y EMBELLECIMIENTO DEL GRAN EJE VERDE EN ALMU\u00d1\u00c9CAR, OBRA CIVIL (ANTIGUO LOTE I DEL EXPTE. 78\/2024). FINANCIADO CON FONDOS PROCEDENTES DEL PLAN DE RECUPERACI\u00d3N, TRANSFORMACI\u00d3N Y RESILIENCIA."},"content":{"rendered":"<p>30\/08\/2024 <a href=\"https:\/\/contratacion.almunecar.es\/wp-content\/uploads\/2024\/08\/INFORME-DE-NECESIDAD-EMBELLECIMIENTO-GRAN-EJE-VERDE-1.pdf\">INFORME DE NECESIDAD EMBELLECIMIENTO GRAN EJE VERDE<\/a><\/p>\n<p>30\/08\/2024 <a href=\"https:\/\/contratacion.almunecar.es\/wp-content\/uploads\/2024\/08\/MEMORIA-JUSTIFICATIVA-EJE-VERDE-1.pdf\">MEMORIA JUSTIFICATIVA EJE VERDE<\/a><\/p>\n<p>30\/08\/2024 <a href=\"https:\/\/contratacion.almunecar.es\/wp-content\/uploads\/2024\/08\/PCAP-EMBELLECIMIENTO-EJE-VERDE-2.pdf\">PCAP EMBELLECIMIENTO EJE VERDE<\/a><\/p>\n<p>30\/08\/2024 <a href=\"https:\/\/contratacion.almunecar.es\/wp-content\/uploads\/2024\/08\/PPTP-EMBELLECIMIENTO-GRAN-EJE-VERDE-1.pdf\">PPTP EMBELLECIMIENTO GRAN EJE VERDE<\/a><\/p>\n<p>30\/08\/2024 <a href=\"https:\/\/contratacion.almunecar.es\/wp-content\/uploads\/2024\/08\/RA-DECLAR-DESIERTO-E-INICIACION-DE-NUEVO-EXPTE-LOTE-I-OBRAS-GRAN-EJE-VERDE.pdf\">RA DECLAR DESIERTO E INICIACION DE NUEVO EXPTE LOTE I OBRAS GRAN EJE VERDE<\/a><\/p>\n<p>30\/08\/2024 <a href=\"https:\/\/contratacion.almunecar.es\/wp-content\/uploads\/2024\/08\/PLACSP-ANUNCIO-DE-LICITACION-OBRAS-GRAN-EJE-VERDE-ANTIGUO-LOTE-I.pdf\">PLACSP &#8211; ANUNCIO DE LICITACI\u00d3N OBRAS GRAN EJE VERDE (ANTIGUO LOTE I)<\/a><\/p>\n<p>30\/08\/2024 <a href=\"https:\/\/contratacion.almunecar.es\/wp-content\/uploads\/2024\/08\/PLACSP-DOCUMENTO-DE-PLIEGOS-OBRAS-GRAN-EJE-VERDE-ANTIGUO-LOTE-I.pdf\">PLACSP &#8211; DOCUMENTO DE PLIEGOS OBRAS GRAN EJE VERDE (ANTIGUO LOTE I)<\/a><\/p>\n<p>*Las ofertas se podr\u00e1n presentar hasta el d\u00eda 10 de septiembre de 2024, 11:00 horas, y necesariamente se tendr\u00e1n que presentar a trav\u00e9s de la\u00a0 Herramienta de preparaci\u00f3n y presentaci\u00f3n de Ofertas de la Plataforma de Contrataci\u00f3n del Sector P\u00fablico. Para m\u00e1s informaci\u00f3n y presentaci\u00f3n de Ofertas: <a href=\"https:\/\/contrataciondelestado.es\/wps\/poc?uri=deeplink%3Adetalle_licitacion&amp;idEvl=ZQLsw0dvvGicCF8sV%2BqtYA%3D%3D\">click aqu\u00ed<\/a><\/p>\n<p>10\/09\/2024 <a href=\"https:\/\/contratacion.almunecar.es\/wp-content\/uploads\/2024\/08\/CITACION-MESA-DE-CONTRATACION-2024-09-13.pdf\">CITACION MESA DE CONTRATACION 2024-09-13<\/a><\/p>\n<p>19\/09\/2024 <a href=\"https:\/\/contratacion.almunecar.es\/wp-content\/uploads\/2024\/08\/ACTA-MESA-DE-CONTRATACION-2024-09-13-1.pdf\">ACTA MESA DE CONTRATACION 2024-09-13<\/a><\/p>\n<p>24\/09\/2024 <a href=\"https:\/\/contratacion.almunecar.es\/wp-content\/uploads\/2024\/08\/RA-REQUER-DOC-OBRA-CIVIL-GRAN-EJE-VERDE-ANTIG-LOTE-I-GUERRELI.pdf\">RA REQUER DOC OBRA CIVIL GRAN EJE VERDE &#8211; ANTIG LOTE I &#8211; GUERRELI<\/a><\/p>\n<p>24\/09\/2024 <a href=\"https:\/\/contratacion.almunecar.es\/wp-content\/uploads\/2024\/08\/PLACSP-COMUNIC-REQUER-DOC-OBRA-CIVIL-GRAN-EJE-VERDE-ANTIG-LOTE-I-GUERRELI.pdf\">PLACSP &#8211; COMUNIC REQUER DOC OBRA CIVIL GRAN EJE VERDE &#8211; ANTIG LOTE I &#8211; GUERRELI<\/a><\/p>\n<p>22\/10\/2024 <a href=\"https:\/\/contratacion.almunecar.es\/wp-content\/uploads\/2024\/08\/RA-ADJUDICACION-OBRA-CIVIL-GRAN-EJE-VERDE-LOTE-I-GUERRELI.pdf\">RA ADJUDICACION OBRA CIVIL GRAN EJE VERDE LOTE I &#8211; GUERRELI<\/a><\/p>\n<p>22\/10\/2024 <a href=\"https:\/\/contratacion.almunecar.es\/wp-content\/uploads\/2024\/08\/PLACSP-ADJUDICACION-EJE-VERDE-LOTE-1-GUERRELI.pdf\">PLACSP &#8211; ADJUDICACI\u00d3N EJE VERDE LOTE 1 &#8211; GUERRELI<\/a><\/p>\n<p>29\/10\/2024 <a href=\"https:\/\/contratacion.almunecar.es\/wp-content\/uploads\/2024\/08\/PLACSP-FORMALIZACION-OBRA-EJE-VERDE-LOTE-1.pdf\">PLACSP &#8211; FORMALIZACI\u00d3N OBRA EJE VERDE LOTE 1<\/a><\/p>\n<p>&nbsp;<\/p>\n<p>&nbsp;<\/p>\n","protected":false},"excerpt":{"rendered":"<p>30\/08\/2024 INFORME DE NECESIDAD EMBELLECIMIENTO GRAN EJE VERDE 30\/08\/2024 MEMORIA JUSTIFICATIVA EJE VERDE 30\/08\/2024 PCAP EMBELLECIMIENTO EJE VERDE 30\/08\/2024 PPTP EMBELLECIMIENTO GRAN EJE VERDE 30\/08\/2024 RA DECLAR DESIERTO E INICIACION DE NUEVO EXPTE LOTE I OBRAS GRAN EJE VERDE 30\/08\/2024 PLACSP &#8211; ANUNCIO DE LICITACI\u00d3N OBRAS GRAN EJE VERDE (ANTIGUO LOTE I) 30\/08\/2024 PLACSP &#8211;&hellip; <br \/> <a class=\"button small blue\" href=\"https:\/\/contratacion.almunecar.es\/?p=8304\">Leer m\u00e1s<\/a><\/p>\n","protected":false},"author":5,"featured_media":0,"comment_status":"closed","ping_status":"closed","sticky":false,"template":"","format":"standard","meta":{"_acf_changed":false,"footnotes":""},"categories":[5,3,7,12,4],"tags":[],"class_list":["post-8304","post","type-post","status-publish","format-standard","hentry","category-adjudicacion_final","category-anuncio","category-formalizacion","category-formalizacion-de-contrato","category-licitacion"],"acf":[],"_links":{"self":[{"href":"https:\/\/contratacion.almunecar.es\/index.php?rest_route=\/wp\/v2\/posts\/8304","targetHints":{"allow":["GET"]}}],"collection":[{"href":"https:\/\/contratacion.almunecar.es\/index.php?rest_route=\/wp\/v2\/posts"}],"about":[{"href":"https:\/\/contratacion.almunecar.es\/index.php?rest_route=\/wp\/v2\/types\/post"}],"author":[{"embeddable":true,"href":"https:\/\/contratacion.almunecar.es\/index.php?rest_route=\/wp\/v2\/users\/5"}],"replies":[{"embeddable":true,"href":"https:\/\/contratacion.almunecar.es\/index.php?rest_route=%2Fwp%2Fv2%2Fcomments&post=8304"}],"version-history":[{"count":7,"href":"https:\/\/contratacion.almunecar.es\/index.php?rest_route=\/wp\/v2\/posts\/8304\/revisions"}],"predecessor-version":[{"id":8476,"href":"https:\/\/contratacion.almunecar.es\/index.php?rest_route=\/wp\/v2\/posts\/8304\/revisions\/8476"}],"wp:attachment":[{"href":"https:\/\/contratacion.almunecar.es\/index.php?rest_route=%2Fwp%2Fv2%2Fmedia&parent=8304"}],"wp:term":[{"taxonomy":"category","embeddable":true,"href":"https:\/\/contratacion.almunecar.es\/index.php?rest_route=%2Fwp%2Fv2%2Fcategories&post=8304"},{"taxonomy":"post_tag","embeddable":true,"href":"https:\/\/contratacion.almunecar.es\/index.php?rest_route=%2Fwp%2Fv2%2Ftags&post=8304"}],"curies":[{"name":"wp","href":"https:\/\/api.w.org\/{rel}","templated":true}]}}