{"id":8295,"date":"2024-08-29T10:51:36","date_gmt":"2024-08-29T08:51:36","guid":{"rendered":"https:\/\/contratacion.almunecar.es\/?p=8295"},"modified":"2024-08-30T08:58:20","modified_gmt":"2024-08-30T06:58:20","slug":"expte-89-2024-gest-7116-2024-contrato-de-suministro-de-diversos-elementos-deportivos-para-dotar-de-areas-recreativas-en-el-parque-del-mediterraneo","status":"publish","type":"post","link":"https:\/\/contratacion.almunecar.es\/?p=8295","title":{"rendered":"EXPTE 89\/2024. GEST. 7116\/2024.  CONTRATO DE SUMINISTRO DE DIVERSOS ELEMENTOS DEPORTIVOS PARA DOTAR DE \u00c1REAS RECREATIVAS EN EL PARQUE DEL MEDITERR\u00c1NEO."},"content":{"rendered":"<p>29\/09\/2024. INFORME DE NECESIDAD. <a href=\"https:\/\/contratacion.almunecar.es\/wp-content\/uploads\/2024\/08\/Informe-de-necesidad-1.pdf\">Informe de necesidad<\/a>.<\/p>\n<p>29\/09\/2024. PROPUESTA DE GASTO. <a href=\"https:\/\/contratacion.almunecar.es\/wp-content\/uploads\/2024\/08\/PROPUESTA-DE-GASTO.pdf\">PROPUESTA DE GASTO<\/a>.<\/p>\n<p>29\/09\/2024. DECLARACI\u00d3N RESPONSABLE DE PERSONAS F\u00cdSICAS .<a href=\"https:\/\/contratacion.almunecar.es\/wp-content\/uploads\/2024\/08\/ANEXO-III-DECLARACION-RESPONSABLE-COMPLEMENTARIA-PARA-PERSONAS-FISICAS.docx\">ANEXO III DECLARACION RESPONSABLE COMPLEMENTARIA PARA PERSONAS F\u00cdSICAS<\/a>.<\/p>\n<p>29\/09\/2024. DECLARACI\u00d3N RESPONSABLE DE PERSONAS JUR\u00cdDICAS.<a href=\"https:\/\/contratacion.almunecar.es\/wp-content\/uploads\/2024\/08\/ANEXO-II-DECLARACION-RESPONSABLE-COMPLEMENTARIA-PARA-PERSONAS-JURIDICAS.docx\">ANEXO II DECLARACION RESPONSABLE COMPLEMENTARIA PARA PERSONAS JUR\u00cdDICAS<\/a>.<\/p>\n<p>29\/09\/2024. MEMORIA SUMINISTRO\u00a0 DE ELEMENTOS DEPORTES\u00a0 EN EL PARQUE MEDITERR\u00c1NEO DE ALMU\u00d1ECAR.<a href=\"https:\/\/contratacion.almunecar.es\/wp-content\/uploads\/2024\/08\/MEMORIA-SUMINISTRO-ELEMENTOS-DEPORTIVOS-EN-PARQUE-EL-MEDITERRANEO.pdf\">MEMORIA SUMINISTRO ELEMENTOS DEPORTIVOS EN PARQUE EL MEDITERR\u00c1NEO<\/a>.<\/p>\n<p>* PARA LA PRESENTACI\u00d3N DE OFERTAS ES NECESARIO PRESENTAR PRESUPUESTOS Y LA DECLARACI\u00d3N RESPONSABLE (PERSONA F\u00cdSICA O JUR\u00cdDICA), A TRAV\u00c9S DE LA SEDE ELECTR\u00d3NICA DEL AYUNTAMIENTO DE ALMU\u00d1ECAR.<\/p>\n<p>&nbsp;<\/p>\n<p>&nbsp;<\/p>\n","protected":false},"excerpt":{"rendered":"<p>29\/09\/2024. INFORME DE NECESIDAD. Informe de necesidad. 29\/09\/2024. PROPUESTA DE GASTO. PROPUESTA DE GASTO. 29\/09\/2024. DECLARACI\u00d3N RESPONSABLE DE PERSONAS F\u00cdSICAS .ANEXO III DECLARACION RESPONSABLE COMPLEMENTARIA PARA PERSONAS F\u00cdSICAS. 29\/09\/2024. DECLARACI\u00d3N RESPONSABLE DE PERSONAS JUR\u00cdDICAS.ANEXO II DECLARACION RESPONSABLE COMPLEMENTARIA PARA PERSONAS JUR\u00cdDICAS. 29\/09\/2024. MEMORIA SUMINISTRO\u00a0 DE ELEMENTOS DEPORTES\u00a0 EN EL PARQUE MEDITERR\u00c1NEO DE ALMU\u00d1ECAR.MEMORIA SUMINISTRO ELEMENTOS&hellip; <br \/> <a class=\"button small blue\" href=\"https:\/\/contratacion.almunecar.es\/?p=8295\">Leer m\u00e1s<\/a><\/p>\n","protected":false},"author":5,"featured_media":0,"comment_status":"closed","ping_status":"closed","sticky":false,"template":"","format":"standard","meta":{"_acf_changed":false,"footnotes":""},"categories":[3,10],"tags":[],"class_list":["post-8295","post","type-post","status-publish","format-standard","hentry","category-anuncio","category-menores"],"acf":[],"_links":{"self":[{"href":"https:\/\/contratacion.almunecar.es\/index.php?rest_route=\/wp\/v2\/posts\/8295","targetHints":{"allow":["GET"]}}],"collection":[{"href":"https:\/\/contratacion.almunecar.es\/index.php?rest_route=\/wp\/v2\/posts"}],"about":[{"href":"https:\/\/contratacion.almunecar.es\/index.php?rest_route=\/wp\/v2\/types\/post"}],"author":[{"embeddable":true,"href":"https:\/\/contratacion.almunecar.es\/index.php?rest_route=\/wp\/v2\/users\/5"}],"replies":[{"embeddable":true,"href":"https:\/\/contratacion.almunecar.es\/index.php?rest_route=%2Fwp%2Fv2%2Fcomments&post=8295"}],"version-history":[{"count":3,"href":"https:\/\/contratacion.almunecar.es\/index.php?rest_route=\/wp\/v2\/posts\/8295\/revisions"}],"predecessor-version":[{"id":8303,"href":"https:\/\/contratacion.almunecar.es\/index.php?rest_route=\/wp\/v2\/posts\/8295\/revisions\/8303"}],"wp:attachment":[{"href":"https:\/\/contratacion.almunecar.es\/index.php?rest_route=%2Fwp%2Fv2%2Fmedia&parent=8295"}],"wp:term":[{"taxonomy":"category","embeddable":true,"href":"https:\/\/contratacion.almunecar.es\/index.php?rest_route=%2Fwp%2Fv2%2Fcategories&post=8295"},{"taxonomy":"post_tag","embeddable":true,"href":"https:\/\/contratacion.almunecar.es\/index.php?rest_route=%2Fwp%2Fv2%2Ftags&post=8295"}],"curies":[{"name":"wp","href":"https:\/\/api.w.org\/{rel}","templated":true}]}}