{"id":8222,"date":"2024-08-01T12:59:37","date_gmt":"2024-08-01T10:59:37","guid":{"rendered":"https:\/\/contratacion.almunecar.es\/?p=8222"},"modified":"2024-10-29T09:28:26","modified_gmt":"2024-10-29T07:28:26","slug":"expediente-78-2024-gest-6608-2024-obras-de-remodelacion-y-embellecimiento-del-gran-eje-verde-en-almunecar-mediante-lotes-financiado-con-fondos-procedentes-del-plan-de-recuperacion-transformacion","status":"publish","type":"post","link":"https:\/\/contratacion.almunecar.es\/?p=8222","title":{"rendered":"EXPEDIENTE 78\/2024 (GEST 6608\/2024): OBRAS DE REMODELACI\u00d3N Y EMBELLECIMIENTO DEL GRAN EJE VERDE EN ALMU\u00d1\u00c9CAR, MEDIANTE LOTES. FINANCIADO CON FONDOS PROCEDENTES DEL PLAN DE RECUPERACI\u00d3N, TRANSFORMACI\u00d3N Y RESILIENCIA. LOTE I: OBRA CIVIL LOTE II: DECORACI\u00d3N."},"content":{"rendered":"<p>01\/08\/2024 <a href=\"https:\/\/contratacion.almunecar.es\/wp-content\/uploads\/2024\/08\/INFORME-DE-NECESIDAD-EMBELLECIMIENTO-GRAN-EJE-VERDE.pdf\">INFORME DE NECESIDAD EMBELLECIMIENTO GRAN EJE VERDE<\/a><\/p>\n<p>01\/08\/2024 <a href=\"https:\/\/contratacion.almunecar.es\/wp-content\/uploads\/2024\/08\/MEMORIA-JUSTIFICATIVA-EJE-VERDE.pdf\">MEMORIA JUSTIFICATIVA EJE VERDE<\/a><\/p>\n<p>01\/08\/2024 <a href=\"https:\/\/contratacion.almunecar.es\/wp-content\/uploads\/2024\/08\/PCAP-EMBELLECIMIENTO-EJE-VERDE-1.pdf\">PCAP EMBELLECIMIENTO EJE VERDE<\/a><\/p>\n<p>01\/08\/2024 <a href=\"https:\/\/contratacion.almunecar.es\/wp-content\/uploads\/2024\/08\/PPTP-EMBELLECIMIENTO-GRAN-EJE-VERDE.pdf\">PPTP EMBELLECIMIENTO GRAN EJE VERDE<\/a><\/p>\n<p>01\/08\/2024 <a href=\"https:\/\/contratacion.almunecar.es\/wp-content\/uploads\/2024\/08\/RA-APROBACION-E-INICIO-EXPTE-OBRAS-EMBELLECIMIENTO-ROTONDAS.pdf\">RA APROBACION E INICIO EXPTE OBRAS EMBELLECIMIENTO ROTONDAS<\/a><\/p>\n<p>01\/08\/2024 <a href=\"https:\/\/contratacion.almunecar.es\/wp-content\/uploads\/2024\/08\/PLACSP-ANUNCIO-DE-LICITACION-EMBELLECIMIENTO-GRAN-EJE-VERDE-1.pdf\">PLACSP &#8211; ANUNCIO DE LICITACI\u00d3N EMBELLECIMIENTO GRAN EJE VERDE<\/a><\/p>\n<p>01\/08\/2024 <a href=\"https:\/\/contratacion.almunecar.es\/wp-content\/uploads\/2024\/08\/PLACSP-DOCUMENTO-DE-PLIEGOS-EMBELLECIMIENTO-GRAN-EJE-VERDE-1.pdf\">PLACSP &#8211; DOCUMENTO DE PLIEGOS EMBELLECIMIENTO GRAN EJE VERDE<\/a><\/p>\n<p>Para m\u00e1s informaci\u00f3n y presentaci\u00f3n de ofertas (A trav\u00e9s de la Herramienta de preparaci\u00f3n y presentaci\u00f3n de Ofertas de la Plataforma de Contrataci\u00f3n del Sector P\u00fablico, hasta el 22-08-2024, 11:00): <a href=\"https:\/\/contrataciondelestado.es\/wps\/poc?uri=deeplink%3Adetalle_licitacion&amp;idEvl=hBNj5GrsXmUQyBAnWzHfCg%3D%3D\">cl\u00edck aqu\u00ed<\/a><\/p>\n<p>23\/08\/2024 <a href=\"https:\/\/contratacion.almunecar.es\/wp-content\/uploads\/2024\/07\/CITACION-MESA-DE-CONTRATACION-2024-08-28.pdf\">CITACION MESA DE CONTRATACION 2024-08-28<\/a><\/p>\n<p>29\/08\/2024 <a href=\"https:\/\/contratacion.almunecar.es\/wp-content\/uploads\/2024\/07\/ACTA-MESA-DE-CONTRATACION-2024-08-28.pdf\">ACTA MESA DE CONTRATACION 2024-08-28<\/a><\/p>\n<p>19\/09\/2024 <a href=\"https:\/\/contratacion.almunecar.es\/wp-content\/uploads\/2024\/08\/ACTA-MESA-DE-CONTRATACION-2024-09-13.pdf\">ACTA MESA DE CONTRATACION 2024-09-13<\/a><\/p>\n<p>24\/09\/2024 <a href=\"https:\/\/contratacion.almunecar.es\/wp-content\/uploads\/2024\/08\/RA-REQUER-DOC-LOTE-II-DECORACION-GRAN-EJE-VERDE-GUERRELI.pdf\">RA REQUER DOC LOTE II DECORACION GRAN EJE VERDE &#8211; GUERRELI<\/a><\/p>\n<p>24\/09\/2024 <a href=\"https:\/\/contratacion.almunecar.es\/wp-content\/uploads\/2024\/08\/PLACSP-COMUNIC-REQUER-DOC-LOTE-II-DECORACION-GRAN-EJE-VERDE-GUERRELI.pdf\">PLACSP &#8211; COMUNIC REQUER DOC LOTE II DECORACION GRAN EJE VERDE &#8211; GUERRELI<\/a><\/p>\n<p>22\/10\/2024 <a href=\"https:\/\/contratacion.almunecar.es\/wp-content\/uploads\/2024\/08\/RA-ADJUDICACION-EJE-VERDE-LOTE-2-GUERRELI.pdf\">RA ADJUDICACION EJE VERDE LOTE 2 &#8211; GUERRELI<\/a><\/p>\n<p>22\/10\/2024 <a href=\"https:\/\/contratacion.almunecar.es\/wp-content\/uploads\/2024\/08\/PLACSP-ADJUDICACION-EJE-VERDE-LOTE-2-GUERRELI.pdf\">PLACSP &#8211; ADJUDICACION EJE VERDE LOTE 2 &#8211; GUERRELI<\/a><\/p>\n<p>29\/10\/2024 <a href=\"https:\/\/contratacion.almunecar.es\/wp-content\/uploads\/2024\/08\/PLACSP-FORMALIZACION-DECORACION-EJE-VERDE-LOTE-2.pdf\">PLACSP &#8211; FORMALIZACI\u00d3N DECORACI\u00d3N EJE VERDE LOTE 2<\/a><\/p>\n<p>&nbsp;<\/p>\n<p>&nbsp;<\/p>\n<p>&nbsp;<\/p>\n<p>&nbsp;<\/p>\n","protected":false},"excerpt":{"rendered":"<p>01\/08\/2024 INFORME DE NECESIDAD EMBELLECIMIENTO GRAN EJE VERDE 01\/08\/2024 MEMORIA JUSTIFICATIVA EJE VERDE 01\/08\/2024 PCAP EMBELLECIMIENTO EJE VERDE 01\/08\/2024 PPTP EMBELLECIMIENTO GRAN EJE VERDE 01\/08\/2024 RA APROBACION E INICIO EXPTE OBRAS EMBELLECIMIENTO ROTONDAS 01\/08\/2024 PLACSP &#8211; ANUNCIO DE LICITACI\u00d3N EMBELLECIMIENTO GRAN EJE VERDE 01\/08\/2024 PLACSP &#8211; DOCUMENTO DE PLIEGOS EMBELLECIMIENTO GRAN EJE VERDE Para m\u00e1s&hellip; <br \/> <a class=\"button small blue\" href=\"https:\/\/contratacion.almunecar.es\/?p=8222\">Leer m\u00e1s<\/a><\/p>\n","protected":false},"author":5,"featured_media":0,"comment_status":"closed","ping_status":"closed","sticky":false,"template":"","format":"standard","meta":{"_acf_changed":false,"footnotes":""},"categories":[5,3,7,12,4],"tags":[],"class_list":["post-8222","post","type-post","status-publish","format-standard","hentry","category-adjudicacion_final","category-anuncio","category-formalizacion","category-formalizacion-de-contrato","category-licitacion"],"acf":[],"_links":{"self":[{"href":"https:\/\/contratacion.almunecar.es\/index.php?rest_route=\/wp\/v2\/posts\/8222","targetHints":{"allow":["GET"]}}],"collection":[{"href":"https:\/\/contratacion.almunecar.es\/index.php?rest_route=\/wp\/v2\/posts"}],"about":[{"href":"https:\/\/contratacion.almunecar.es\/index.php?rest_route=\/wp\/v2\/types\/post"}],"author":[{"embeddable":true,"href":"https:\/\/contratacion.almunecar.es\/index.php?rest_route=\/wp\/v2\/users\/5"}],"replies":[{"embeddable":true,"href":"https:\/\/contratacion.almunecar.es\/index.php?rest_route=%2Fwp%2Fv2%2Fcomments&post=8222"}],"version-history":[{"count":11,"href":"https:\/\/contratacion.almunecar.es\/index.php?rest_route=\/wp\/v2\/posts\/8222\/revisions"}],"predecessor-version":[{"id":8474,"href":"https:\/\/contratacion.almunecar.es\/index.php?rest_route=\/wp\/v2\/posts\/8222\/revisions\/8474"}],"wp:attachment":[{"href":"https:\/\/contratacion.almunecar.es\/index.php?rest_route=%2Fwp%2Fv2%2Fmedia&parent=8222"}],"wp:term":[{"taxonomy":"category","embeddable":true,"href":"https:\/\/contratacion.almunecar.es\/index.php?rest_route=%2Fwp%2Fv2%2Fcategories&post=8222"},{"taxonomy":"post_tag","embeddable":true,"href":"https:\/\/contratacion.almunecar.es\/index.php?rest_route=%2Fwp%2Fv2%2Ftags&post=8222"}],"curies":[{"name":"wp","href":"https:\/\/api.w.org\/{rel}","templated":true}]}}