{"id":8186,"date":"2024-07-31T12:39:13","date_gmt":"2024-07-31T10:39:13","guid":{"rendered":"https:\/\/contratacion.almunecar.es\/?p=8186"},"modified":"2024-08-29T08:22:54","modified_gmt":"2024-08-29T06:22:54","slug":"expediente-29c-2024-gest-2222-2024-concesion-administrativa-demanial-para-la-explotacion-mediante-actividades-de-hosteleria-y-restauracion-del-local-no6-sito-en-los-bajos-del-paseo-del-altillo-de-a","status":"publish","type":"post","link":"https:\/\/contratacion.almunecar.es\/?p=8186","title":{"rendered":"Expediente 29C\/2024 (Gest 2222\/2024). Concesi\u00f3n administrativa demanial para la explotaci\u00f3n mediante actividades de hosteler\u00eda y restauraci\u00f3n del local N\u00ba6 sito en los bajos del Paseo del Altillo de Almu\u00f1\u00e9car (antigua \u00abLa Bodeguita del Mar\u00bb)."},"content":{"rendered":"<p>31\/07\/2024 <a href=\"https:\/\/contratacion.almunecar.es\/wp-content\/uploads\/2024\/07\/ESTUDIO-DE-VALORACION-CONCESION-LOCAL-BODEGUITA-DEL-MAR.pdf\">ESTUDIO DE VALORACION CONCESION LOCAL BODEGUITA DEL MAR<\/a><\/p>\n<p>31\/07\/2024 <a href=\"https:\/\/contratacion.almunecar.es\/wp-content\/uploads\/2024\/07\/INFORME-NECESIDAD-E-IDONEIDAD-CONCESION-DEMANIAL-LOCAL-6-BAJOS-DEL-ALTILLO.pdf\">INFORME NECESIDAD E IDONEIDAD CONCESION DEMANIAL LOCAL 6 BAJOS DEL ALTILLO<\/a><\/p>\n<p>31\/07\/2024 <a href=\"https:\/\/contratacion.almunecar.es\/wp-content\/uploads\/2024\/07\/PLIEGO-DE-CONDICIONES-JURIDICO-ECONOMICO-ADMINISTRATIVAS-Y-TECNICAS-LOCA-6-BAJOS-ALTILLO-BODEGUITA-DEL-MAR.pdf\">PLIEGO DE CONDICIONES JURIDICO ECONOMICO ADMINISTRATIVAS Y TECNICAS LOCA 6 BAJOS ALTILLO &#8211; BODEGUITA DEL MAR<\/a><\/p>\n<p>31\/07\/2024 <a href=\"https:\/\/contratacion.almunecar.es\/wp-content\/uploads\/2024\/07\/RA-APROBACION-E-INICIO-EXPTE-CONCESION-ALTILLO-BODEGUITA.pdf\">RA APROBACION E INICIO EXPTE CONCESION ALTILLO &#8211; BODEGUITA<\/a><\/p>\n<p>31\/07\/2024 <a href=\"https:\/\/contratacion.almunecar.es\/wp-content\/uploads\/2024\/07\/PLACSP-ANUNCIO-LICITACION-CONCESION-LOCAL-ALTILLO-BODEGUITA.pdf\">PLACSP &#8211; ANUNCIO LICITACI\u00d3N CONCESI\u00d3N LOCAL ALTILLO &#8211; BODEGUITA<\/a><\/p>\n<p>31\/07\/2024 <a href=\"https:\/\/contratacion.almunecar.es\/wp-content\/uploads\/2024\/07\/PLACSP-DOCUMENTO-PLIEGOS-CONCESION-LOCAL-ALTILLO-BODEGUITA.pdf\">PLACSP &#8211; DOCUMENTO PLIEGOS CONCESI\u00d3N LOCAL ALTILLO &#8211; BODEGUITA<\/a><\/p>\n<p>Para m\u00e1s informaci\u00f3n y presentaci\u00f3n de ofertas: <a href=\"https:\/\/contrataciondelestado.es\/wps\/poc?uri=deeplink%3Adetalle_licitacion&amp;idEvl=TNAS8hkDmtFxseVhcqrkhw%3D%3D\">click aqu\u00ed<\/a><\/p>\n<p>Las ofertas podr\u00e1n presentarse hasta el d\u00eda 16\/08\/2024, a las 11:00 horas.<\/p>\n<p>23\/08\/2024 <a href=\"https:\/\/contratacion.almunecar.es\/wp-content\/uploads\/2024\/07\/CITACION-MESA-DE-CONTRATACION-2024-08-28.pdf\">CITACION MESA DE CONTRATACION 2024-08-28<\/a><\/p>\n<p>29\/08\/2024 <a href=\"https:\/\/contratacion.almunecar.es\/wp-content\/uploads\/2024\/07\/ACTA-MESA-DE-CONTRATACION-2024-08-28.pdf\">ACTA MESA DE CONTRATACION 2024-08-28<\/a><\/p>\n<p>&nbsp;<\/p>\n<p>&nbsp;<\/p>\n","protected":false},"excerpt":{"rendered":"<p>31\/07\/2024 ESTUDIO DE VALORACION CONCESION LOCAL BODEGUITA DEL MAR 31\/07\/2024 INFORME NECESIDAD E IDONEIDAD CONCESION DEMANIAL LOCAL 6 BAJOS DEL ALTILLO 31\/07\/2024 PLIEGO DE CONDICIONES JURIDICO ECONOMICO ADMINISTRATIVAS Y TECNICAS LOCA 6 BAJOS ALTILLO &#8211; BODEGUITA DEL MAR 31\/07\/2024 RA APROBACION E INICIO EXPTE CONCESION ALTILLO &#8211; BODEGUITA 31\/07\/2024 PLACSP &#8211; ANUNCIO LICITACI\u00d3N CONCESI\u00d3N LOCAL&hellip; <br \/> <a class=\"button small blue\" href=\"https:\/\/contratacion.almunecar.es\/?p=8186\">Leer m\u00e1s<\/a><\/p>\n","protected":false},"author":5,"featured_media":0,"comment_status":"closed","ping_status":"closed","sticky":false,"template":"","format":"standard","meta":{"_acf_changed":false,"footnotes":""},"categories":[3,4],"tags":[],"class_list":["post-8186","post","type-post","status-publish","format-standard","hentry","category-anuncio","category-licitacion"],"acf":[],"_links":{"self":[{"href":"https:\/\/contratacion.almunecar.es\/index.php?rest_route=\/wp\/v2\/posts\/8186","targetHints":{"allow":["GET"]}}],"collection":[{"href":"https:\/\/contratacion.almunecar.es\/index.php?rest_route=\/wp\/v2\/posts"}],"about":[{"href":"https:\/\/contratacion.almunecar.es\/index.php?rest_route=\/wp\/v2\/types\/post"}],"author":[{"embeddable":true,"href":"https:\/\/contratacion.almunecar.es\/index.php?rest_route=\/wp\/v2\/users\/5"}],"replies":[{"embeddable":true,"href":"https:\/\/contratacion.almunecar.es\/index.php?rest_route=%2Fwp%2Fv2%2Fcomments&post=8186"}],"version-history":[{"count":3,"href":"https:\/\/contratacion.almunecar.es\/index.php?rest_route=\/wp\/v2\/posts\/8186\/revisions"}],"predecessor-version":[{"id":8290,"href":"https:\/\/contratacion.almunecar.es\/index.php?rest_route=\/wp\/v2\/posts\/8186\/revisions\/8290"}],"wp:attachment":[{"href":"https:\/\/contratacion.almunecar.es\/index.php?rest_route=%2Fwp%2Fv2%2Fmedia&parent=8186"}],"wp:term":[{"taxonomy":"category","embeddable":true,"href":"https:\/\/contratacion.almunecar.es\/index.php?rest_route=%2Fwp%2Fv2%2Fcategories&post=8186"},{"taxonomy":"post_tag","embeddable":true,"href":"https:\/\/contratacion.almunecar.es\/index.php?rest_route=%2Fwp%2Fv2%2Ftags&post=8186"}],"curies":[{"name":"wp","href":"https:\/\/api.w.org\/{rel}","templated":true}]}}