{"id":8134,"date":"2024-07-16T12:52:02","date_gmt":"2024-07-16T10:52:02","guid":{"rendered":"https:\/\/contratacion.almunecar.es\/?p=8134"},"modified":"2024-09-11T12:27:04","modified_gmt":"2024-09-11T10:27:04","slug":"expediente-70-2024-gest-5658-2024-suministro-mediante-la-modalidad-de-renting-de-tres-vehiculos-para-cubrir-las-necesidades-de-transporte-de-la-corporacion-del-ayuntamiento-de-almunecar-y-del-tra","status":"publish","type":"post","link":"https:\/\/contratacion.almunecar.es\/?p=8134","title":{"rendered":"Expediente 70\/2024 (GEST 5658\/2024). Suministro mediante la modalidad de renting de TRES veh\u00edculos, para cubrir las necesidades de transporte de la Corporaci\u00f3n del Ayuntamiento de Almu\u00f1\u00e9car, y del transporte del personal asignado al \u00e1rea de Medio Rural del Ayuntamiento de Almu\u00f1\u00e9car, mediante 2 Lotes."},"content":{"rendered":"<p>16\/07\/2024 <a href=\"https:\/\/contratacion.almunecar.es\/wp-content\/uploads\/2024\/07\/Informe-de-necesidad.pdf\">Informe de necesidad<\/a><\/p>\n<p>16\/07\/2024 <a href=\"https:\/\/contratacion.almunecar.es\/wp-content\/uploads\/2024\/07\/MEMORIA-JUSTIFICATIVA.pdf\">MEMORIA JUSTIFICATIVA<\/a><\/p>\n<p>16\/07\/2024 <a href=\"https:\/\/contratacion.almunecar.es\/wp-content\/uploads\/2024\/07\/Pliego-tecnico-renting-vehiculos-para-medio-rural.pdf\">Pliego tecnico renting vehiculos para medio rural<\/a><\/p>\n<p>16\/07\/2024 <a href=\"https:\/\/contratacion.almunecar.es\/wp-content\/uploads\/2024\/07\/PLIEGO-ADMINISTRATIVO-SUMINISTRO-VEHICULOS.pdf\">PLIEGO ADMINISTRATIVO SUMINISTRO VEHICULOS<\/a><\/p>\n<p>16\/07\/2024 <a href=\"https:\/\/contratacion.almunecar.es\/wp-content\/uploads\/2024\/07\/RA-APROBACION-E-INICIO-EXPTE-RENTING-3-VEHICULOS.pdf\">RA APROBACION E INICIO EXPTE RENTING 3 VEHICULOS<\/a><\/p>\n<p>16\/07\/2024 <a href=\"https:\/\/contratacion.almunecar.es\/wp-content\/uploads\/2024\/07\/PLACSP-ANUNCIO-LICITACION-RENTING-3-VEHICULOS.pdf\">PLACSP &#8211; ANUNCIO LICITACI\u00d3N RENTING 3 VEH\u00cdCULOS<\/a><\/p>\n<p>16\/07\/2024 <a href=\"https:\/\/contratacion.almunecar.es\/wp-content\/uploads\/2024\/07\/PLACSP-DOCUMENTO-PLIEGOS-RENTING-3-VEHICULOS.pdf\">PLACSP &#8211; DOCUMENTO PLIEGOS RENTING 3 VEH\u00cdCULOS<\/a><\/p>\n<p>Para m\u00e1s informaci\u00f3n y presentaci\u00f3n de ofertas: <a href=\"https:\/\/contrataciondelestado.es\/wps\/poc?uri=deeplink:detalle_licitacion&amp;idEvl=JIJ%2FHGadE15PpzdqOdhuWg%3D%3D\">click aqu\u00ed<\/a><\/p>\n<p>Las ofertas podr\u00e1n presentarse hasta el d\u00eda 01\/08\/2024, a las 11:00 horas<\/p>\n<p>31\/07\/2024\u00a0<a href=\"https:\/\/contratacion.almunecar.es\/wp-content\/uploads\/2024\/07\/CITACION-MESA-DE-CONTRATACION-2024-08-05.pdf\">CITACION MESA DE CONTRATACION 2024-08-05<\/a><\/p>\n<p>05\/08\/2024 <a href=\"https:\/\/contratacion.almunecar.es\/wp-content\/uploads\/2024\/07\/ACTA-MESA-DE-CONTRATACION-2024-08-05.pdf\">ACTA MESA DE CONTRATACION 2024-08-05<\/a><\/p>\n<p>11\/09\/2024 <a href=\"https:\/\/contratacion.almunecar.es\/wp-content\/uploads\/2024\/07\/RA-DECLAR-DESIERTO-E-INICIACION-NUEVO-EXPTE-RENTING-3-VEHICULOS.pdf\">RA DECLAR DESIERTO E INICIACION NUEVO EXPTE RENTING 3 VEHICULOS<\/a><\/p>\n<p>&nbsp;<\/p>\n","protected":false},"excerpt":{"rendered":"<p>16\/07\/2024 Informe de necesidad 16\/07\/2024 MEMORIA JUSTIFICATIVA 16\/07\/2024 Pliego tecnico renting vehiculos para medio rural 16\/07\/2024 PLIEGO ADMINISTRATIVO SUMINISTRO VEHICULOS 16\/07\/2024 RA APROBACION E INICIO EXPTE RENTING 3 VEHICULOS 16\/07\/2024 PLACSP &#8211; ANUNCIO LICITACI\u00d3N RENTING 3 VEH\u00cdCULOS 16\/07\/2024 PLACSP &#8211; DOCUMENTO PLIEGOS RENTING 3 VEH\u00cdCULOS Para m\u00e1s informaci\u00f3n y presentaci\u00f3n de ofertas: click aqu\u00ed Las&hellip; <br \/> <a class=\"button small blue\" href=\"https:\/\/contratacion.almunecar.es\/?p=8134\">Leer m\u00e1s<\/a><\/p>\n","protected":false},"author":5,"featured_media":0,"comment_status":"closed","ping_status":"closed","sticky":false,"template":"","format":"standard","meta":{"_acf_changed":false,"footnotes":""},"categories":[3,11,14,4],"tags":[],"class_list":["post-8134","post","type-post","status-publish","format-standard","hentry","category-anuncio","category-declaracion-desierto","category-desierto","category-licitacion"],"acf":[],"_links":{"self":[{"href":"https:\/\/contratacion.almunecar.es\/index.php?rest_route=\/wp\/v2\/posts\/8134","targetHints":{"allow":["GET"]}}],"collection":[{"href":"https:\/\/contratacion.almunecar.es\/index.php?rest_route=\/wp\/v2\/posts"}],"about":[{"href":"https:\/\/contratacion.almunecar.es\/index.php?rest_route=\/wp\/v2\/types\/post"}],"author":[{"embeddable":true,"href":"https:\/\/contratacion.almunecar.es\/index.php?rest_route=\/wp\/v2\/users\/5"}],"replies":[{"embeddable":true,"href":"https:\/\/contratacion.almunecar.es\/index.php?rest_route=%2Fwp%2Fv2%2Fcomments&post=8134"}],"version-history":[{"count":6,"href":"https:\/\/contratacion.almunecar.es\/index.php?rest_route=\/wp\/v2\/posts\/8134\/revisions"}],"predecessor-version":[{"id":8347,"href":"https:\/\/contratacion.almunecar.es\/index.php?rest_route=\/wp\/v2\/posts\/8134\/revisions\/8347"}],"wp:attachment":[{"href":"https:\/\/contratacion.almunecar.es\/index.php?rest_route=%2Fwp%2Fv2%2Fmedia&parent=8134"}],"wp:term":[{"taxonomy":"category","embeddable":true,"href":"https:\/\/contratacion.almunecar.es\/index.php?rest_route=%2Fwp%2Fv2%2Fcategories&post=8134"},{"taxonomy":"post_tag","embeddable":true,"href":"https:\/\/contratacion.almunecar.es\/index.php?rest_route=%2Fwp%2Fv2%2Ftags&post=8134"}],"curies":[{"name":"wp","href":"https:\/\/api.w.org\/{rel}","templated":true}]}}