{"id":8125,"date":"2024-07-16T12:34:41","date_gmt":"2024-07-16T10:34:41","guid":{"rendered":"https:\/\/contratacion.almunecar.es\/?p=8125"},"modified":"2024-08-08T08:41:16","modified_gmt":"2024-08-08T06:41:16","slug":"exptediente-76-2024-gestiona-6141-2024-actuaciones-musicales-con-motivo-de-la-celebracion-de-las-fiestas-patronales-de-la-virgen-de-la-antigua-en-agosto-de-2024-en-almunecar","status":"publish","type":"post","link":"https:\/\/contratacion.almunecar.es\/?p=8125","title":{"rendered":"Exptediente 76\/2024 (Gestiona 6141\/2024). Actuaciones musicales con motivo de la celebraci\u00f3n de las Fiestas Patronales de La Virgen de la Antigua en agosto de 2024, en Almu\u00f1\u00e9car."},"content":{"rendered":"<p>16\/07\/2024 <a href=\"https:\/\/contratacion.almunecar.es\/wp-content\/uploads\/2024\/07\/INFORME-DE-NECESIDAD-DEL-SERVICIO-Y-AUSENCIA-DE-MEDIOS-PROPIOS.pdf\">INFORME DE NECESIDAD DEL SERVICIO Y AUSENCIA DE MEDIOS PROPIOS<\/a><\/p>\n<p>16\/07\/2024 <a href=\"https:\/\/contratacion.almunecar.es\/wp-content\/uploads\/2024\/07\/INFORME-NO-DIVISION-LOTES-ESPECTACULO-MUSICAL-AGOSTO-2024.pdf\">INFORME NO DIVISION LOTES ESPECTACULO MUSICAL AGOSTO 2024<\/a><\/p>\n<p>16\/07\/2024 <a href=\"https:\/\/contratacion.almunecar.es\/wp-content\/uploads\/2024\/07\/PPTP-ESPECTACULO-MUSICAL-FIESTAS-DE-AGOSTO-2024.pdf\">PPTP ESPECTACULO MUSICAL FIESTAS DE AGOSTO 2024<\/a><\/p>\n<p>16\/07\/2024 <a href=\"https:\/\/contratacion.almunecar.es\/wp-content\/uploads\/2024\/07\/PLIEGO-ADMINISTRATIVO-ESPECTACULO-MUSICAL-FIESTAS-AGOSTO.pdf\">PLIEGO ADMINISTRATIVO ESPECTACULO MUSICAL FIESTAS AGOSTO<\/a><\/p>\n<p>16\/07\/2024 <a href=\"https:\/\/contratacion.almunecar.es\/wp-content\/uploads\/2024\/07\/RA-APROBACION-E-INICIO-EXPTE-ESPECTACULOS-MUSICALES-FIESTAS-PATRONALES-2024.pdf\">RA APROBACION E INICIO EXPTE ESPECTACULOS MUSICALES FIESTAS PATRONALES 2024<\/a><\/p>\n<p>16\/07\/2024 <a href=\"https:\/\/contratacion.almunecar.es\/wp-content\/uploads\/2024\/07\/PLACSP-ANUNCIO-LICITACION-ESPECTACULOS-FIESTAS-AGOSTO-2024.pdf\">PLACSP &#8211; ANUNCIO LICITACI\u00d3N ESPECT\u00c1CULOS FIESTAS AGOSTO 2024<\/a><\/p>\n<p>16\/07\/2024 <a href=\"https:\/\/contratacion.almunecar.es\/wp-content\/uploads\/2024\/07\/PLACSP-DOCUMENTO-PLIEGOS-ESPECTACULOS-FIESTAS-AGOSTO-2024.pdf\">PLACSP &#8211; DOCUMENTO PLIEGOS ESPECT\u00c1CULOS FIESTAS AGOSTO 2024<\/a><\/p>\n<p>Para m\u00e1s informaci\u00f3n y presentaci\u00f3n de ofertas: <a href=\"https:\/\/contrataciondelestado.es\/wps\/poc?uri=deeplink:detalle_licitacion&amp;idEvl=n0PVwIomBcizz8fXU2i3eQ%3D%3D\">click aqu\u00ed<\/a><\/p>\n<p>Las ofertas podr\u00e1n presentarse hasta el d\u00eda 29\/07\/2024, a las 11:00 horas.<\/p>\n<p>17\/07\/2024 <a href=\"https:\/\/contratacion.almunecar.es\/wp-content\/uploads\/2024\/07\/INVITACION-VICO-MANAGEMENT.pdf\">INVITACION VICO MANAGEMENT<\/a><\/p>\n<p>05\/08\/2024 <a href=\"https:\/\/contratacion.almunecar.es\/wp-content\/uploads\/2024\/07\/RA-ADJUDICACION-ESPECTACULOS-MUSICALES-FIESTAS-2024.pdf\">RA ADJUDICACION ESPECTACULOS MUSICALES FIESTAS 2024<\/a><\/p>\n<p>05\/08\/2024 <a href=\"https:\/\/contratacion.almunecar.es\/wp-content\/uploads\/2024\/07\/PLACSP-ADJUDICACION-ESPECTACULOS-MUSICALES-FIESTAS-2024.pdf\">PLACSP &#8211; ADJUDICACI\u00d3N ESPECT\u00c1CULOS MUSICALES FIESTAS 2024<\/a><\/p>\n<p>08\/08\/2024 <a href=\"https:\/\/contratacion.almunecar.es\/wp-content\/uploads\/2024\/07\/PLACSP-FORMALIZACION-CONTRATO-ACT.-MUSICALES-FIESTAS-2024.pdf\">PLACSP &#8211; FORMALIZACI\u00d3N CONTRATO ACT. MUSICALES FIESTAS 2024<\/a><\/p>\n","protected":false},"excerpt":{"rendered":"<p>16\/07\/2024 INFORME DE NECESIDAD DEL SERVICIO Y AUSENCIA DE MEDIOS PROPIOS 16\/07\/2024 INFORME NO DIVISION LOTES ESPECTACULO MUSICAL AGOSTO 2024 16\/07\/2024 PPTP ESPECTACULO MUSICAL FIESTAS DE AGOSTO 2024 16\/07\/2024 PLIEGO ADMINISTRATIVO ESPECTACULO MUSICAL FIESTAS AGOSTO 16\/07\/2024 RA APROBACION E INICIO EXPTE ESPECTACULOS MUSICALES FIESTAS PATRONALES 2024 16\/07\/2024 PLACSP &#8211; ANUNCIO LICITACI\u00d3N ESPECT\u00c1CULOS FIESTAS AGOSTO 2024&hellip; <br \/> <a class=\"button small blue\" href=\"https:\/\/contratacion.almunecar.es\/?p=8125\">Leer m\u00e1s<\/a><\/p>\n","protected":false},"author":5,"featured_media":0,"comment_status":"closed","ping_status":"closed","sticky":false,"template":"","format":"standard","meta":{"_acf_changed":false,"footnotes":""},"categories":[5,3,7,12,4],"tags":[],"class_list":["post-8125","post","type-post","status-publish","format-standard","hentry","category-adjudicacion_final","category-anuncio","category-formalizacion","category-formalizacion-de-contrato","category-licitacion"],"acf":[],"_links":{"self":[{"href":"https:\/\/contratacion.almunecar.es\/index.php?rest_route=\/wp\/v2\/posts\/8125","targetHints":{"allow":["GET"]}}],"collection":[{"href":"https:\/\/contratacion.almunecar.es\/index.php?rest_route=\/wp\/v2\/posts"}],"about":[{"href":"https:\/\/contratacion.almunecar.es\/index.php?rest_route=\/wp\/v2\/types\/post"}],"author":[{"embeddable":true,"href":"https:\/\/contratacion.almunecar.es\/index.php?rest_route=\/wp\/v2\/users\/5"}],"replies":[{"embeddable":true,"href":"https:\/\/contratacion.almunecar.es\/index.php?rest_route=%2Fwp%2Fv2%2Fcomments&post=8125"}],"version-history":[{"count":4,"href":"https:\/\/contratacion.almunecar.es\/index.php?rest_route=\/wp\/v2\/posts\/8125\/revisions"}],"predecessor-version":[{"id":8256,"href":"https:\/\/contratacion.almunecar.es\/index.php?rest_route=\/wp\/v2\/posts\/8125\/revisions\/8256"}],"wp:attachment":[{"href":"https:\/\/contratacion.almunecar.es\/index.php?rest_route=%2Fwp%2Fv2%2Fmedia&parent=8125"}],"wp:term":[{"taxonomy":"category","embeddable":true,"href":"https:\/\/contratacion.almunecar.es\/index.php?rest_route=%2Fwp%2Fv2%2Fcategories&post=8125"},{"taxonomy":"post_tag","embeddable":true,"href":"https:\/\/contratacion.almunecar.es\/index.php?rest_route=%2Fwp%2Fv2%2Ftags&post=8125"}],"curies":[{"name":"wp","href":"https:\/\/api.w.org\/{rel}","templated":true}]}}