{"id":8115,"date":"2024-07-16T09:34:18","date_gmt":"2024-07-16T07:34:18","guid":{"rendered":"https:\/\/contratacion.almunecar.es\/?p=8115"},"modified":"2024-08-12T10:40:53","modified_gmt":"2024-08-12T08:40:53","slug":"expediente-68-2024-gestiona-5523-2024-rehabilitacion-modernizacion-y-reparacion-del-polideportivo-situado-en-la-carrera-de-almunecar","status":"publish","type":"post","link":"https:\/\/contratacion.almunecar.es\/?p=8115","title":{"rendered":"Expediente 68\/2024 (Gestiona 5523\/2024). Rehabilitaci\u00f3n, modernizaci\u00f3n y reparaci\u00f3n del polideportivo situado en \u00abLa Carrera\u00bb de Almu\u00f1\u00e9car."},"content":{"rendered":"<p>16\/07\/2024 <a href=\"https:\/\/contratacion.almunecar.es\/wp-content\/uploads\/2024\/07\/Informe-de-necesidad-y-No-division-en-lotes-Polideportivo-La-Carrera.pdf\">Informe de necesidad y No division en lotes Polideportivo La Carrera<\/a><\/p>\n<p>16\/07\/2024 <a href=\"https:\/\/contratacion.almunecar.es\/wp-content\/uploads\/2024\/07\/ESTUDIO-BASICO-SEGURIDAD-Y-SALUD-POLIDEPORTIVO-LA-CARRERA.pdf\">ESTUDIO BASICO SEGURIDAD Y SALUD POLIDEPORTIVO LA CARRERA<\/a><\/p>\n<p>16\/07\/2024 <a href=\"https:\/\/contratacion.almunecar.es\/wp-content\/uploads\/2024\/07\/MEMORIA-JUSTIFICATIVA-OBRAS-PISTA-LA-CARRERA.pdf\">MEMORIA JUSTIFICATIVA OBRAS PISTA LA CARRERA<\/a><\/p>\n<p>16\/07\/2024 <a href=\"https:\/\/contratacion.almunecar.es\/wp-content\/uploads\/2024\/07\/PCAP-OBRAS-PISTAS-DEPORTIVA-LA-CARRERA.pdf\">PCAP OBRAS PISTAS DEPORTIVA LA CARRERA<\/a><\/p>\n<p>16\/07\/2024 <a href=\"https:\/\/contratacion.almunecar.es\/wp-content\/uploads\/2024\/07\/PPTP-REHABILITACION-POLIDEPORTIVO-LA-CARRERA.pdf\">PPTP REHABILITACION POLIDEPORTIVO LA CARRERA<\/a><\/p>\n<p>16\/07\/2024 <a href=\"https:\/\/contratacion.almunecar.es\/wp-content\/uploads\/2024\/07\/RA-APROBACION-E-INICIO-EXPTE-OBRAS-PISTA-LA-CARRERA.pdf\">RA APROBACION E INICIO EXPTE OBRAS PISTA LA CARRERA<\/a><\/p>\n<p>16\/07\/2024 <a href=\"https:\/\/contratacion.almunecar.es\/wp-content\/uploads\/2024\/07\/PLACSP-ANUNCIO-LICITACION-REFORMA-PISTA-LA-CARRERA.pdf\">PLACSP &#8211; ANUNCIO LICITACI\u00d3N REFORMA PISTA LA CARRERA<\/a><\/p>\n<p>16\/07\/2024 <a href=\"https:\/\/contratacion.almunecar.es\/wp-content\/uploads\/2024\/07\/PLACSP-DOCUMENTO-PLIEGOS-REFORMA-PISTA-LA-CARRERA.pdf\">PLACSP &#8211; DOCUMENTO PLIEGOS REFORMA PISTA LA CARRERA<\/a><\/p>\n<p>Para m\u00e1s informaci\u00f3n y presentaci\u00f3n de ofertas: <a href=\"https:\/\/contrataciondelestado.es\/wps\/poc?uri=deeplink:detalle_licitacion&amp;idEvl=WGH3piejxEUS7pcxhTeWOg%3D%3D\">click aqu\u00ed<\/a><\/p>\n<p>Las ofertas podr\u00e1n presentarse hasta el d\u00eda 31\/07\/2024 a las 11:00 horas.<\/p>\n<p>31\/07\/2024 <a href=\"https:\/\/contratacion.almunecar.es\/wp-content\/uploads\/2024\/07\/CITACION-MESA-DE-CONTRATACION-2024-08-05.pdf\">CITACION MESA DE CONTRATACION 2024-08-05<\/a><\/p>\n<p>05\/08\/2024 <a href=\"https:\/\/contratacion.almunecar.es\/wp-content\/uploads\/2024\/07\/ACTA-MESA-DE-CONTRATACION-2024-08-05.pdf\">ACTA MESA DE CONTRATACION 2024-08-05<\/a><\/p>\n<p>08\/08\/2024 <a href=\"https:\/\/contratacion.almunecar.es\/wp-content\/uploads\/2024\/07\/RA-ADJUDICACION-OBRAS-POLIDEPORTIVO-LA-CARRERA.pdf\">RA ADJUDICACION OBRAS POLIDEPORTIVO LA CARRERA<\/a><\/p>\n<p>08\/08\/2024 <a href=\"https:\/\/contratacion.almunecar.es\/wp-content\/uploads\/2024\/07\/PLACSP-ADJUDICACION-OBRAS-POLIDEPORTIVO-LA-CARRERA.pdf\">PLACSP &#8211; ADJUDICACION OBRAS POLIDEPORTIVO LA CARRERA<\/a><\/p>\n<p>12\/08\/2024 <a href=\"https:\/\/contratacion.almunecar.es\/wp-content\/uploads\/2024\/07\/PLACSP-FORMALIZACION-CONTRATO-REFORMA-POLID-LA-CARRERA.pdf\">PLACSP &#8211; FORMALIZACI\u00d3N CONTRATO REFORMA POLID LA CARRERA<\/a><\/p>\n<p>&nbsp;<\/p>\n","protected":false},"excerpt":{"rendered":"<p>16\/07\/2024 Informe de necesidad y No division en lotes Polideportivo La Carrera 16\/07\/2024 ESTUDIO BASICO SEGURIDAD Y SALUD POLIDEPORTIVO LA CARRERA 16\/07\/2024 MEMORIA JUSTIFICATIVA OBRAS PISTA LA CARRERA 16\/07\/2024 PCAP OBRAS PISTAS DEPORTIVA LA CARRERA 16\/07\/2024 PPTP REHABILITACION POLIDEPORTIVO LA CARRERA 16\/07\/2024 RA APROBACION E INICIO EXPTE OBRAS PISTA LA CARRERA 16\/07\/2024 PLACSP &#8211; ANUNCIO&hellip; <br \/> <a class=\"button small blue\" href=\"https:\/\/contratacion.almunecar.es\/?p=8115\">Leer m\u00e1s<\/a><\/p>\n","protected":false},"author":5,"featured_media":0,"comment_status":"closed","ping_status":"closed","sticky":false,"template":"","format":"standard","meta":{"_acf_changed":false,"footnotes":""},"categories":[5,3,7,12,4],"tags":[],"class_list":["post-8115","post","type-post","status-publish","format-standard","hentry","category-adjudicacion_final","category-anuncio","category-formalizacion","category-formalizacion-de-contrato","category-licitacion"],"acf":[],"_links":{"self":[{"href":"https:\/\/contratacion.almunecar.es\/index.php?rest_route=\/wp\/v2\/posts\/8115","targetHints":{"allow":["GET"]}}],"collection":[{"href":"https:\/\/contratacion.almunecar.es\/index.php?rest_route=\/wp\/v2\/posts"}],"about":[{"href":"https:\/\/contratacion.almunecar.es\/index.php?rest_route=\/wp\/v2\/types\/post"}],"author":[{"embeddable":true,"href":"https:\/\/contratacion.almunecar.es\/index.php?rest_route=\/wp\/v2\/users\/5"}],"replies":[{"embeddable":true,"href":"https:\/\/contratacion.almunecar.es\/index.php?rest_route=%2Fwp%2Fv2%2Fcomments&post=8115"}],"version-history":[{"count":6,"href":"https:\/\/contratacion.almunecar.es\/index.php?rest_route=\/wp\/v2\/posts\/8115\/revisions"}],"predecessor-version":[{"id":8271,"href":"https:\/\/contratacion.almunecar.es\/index.php?rest_route=\/wp\/v2\/posts\/8115\/revisions\/8271"}],"wp:attachment":[{"href":"https:\/\/contratacion.almunecar.es\/index.php?rest_route=%2Fwp%2Fv2%2Fmedia&parent=8115"}],"wp:term":[{"taxonomy":"category","embeddable":true,"href":"https:\/\/contratacion.almunecar.es\/index.php?rest_route=%2Fwp%2Fv2%2Fcategories&post=8115"},{"taxonomy":"post_tag","embeddable":true,"href":"https:\/\/contratacion.almunecar.es\/index.php?rest_route=%2Fwp%2Fv2%2Ftags&post=8115"}],"curies":[{"name":"wp","href":"https:\/\/api.w.org\/{rel}","templated":true}]}}